{"id":139882,"date":"2026-01-17T10:33:17","date_gmt":"2026-01-17T10:33:17","guid":{"rendered":"https:\/\/www.europesays.com\/no\/139882\/"},"modified":"2026-01-17T10:33:17","modified_gmt":"2026-01-17T10:33:17","slug":"donald-trump-maling-dalende-stotte-til-trump-i-norge","status":"publish","type":"post","link":"https:\/\/www.europesays.com\/no\/139882\/","title":{"rendered":"Donald Trump, M\u00e5ling | Dalende st\u00f8tte til Trump i Norge"},"content":{"rendered":"\n<p>St\u00f8tten til Trump i Norge har sunket betraktelig siden presidentvalget i 2024 \u2013 ogs\u00e5 blant unge menn, skriver <a href=\"https:\/\/www.aftenposten.no\/kultur\/i\/2pd9ka\/disse-nordmennene-stoetter-fortsatt-donald-trump-veldig-enkelt\" rel=\"nofollow noopener\" target=\"_blank\">Aftenposten<\/a>.<\/p>\n<p>I november 2024 svarte 53 prosent av unge menn at de var forn\u00f8yde med Trumps valgseier. Ett \u00e5r senere var andelen 29 prosent, if\u00f8lge analyseselskapet Ipsos.<\/p>\n<p><b>Les ogs\u00e5: <\/b><a class=\"simple-relation related-teaser article--c-eRUmMG article--c-eRUmMG-fZoQSp-design-nettavisen article--c-eRUmMG-gwthdJ-cv\" href=\"https:\/\/www.nettavisen.no\/danmarks-lokke-advarer-usa-suvereniteten-er-en-rod-linje\/s\/5-95-2829984\" rel=\"nofollow noopener\" target=\"_blank\">Danmarks L\u00f8kke advarer USA: Suvereniteten er en r\u00f8d linje<\/a><\/p>\n<p><b>Les ogs\u00e5: <\/b><a class=\"simple-relation related-teaser article--c-eRUmMG article--c-eRUmMG-fZoQSp-design-nettavisen article--c-eRUmMG-gwthdJ-cv\" href=\"https:\/\/www.nettavisen.no\/trump-vurderer-straffetoll-mot-land-som-er-uenige-om-gronland-planene\/s\/5-95-2829847\" rel=\"nofollow noopener\" target=\"_blank\">Trump: Vurderer straffetoll mot land som er uenige om Gr\u00f8nland-planene<\/a><\/p>\n<p>Blant nordmenn generelt gikk Trump-st\u00f8tten fra 20 prosent til 9 prosent.<\/p>\n<p>\u2013 Om man ser p\u00e5 nordmenn som helhet, s\u00e5 er det jo f\u00e5 som er s\u00e6rlig forn\u00f8yd med Trump. Men vi ser at det er en hard kjerne som st\u00f8tter ham, sier seniorkonsulent Lars Erik Lie i Ipsos.<\/p>\n<p>  <a href=\"https:\/\/www.nettavisen.no\/5-95-2828996\" class=\"related-teaser has-image nettavisen-story-teaser article--c-eRUmMG article--c-eRUmMG-fZoQSp-design-nettavisen article--c-eRUmMG-eTlODu-cv\" rel=\"nofollow noopener\" target=\"_blank\"><\/p>\n<p>    <img decoding=\"async\" loading=\"lazy\"  src=\"https:\/\/www.europesays.com\/no\/wp-content\/uploads\/2026\/01\/1768645997_367_image1.jpeg\" alt=\"\" class=\"brick-c-cFOWSL\" style=\"\"\/><\/p>\n<p>\n            Les ogs\u00e5<\/p>\n<p>              Aylar Lie: \u2013 F\u00f8les som en skrekkfilm\n        <\/p>\n<p>  <\/a><\/p>\n<p>Herman Winther (25), som er leder for Foreningen for alle konservative studenter (Faks) sier Trump blitt en symbolsk b\u00e6rer av \u00abet rasjonelt kulturskifte i Vesten\u00bb. Det inneb\u00e6rer strengere innvandringspolitikk og et mer nasjonalt orientert fokus.<\/p>\n<p>\u2013 Jeg mener Trump gj\u00f8r det lettere for europeere \u00e5 adoptere lignende politikk, som jeg tror ogs\u00e5 Europa trenger, sier Winther.<\/p>\n<p>(\u00a9NTB)<\/p>\n","protected":false},"excerpt":{"rendered":"St\u00f8tten til Trump i Norge har sunket betraktelig siden presidentvalget i 2024 \u2013 ogs\u00e5 blant unge menn, skriver&hellip;\n","protected":false},"author":2,"featured_media":139883,"comment_status":"","ping_status":"","sticky":false,"template":"","format":"standard","meta":{"footnotes":""},"categories":[10],"tags":[20,21,24,25,15,22,23,13,30,28,29,14,16,26,27],"class_list":{"0":"post-139882","1":"post","2":"type-post","3":"status-publish","4":"format-standard","5":"has-post-thumbnail","7":"category-norge","8":"tag-breaking-news","9":"tag-breakingnews","10":"tag-featured-news","11":"tag-featurednews","12":"tag-headlines","13":"tag-latest-news","14":"tag-latestnews","15":"tag-news","16":"tag-no","17":"tag-norge","18":"tag-norway","19":"tag-nyheter","20":"tag-overskrifter","21":"tag-top-stories","22":"tag-topstories"},"share_on_mastodon":{"url":"https:\/\/pubeurope.com\/@no\/115909990992875570","error":""},"_links":{"self":[{"href":"https:\/\/www.europesays.com\/no\/wp-json\/wp\/v2\/posts\/139882","targetHints":{"allow":["GET"]}}],"collection":[{"href":"https:\/\/www.europesays.com\/no\/wp-json\/wp\/v2\/posts"}],"about":[{"href":"https:\/\/www.europesays.com\/no\/wp-json\/wp\/v2\/types\/post"}],"author":[{"embeddable":true,"href":"https:\/\/www.europesays.com\/no\/wp-json\/wp\/v2\/users\/2"}],"replies":[{"embeddable":true,"href":"https:\/\/www.europesays.com\/no\/wp-json\/wp\/v2\/comments?post=139882"}],"version-history":[{"count":0,"href":"https:\/\/www.europesays.com\/no\/wp-json\/wp\/v2\/posts\/139882\/revisions"}],"wp:featuredmedia":[{"embeddable":true,"href":"https:\/\/www.europesays.com\/no\/wp-json\/wp\/v2\/media\/139883"}],"wp:attachment":[{"href":"https:\/\/www.europesays.com\/no\/wp-json\/wp\/v2\/media?parent=139882"}],"wp:term":[{"taxonomy":"category","embeddable":true,"href":"https:\/\/www.europesays.com\/no\/wp-json\/wp\/v2\/categories?post=139882"},{"taxonomy":"post_tag","embeddable":true,"href":"https:\/\/www.europesays.com\/no\/wp-json\/wp\/v2\/tags?post=139882"}],"curies":[{"name":"wp","href":"https:\/\/api.w.org\/{rel}","templated":true}]}}