{"id":139884,"date":"2026-01-17T10:37:07","date_gmt":"2026-01-17T10:37:07","guid":{"rendered":"https:\/\/www.europesays.com\/no\/139884\/"},"modified":"2026-01-17T10:37:07","modified_gmt":"2026-01-17T10:37:07","slug":"steinkjer-sport-regnvaer-skaper-nm-trobbel-ma-plukke-stein-med-spiseskje-tronder-avisa","status":"publish","type":"post","link":"https:\/\/www.europesays.com\/no\/139884\/","title":{"rendered":"Steinkjer, Sport | Regnv\u00e6r skaper NM-tr\u00f8bbel: \u2013 M\u00e5 plukke stein med spiseskje &#8211; Tr\u00f8nder-Avisa"},"content":{"rendered":"<ol>\n<li><a href=\"https:\/\/news.google.com\/rss\/articles\/CBMilAFBVV95cUxNeVNIRkdldzE5V3BHUHc1dEhVZ1ladTctQVU5U2lLeDN1U0h5MmxGS1B2TjVXOUF6S2lXMzRNRDNKZzVUT19PUGJMM0REMG5KMk5tZDhZY3hXa0MyUDQ3N2s0eUxyVk8zTVc1bzl3Mk1XcDhzSW5kNDJkOHM1bHpsd0Vyb3h5QnJGeUJrVWxKVF9kTE5P?oc=5\" target=\"_blank\" rel=\"nofollow noopener\">Steinkjer, Sport | Regnv\u00e6r skaper NM-tr\u00f8bbel: \u2013 M\u00e5 plukke stein med spiseskje<\/a>&nbsp;&nbsp;Tr\u00f8nder-Avisa<\/li>\n<li><a href=\"https:\/\/news.google.com\/rss\/articles\/CBMinAFBVV95cUxPZi1ZdDBvM1ZPQm11ZmpPaFl1c1cyWm1INWxDcXRzSXJ5VlJ4dGh0SjZaWFZ0UHlpVFNSUmMza0lfSndqQVQxUkwycEZQRFg5QXZYMllzTUQ2anhzczdUcGkybjdWN045XzNIV1pCWG5IOE1XemhhNWc2bzl2UF80RnlWREFjT1lkSlVNTnIzTmdqTjI2YU5paXo0ekk?oc=5\" target=\"_blank\" rel=\"nofollow noopener\">\u2013 Vi skulle stenge til midnatt, men kunne jo ikke det<\/a>&nbsp;&nbsp;Steinkjer-Avisa<\/li>\n<li><a href=\"https:\/\/news.google.com\/rss\/articles\/CBMimwFBVV95cUxOajVKakN6S01fc2dlVzYybmtDVHV0SGc5bHRZOURCYXRFUEZ5VHloU2RUUXQtSHVjRWV4bzJkUGE4c1Uwa2xNelkzdksxa2tETFRwaVlQc2ZjTkJLVllhdGxqRVE5UFZGeUJsbGdXT0hxUDVDY3d3am9XSjl5VFNLNXh1a0hMZ1lrcTQ2a0hPQ19YeHREeWZGUDJLNA?oc=5\" target=\"_blank\" rel=\"nofollow noopener\">Tar parkeringsgrep f\u00f8r helga: \u2013 Vi har noe \u00e5 g\u00e5 p\u00e5<\/a>&nbsp;&nbsp;steinkjer24.no<\/li>\n<li><a href=\"https:\/\/news.google.com\/rss\/articles\/CBMif0FVX3lxTE5hOTNaZF9wMlJXbndWbDIwUmlqbHpMOU9qYks1clJnS19IVXRGRjhEcVZ2ZnhtQm1FNGxzMEZpMWpLU2NVWmtMVFIzUXROZmNBWjZRM0UyM1pBRktMaVBnekNuVlhaeC10aW9QOFNuRVlaVU12VVZGUTdDQ2F3ZnM?oc=5\" target=\"_blank\" rel=\"nofollow noopener\">Gleder seg over naboens NM-gull<\/a>&nbsp;&nbsp;innherred.no<\/li>\n<li><a href=\"https:\/\/news.google.com\/rss\/articles\/CBMisAFBVV95cUxNVnpiZUJlVjdFSDRCaWExZEUwR3dFTW9BZU54UDE5X0p4Wjk1enJaMVozbDItRFhXQXFaQVhBSFZkVG5uQmNaWWcxbjRmNnlmOFAxaWdQbFpGbTByX3lPNG05ckRnY3Z5ZjJjMXM5VjRXSUhjM21fUWZPNWY5MEF5c1JtelRqUjNUNXh1bE5CX1pEem9aaE9pTWZEcmlLUnJYVXhMeEpHOTNFT043ZDVNag?oc=5\" target=\"_blank\" rel=\"nofollow noopener\">Sport, Ski-NM | Rett fra iskald og s\u00f8vnl\u00f8s natt til NM-start: \u2013 Det var rimelig heftig<\/a>&nbsp;&nbsp;Namdalsavisa<\/li>\n<\/ol>\n","protected":false},"excerpt":{"rendered":"Steinkjer, Sport | Regnv\u00e6r skaper NM-tr\u00f8bbel: \u2013 M\u00e5 plukke stein med spiseskje&nbsp;&nbsp;Tr\u00f8nder-Avisa \u2013 Vi skulle stenge til midnatt,&hellip;\n","protected":false},"author":2,"featured_media":139885,"comment_status":"","ping_status":"","sticky":false,"template":"","format":"standard","meta":{"footnotes":""},"categories":[59],"tags":[30,28,29,83,82],"class_list":{"0":"post-139884","1":"post","2":"type-post","3":"status-publish","4":"format-standard","5":"has-post-thumbnail","7":"category-sport","8":"tag-no","9":"tag-norge","10":"tag-norway","11":"tag-sport","12":"tag-sports"},"share_on_mastodon":{"url":"https:\/\/pubeurope.com\/@no\/115910006868466074","error":""},"_links":{"self":[{"href":"https:\/\/www.europesays.com\/no\/wp-json\/wp\/v2\/posts\/139884","targetHints":{"allow":["GET"]}}],"collection":[{"href":"https:\/\/www.europesays.com\/no\/wp-json\/wp\/v2\/posts"}],"about":[{"href":"https:\/\/www.europesays.com\/no\/wp-json\/wp\/v2\/types\/post"}],"author":[{"embeddable":true,"href":"https:\/\/www.europesays.com\/no\/wp-json\/wp\/v2\/users\/2"}],"replies":[{"embeddable":true,"href":"https:\/\/www.europesays.com\/no\/wp-json\/wp\/v2\/comments?post=139884"}],"version-history":[{"count":0,"href":"https:\/\/www.europesays.com\/no\/wp-json\/wp\/v2\/posts\/139884\/revisions"}],"wp:featuredmedia":[{"embeddable":true,"href":"https:\/\/www.europesays.com\/no\/wp-json\/wp\/v2\/media\/139885"}],"wp:attachment":[{"href":"https:\/\/www.europesays.com\/no\/wp-json\/wp\/v2\/media?parent=139884"}],"wp:term":[{"taxonomy":"category","embeddable":true,"href":"https:\/\/www.europesays.com\/no\/wp-json\/wp\/v2\/categories?post=139884"},{"taxonomy":"post_tag","embeddable":true,"href":"https:\/\/www.europesays.com\/no\/wp-json\/wp\/v2\/tags?post=139884"}],"curies":[{"name":"wp","href":"https:\/\/api.w.org\/{rel}","templated":true}]}}