{"id":139886,"date":"2026-01-17T10:38:12","date_gmt":"2026-01-17T10:38:12","guid":{"rendered":"https:\/\/www.europesays.com\/no\/139886\/"},"modified":"2026-01-17T10:38:12","modified_gmt":"2026-01-17T10:38:12","slug":"charlie-sheens-dotre-i-bitter-familiekonflikt-pa-tiktok","status":"publish","type":"post","link":"https:\/\/www.europesays.com\/no\/139886\/","title":{"rendered":"Charlie Sheens d\u00f8tre i bitter familiekonflikt p\u00e5 TikTok"},"content":{"rendered":"<p class=\"kicker \" style=\"\">Sami &amp; Lola Sheen:\u00a0<\/p>\n<p>    Hollywood-drama mellom stjernens d\u00f8tre: &#8211; Har bitt tunga i \u00e5revis.<\/p>\n<p>\n    KONFLIKT: Det er full krig mellom Sheen-s\u00f8strene. Sami og Lola er ikke p\u00e5 talefot og g\u00e5r n\u00e5 hardt ut mot hverandre i sosiale medier. Foto: Instagram \/ @deniserichards\n  <\/p>\n<p>Det koker i kjendisklanen til Hollywood-stjernen Charlie Sheen (60). N\u00e5 har d\u00f8trene hans, Sami (21) og Lola Sheen (20), havnet i en \u00e5pen og sv\u00e6rt betent familiekonflikt, utspilt for hele verden p\u00e5 TikTok.<\/p>\n<p>    <a itemprop=\"url\" href=\"https:\/\/www.seher.no\/kjendis\/far-nesten-lyst-til-a-ty-til-vold\/84109465\" rel=\"nofollow noopener\" target=\"_blank\"><\/p>\n<p>        <img loading=\"lazy\" decoding=\"async\" src=\"https:\/\/www.europesays.com\/no\/wp-content\/uploads\/2026\/01\/1768646288_113_84103754.webp.webp\" width=\"980\" height=\"441\" title=\"- F\u00e5r nesten lyst til \u00e5 ty til vold\" alt=\"\" class=\"lazyload\" style=\"--aspect-ratio-image: 2.22; \"\/><\/p>\n<p>        &#8211; F\u00e5r nesten lyst til \u00e5 ty til vold<\/p>\n<p>    <\/a><\/p>\n<p class=\"font-weight-bold m-font-weight-bold\" data-lab-font_weight=\"font-weight-bold\">Dramaet eksploderte da Sami Sheen anklaget lilles\u00f8steren for \u00e5 date hennes ekskj\u00e6reste bak ryggen hennes.<\/p>\n<p>\u00abTenk \u00e5 finne ut at s\u00f8steren din og ekskj\u00e6resten din har sett hverandre bak ryggen din hele tiden\u00bb, skrev Sami i en TikTok-video tidligere denne uken.<\/p>\n<p>&#8211; Jeg har bitt tunga i \u00e5revis\t<\/p>\n<p>To dager etter utspillet nekter Sami \u00e5 trekke anklagene tilbake. I en ny TikTok-video g\u00e5r hun hardt ut mot s\u00f8steren, og hevder dette bare er toppen av isfjellet.<\/p>\n<p>&#8211; Jeg har bitt tunga i \u00e5revis, sier 21-\u00e5ringen til f\u00f8lgerne sine.<\/p>\n<p>I videoen holder hun opp mobilen sin og viser det hun hevder er skjermbilder av meldinger og bevis.<\/p>\n<p>        <img loading=\"lazy\" decoding=\"async\" src=\"https:\/\/www.europesays.com\/no\/wp-content\/uploads\/2026\/01\/84110581.webp.webp\" width=\"667\" height=\"387\" title=\"FAMILIE: Sami Sheen (t.h.) sammen med s\u00f8steren Lola og foreldrene Charlie Sheen og Denise Richards. Foto: Instagram \/ @deniserichards\" alt=\"\" class=\"\" style=\"--aspect-ratio-image: 1.72; \"\/><\/p>\n<p>\n        FAMILIE: Sami Sheen (t.h.) sammen med s\u00f8steren Lola og foreldrene Charlie Sheen og Denise Richards. Foto: Instagram \/ @deniserichards\n    <\/p>\n<p>    <a itemprop=\"url\" href=\"https:\/\/www.seher.no\/kjendis\/lever-med-dodsdom-ingen-vei-tilbake\/84108929\" rel=\"nofollow noopener\" target=\"_blank\"><\/p>\n<p>        <img loading=\"lazy\" decoding=\"async\" src=\"https:\/\/www.europesays.com\/no\/wp-content\/uploads\/2026\/01\/84105134.webp.webp\" width=\"980\" height=\"441\" title=\"Lever med d\u00f8dsdom: - Ingen vei tilbake\" alt=\"\" class=\"lazyload\" style=\"--aspect-ratio-image: 2.22; \"\/><\/p>\n<p>        Lever med d\u00f8dsdom: &#8211; Ingen vei tilbake<\/p>\n<p>    <\/a><\/p>\n<p>Sami har ikke nevnt navnet p\u00e5 ekskj\u00e6resten, men fans mener hun sikter til Aiden David, som hun datet i 2024.\u00a0<\/p>\n<p>Sl\u00e5r kraftig tilbake\t<\/p>\n<p>Lola Sheen var raskt ute med \u00e5 avvise p\u00e5standene, og legger ikke noe imellom.<\/p>\n<p>&#8211; Jeg er singel. Jeg snakker ikke med noen. Og jeg dater definitivt ikke s\u00f8sterens eks.\u00a0Hun har lagt ut ting om meg p\u00e5 nettet for \u00e5 f\u00e5 folk til \u00e5 hate meg, helt uten kontekst. Dette er helt absurd, sier hun i sin egen<a href=\"https:\/\/www.tiktok.com\/@lolasheen_\/photo\/7595607153931554079\" rel=\"nofollow noopener\" target=\"_blank\"> TikTok-video.<\/a><\/p>\n<p>        <img loading=\"lazy\" decoding=\"async\" src=\"https:\/\/www.europesays.com\/no\/wp-content\/uploads\/2026\/01\/84110596.webp.webp\" width=\"686\" height=\"577\" title=\"STRIDENS KJERNE: Sami Sheen og influenser Aiden David datet i 2024. N\u00e5 er han midtpunktet i den bitre s\u00f8skenfeiden. Foto: Instagram \/ @samisheen\" alt=\"\" class=\"\" style=\"--aspect-ratio-image: 1.19; \"\/><\/p>\n<p>\n        STRIDENS KJERNE: Sami Sheen og influenser Aiden David datet i 2024. N\u00e5 er han midtpunktet i den bitre s\u00f8skenfeiden. Foto: Instagram \/ @samisheen\n    <\/p>\n<p>Hun forklarer at mannen det gjelder bor \u00abrett over gangen\u00bb, etter at moren Denise Richards (54) skal ha latt ham flytte inn i forbindelse med jobb.<\/p>\n<p class=\"font-weight-bold m-font-weight-bold\" data-lab-font_weight=\"font-weight-bold\">Hun understreker ogs\u00e5 at hun og Sami har \u00abhelt forskjellig smak i menn\u00bb.<\/p>\n<p>Gammelt s\u00f8skenfiendskap\t<\/p>\n<p>Dette er langt fra f\u00f8rste gang Charlie Sheens d\u00f8tre havner i konflikt. I fjor sommer anklaget Sami s\u00f8steren for \u00e5 v\u00e6re b\u00e5de homofobisk og transfobisk.<\/p>\n<p>        GLADMELDING:\u00a0\u00abTabu\u00bb-Mats (24) avsl\u00f8rer status mellom han og den hemmelige gjesten han overrasket programleder og komiker Lars Berrum med i programmet. Video: NRK TV\/ R\u00f8d L\u00f8per\/ Sanne Holt. Foto: Privat<\/p>\n<p>&#8211; Jeg er en del av det j\u00e6vla LGBTQ+-milj\u00f8et, og jeg skulle \u00f8nske s\u00f8steren min var en alliert, sa Sami i en TikTok-video i juni 2025.<\/p>\n<p>Bakgrunnen var at Lola, som ble d\u00f8pt tidligere samme \u00e5r, delte en video av en kristen podkaster som hevdet at det \u00e5 v\u00e6re transkj\u00f8nnet er en synd.<\/p>\n<p>If\u00f8lge Sami blokkerte Lola henne p\u00e5 TikTok etter dette.<\/p>\n<p>Verken Charlie Sheen eller mor til barna Denise Richards (54) har kommentert konflikten offentlig.\u00a0<\/p>\n<p><script async src=\"\/\/www.tiktok.com\/embed.js\"><\/script><\/p>\n","protected":false},"excerpt":{"rendered":"Sami &amp; Lola Sheen:\u00a0 Hollywood-drama mellom stjernens d\u00f8tre: &#8211; Har bitt tunga i \u00e5revis. KONFLIKT: Det er full&hellip;\n","protected":false},"author":2,"featured_media":139887,"comment_status":"","ping_status":"","sticky":false,"template":"","format":"standard","meta":{"footnotes":"","_share_on_mastodon":"0"},"categories":[58],"tags":[4632,4633,71,479,2543,15890,30,28,29,15889,72],"class_list":["post-139886","post","type-post","status-publish","format-standard","has-post-thumbnail","category-underholdning","tag-charlie-sheen","tag-denise-richards","tag-entertainment","tag-kjendis","tag-kjendisdesken","tag-lola-sheen","tag-no","tag-norge","tag-norway","tag-sami-sheen","tag-underholdning"],"share_on_mastodon":{"url":"https:\/\/pubeurope.com\/@no\/115910010705526487","error":""},"_links":{"self":[{"href":"https:\/\/www.europesays.com\/no\/wp-json\/wp\/v2\/posts\/139886","targetHints":{"allow":["GET"]}}],"collection":[{"href":"https:\/\/www.europesays.com\/no\/wp-json\/wp\/v2\/posts"}],"about":[{"href":"https:\/\/www.europesays.com\/no\/wp-json\/wp\/v2\/types\/post"}],"author":[{"embeddable":true,"href":"https:\/\/www.europesays.com\/no\/wp-json\/wp\/v2\/users\/2"}],"replies":[{"embeddable":true,"href":"https:\/\/www.europesays.com\/no\/wp-json\/wp\/v2\/comments?post=139886"}],"version-history":[{"count":0,"href":"https:\/\/www.europesays.com\/no\/wp-json\/wp\/v2\/posts\/139886\/revisions"}],"wp:featuredmedia":[{"embeddable":true,"href":"https:\/\/www.europesays.com\/no\/wp-json\/wp\/v2\/media\/139887"}],"wp:attachment":[{"href":"https:\/\/www.europesays.com\/no\/wp-json\/wp\/v2\/media?parent=139886"}],"wp:term":[{"taxonomy":"category","embeddable":true,"href":"https:\/\/www.europesays.com\/no\/wp-json\/wp\/v2\/categories?post=139886"},{"taxonomy":"post_tag","embeddable":true,"href":"https:\/\/www.europesays.com\/no\/wp-json\/wp\/v2\/tags?post=139886"}],"curies":[{"name":"wp","href":"https:\/\/api.w.org\/{rel}","templated":true}]}}