{"id":139892,"date":"2026-01-17T10:46:10","date_gmt":"2026-01-17T10:46:10","guid":{"rendered":"https:\/\/www.europesays.com\/no\/139892\/"},"modified":"2026-01-17T10:46:10","modified_gmt":"2026-01-17T10:46:10","slug":"fiorentina-eieren-rocco-commisso-er-dod","status":"publish","type":"post","link":"https:\/\/www.europesays.com\/no\/139892\/","title":{"rendered":"Fiorentina-eieren Rocco Commisso er d\u00f8d"},"content":{"rendered":"\n<p class=\"_lead_o9xde_2 _lead_xtcu6_50 layout-component text-serif-m layout-normal text-serif-l layout-component layout-wide layout-padded _wide_17hqh_1 layout-padded\">Fiorentina-eieren Rocco Commisso er d\u00f8d. Han ble 76 \u00e5r gammel. <\/p>\n<p><img alt=\"Fiorentina-eieren Rocco Commisso er d\u00f8d.  Foto: Bebeto Matthews \/ AP \/ NTB\" class=\"_image_qp4xg_65 layout-component layout-wide\" data-fullscreen- data-track-element-type=\"Article image fullscreen\" data-track-name=\"ImageFullscreen\" fetchpriority=\"high\" decoding=\"sync\" loading=\"eager\" height=\"4000\" itemprop=\"image\"  src=\"https:\/\/www.europesays.com\/no\/wp-content\/uploads\/2026\/01\/5342e6e6-ef34-43c1-b883-26bdc69be507.jpeg\"  style=\"object-position:0% 0%\" width=\"6000\"\/>Fiorentina-eieren Rocco Commisso er d\u00f8d.  Foto: Bebeto Matthews \/ AP \/ NTB<\/p>\n<ul aria-hidden=\"true\" class=\"_images_ntbth_112\">\n<li><a class=\"_link_ntbth_117\" href=\"https:\/\/www.vg.no\/forfatter\/ntb\" style=\"z-index:1\" title=\"NTB\" rel=\"nofollow noopener\" target=\"_blank\"><img alt=\"Bilde av NTB\" class=\"_image_ntbth_93\" fetchpriority=\"low\" loading=\"lazy\" decoding=\"async\" itemprop=\"image\"  src=\"https:\/\/www.europesays.com\/no\/wp-content\/uploads\/2026\/01\/1768646770_373_c33980b0-5d07-4027-84a1-813f90a7c8d6.png\"  width=\"480\"\/><\/a><\/li>\n<\/ul>\n<p> Oppdatert l\u00f8rdag 17. januar kl. 10:35     <\/p>\n<p class=\"_paragraph_o9xde_4 _paragraph_xtcu6_10 layout-component text-serif-m layout-normal text-serif-m layout-padded\"> Det opplyser Serie A-klubben om i en <a href=\"https:\/\/www.acffiorentina.com\/en\/news\/scomparsa-rocco-commisso\" class=\"_link_o9xde_39\" rel=\"nofollow noopener\" target=\"_blank\">uttalelse.<\/a><\/p>\n<p class=\"_paragraph_o9xde_4 _paragraph_xtcu6_10 layout-component text-serif-m layout-normal text-serif-m layout-padded\">\u2013 Etter en lang periode med medisinsk behandling har v\u00e5r kj\u00e6re president forlatt oss, og i dag s\u00f8rger vi alle over hans bortgang, skriver <a href=\"https:\/\/www.vg.no\/tag\/fiorentina?utm_source=vg-article&amp;utm_medium=auto-tagger&amp;utm_campaign=m0BnK1\" class=\"_link_o9xde_39\" rel=\"nofollow noopener\" target=\"_blank\">Fiorentina<\/a>. <\/p>\n<p class=\"_paragraph_o9xde_4 _paragraph_xtcu6_10 layout-component text-serif-m layout-normal text-serif-m layout-padded\">Commisso ble f\u00f8dt i Italia, men immigrerte til USA som 12-\u00e5ring. Han bygde opp Mediacom til \u00e5 bli et av USAs st\u00f8rste kabel-TV-selskaper. I 2019 kj\u00f8pte Commisso Fiorentina og fikk oppleve at klubben tok seg til conferenceligafinalen i b\u00e5de 2023 og 2024. <\/p>\n<p class=\"_paragraph_o9xde_4 _paragraph_xtcu6_10 layout-component text-serif-m layout-normal text-serif-m layout-padded\">Denne sesongen har klubben slitt mer og ligger i nedrykksstriden etter 20 kamper. Fiorentina er plassert p\u00e5 18.-plass og har kun ett poeng ned til tabelljumbo Hellas Verona. <\/p>\n","protected":false},"excerpt":{"rendered":"Fiorentina-eieren Rocco Commisso er d\u00f8d. Han ble 76 \u00e5r gammel. Fiorentina-eieren Rocco Commisso er d\u00f8d. Foto: Bebeto Matthews&hellip;\n","protected":false},"author":2,"featured_media":139893,"comment_status":"","ping_status":"","sticky":false,"template":"","format":"standard","meta":{"footnotes":""},"categories":[59],"tags":[15891,30,28,29,1067,83,82],"class_list":{"0":"post-139892","1":"post","2":"type-post","3":"status-publish","4":"format-standard","5":"has-post-thumbnail","7":"category-sport","8":"tag-fiorentina","9":"tag-no","10":"tag-norge","11":"tag-norway","12":"tag-serie-a","13":"tag-sport","14":"tag-sports"},"share_on_mastodon":{"url":"https:\/\/pubeurope.com\/@no\/115910042175056274","error":""},"_links":{"self":[{"href":"https:\/\/www.europesays.com\/no\/wp-json\/wp\/v2\/posts\/139892","targetHints":{"allow":["GET"]}}],"collection":[{"href":"https:\/\/www.europesays.com\/no\/wp-json\/wp\/v2\/posts"}],"about":[{"href":"https:\/\/www.europesays.com\/no\/wp-json\/wp\/v2\/types\/post"}],"author":[{"embeddable":true,"href":"https:\/\/www.europesays.com\/no\/wp-json\/wp\/v2\/users\/2"}],"replies":[{"embeddable":true,"href":"https:\/\/www.europesays.com\/no\/wp-json\/wp\/v2\/comments?post=139892"}],"version-history":[{"count":0,"href":"https:\/\/www.europesays.com\/no\/wp-json\/wp\/v2\/posts\/139892\/revisions"}],"wp:featuredmedia":[{"embeddable":true,"href":"https:\/\/www.europesays.com\/no\/wp-json\/wp\/v2\/media\/139893"}],"wp:attachment":[{"href":"https:\/\/www.europesays.com\/no\/wp-json\/wp\/v2\/media?parent=139892"}],"wp:term":[{"taxonomy":"category","embeddable":true,"href":"https:\/\/www.europesays.com\/no\/wp-json\/wp\/v2\/categories?post=139892"},{"taxonomy":"post_tag","embeddable":true,"href":"https:\/\/www.europesays.com\/no\/wp-json\/wp\/v2\/tags?post=139892"}],"curies":[{"name":"wp","href":"https:\/\/api.w.org\/{rel}","templated":true}]}}