{"id":139896,"date":"2026-01-17T10:51:10","date_gmt":"2026-01-17T10:51:10","guid":{"rendered":"https:\/\/www.europesays.com\/no\/139896\/"},"modified":"2026-01-17T10:51:10","modified_gmt":"2026-01-17T10:51:10","slug":"stiller-sporsmal-ved-habilitet-redaktorforeining-har-tillit-til-redaktorane","status":"publish","type":"post","link":"https:\/\/www.europesays.com\/no\/139896\/","title":{"rendered":"Stiller sp\u00f8rsm\u00e5l ved habilitet \u2013 Redakt\u00f8r\u00adforeining har tillit til redakt\u00f8r\u00adane"},"content":{"rendered":"<p>Saka samanfatta:<\/p>\n<ul>\n<li>Per Axel Koch, konsernsjef i Polaris Media, er utnemnd som styreleiar i Helse-Midt Noreg, noko som har skapt debatt om habilitet.<\/li>\n<li>Kritikarar fryktar at Koch si rolle kan p\u00e5verke avisene si evne til \u00e5 vere kritiske til helsef\u00f8retaket.<\/li>\n<li>Generalsekret\u00e6r i Norsk Redakt\u00f8rforening, Reidun Kjelling Nyb\u00f8, understrekar at redakt\u00f8rane har lovfesta uavhengigheit fr\u00e5 eigarane.<\/li>\n<li>Koch avviser at han kan p\u00e5verke innhaldet i avisene.<\/li>\n<li>Politikarar og helsepersonell har uttrykt uro for at kritisk journalistikk kan bli svekka.<\/li>\n<li>Debatten har f\u00e5tt stor merksemd, mellom anna i Dagsnytt 18, der ulike synspunkt har blitt diskuterte.<\/li>\n<\/ul>\n<p>Oppsummeringa er laga av ei KI-teneste fr\u00e5 OpenAI. Innhaldet er kvalitetssikra av NRK sine journalistar f\u00f8r publisering.<\/p>\n<p>Den siste veka har det vore full fyr i debatten om habiliteten til Per Axel Koch, etter han <a href=\"http:\/\/www.nrk.no\/trondelag\/nytt-styre-i-helse-midt-norge-1.17721139\" ec-id=\"pp:article:1.17721139\" ec-name=\"fredag 9. januar\" rel=\"nofollow noopener\" target=\"_blank\">fredag 9. januar<\/a> blei utnemnt som styreleiar i Helse-Midt Noreg.<\/p>\n<p>Koch er nemleg ogs\u00e5 konsernsjef i Polaris Media, som eig fleire aviser i regionen, mellom anna Sunnm\u00f8rsposten og Adresseavisen.<\/p>\n<p>Det har komme reaksjonar fr\u00e5 b\u00e5de <a href=\"https:\/\/www.smp.no\/nyheter\/n\/rrg3mw\/reagerer-korleis-er-det-mogleg\" ec-id=\"https:\/\/www.smp.no\/nyheter\/n\/rrg3mw\/reagerer-korleis-er-det-mogleg\" ec-name=\"politikarar\" rel=\"nofollow noopener\" target=\"_blank\">politikarar<\/a> og <a href=\"https:\/\/www.smp.no\/nyheter\/n\/oEAwwV\/er-redd-avisene-ikkje-toer-aa-seie-sanninga\" ec-id=\"https:\/\/www.smp.no\/nyheter\/n\/oEAwwV\/er-redd-avisene-ikkje-toer-aa-seie-sanninga\" ec-name=\"kommuneoverlegen i \u00d8rskog\" rel=\"nofollow noopener\" target=\"_blank\">kommuneoverlegen i \u00d8rskog<\/a>, der bekymringane g\u00e5r ut p\u00e5 om avisene kan halde fram med \u00e5 kritisere og avdekkje forhold i helsef\u00f8retaket. Diskusjonen spissa seg p\u00e5 Dagsnytt 18 torsdag kveld.<\/p>\n<p>Har tiltru til redakt\u00f8rane<\/p>\n<p>Generalsekret\u00e6r i Norsk Redakt\u00f8rforening, Reidun Kjelling Nyb\u00f8, viser forst\u00e5ing for reaksjonane, men p\u00e5peiker at det er lovfesta at Koch ikkje blandar seg inn redakt\u00f8ravgjerder.<\/p>\n<p><strong>\u2013 Redakt\u00f8rens uavhengigheit av eigarane sine er b\u00e5de avtale- og lovfesta i Noreg. <\/strong><\/p>\n<p>Vidare peiker ho til redakt\u00f8rplakaten, som ho har tiltru til at redakt\u00f8rane f\u00f8lgjer.<\/p>\n<p>\u2013 <strong>Hovudprinsippet i redakt\u00f8rplakaten, som vi har hatt i over 70 \u00e5r, er at eigarane tilsett redakt\u00f8rar og har ansvar for \u00e5 sette dei overordna rammene for media. Innafor dei rammene skal redakt\u00f8rane vere heilt frie og uavhengige. <\/strong><\/p>\n<p><img decoding=\"async\"   src=\"data:image\/gif;base64,R0lGODlhAQABAIAAAAAAAP\/\/\/yH5BAEAAAAALAAAAAABAAEAAAIBRAA7\" loading=\"eager\" alt=\"Bildet viser en person med brunt h\u00e5r, if\u00f8rt en blomstret topp, som sitter p\u00e5 en paneldiskusjon. Det er en lys bakgrunn, trolig en projektor eller skjerm. Personen ser ut til \u00e5 delta aktivt i diskusjonen fra en scene eller et auditorium. En annen person er synlig til h\u00f8yre, men ikke i fokus. (Bildebeskrivelsen er laget av en KI-tjeneste)\" title=\"Foto: Mariam Butt \/ NTB\"\/><\/p>\n<p class=\"\">Reidun Kjelling Nyb\u00f8 er generalsekret\u00e6r i Norsk Redakt\u00f8rforening. <\/p>\n<p>Foto: Mariam Butt \/ NTB<\/p>\n<p>Kjelling Nyb\u00f8 seier at ho har full tillit til at redakt\u00f8rane og journalistane i Polaris Media er i stand til \u00e5 gjere jobben slik dei skal.<\/p>\n<p><strong>\u2013 Det viktigaste dei kan gjere no, er \u00e5 halde fram med \u00e5 gjere jobben sin, akkurat som dei har gjort s\u00e5 lenge det har vore sjukehus i dekningsomr\u00e5da deira. Det har eg full tillit til at dei kjem til \u00e5 gjere.<\/strong><\/p>\n<p>Redakt\u00f8r i Sunnm\u00f8rsposten, Sindre Halkjelsvik, skriv i eit <a href=\"https:\/\/www.smp.no\/meninger\/leserinnlegg\/o\/m0BVnl\/svar-til-myklebust-om-utnemning-av-ny-styreleiar-helse-midt-norge\" ec-id=\"https:\/\/www.smp.no\/meninger\/leserinnlegg\/o\/m0BVnl\/svar-til-myklebust-om-utnemning-av-ny-styreleiar-helse-midt-norge\" ec-name=\"lesarinnlegg\" rel=\"nofollow noopener\" target=\"_blank\">lesarinnlegg<\/a> at det er heilt n\u00f8dvendig \u00e5 diskutere ope om habilitet. Samstundes p\u00e5peiker han at Per Axel Koch held seg unna redaksjonell verksemd i avisa.<\/p>\n<p>Fryktar det kan p\u00e5verke kjelder<\/p>\n<p>Kjerstin Rab\u00e5s er tillitsvald for Norsk Journalistlag i Adresseavisen, og stiller seg kritisk til styrevervet.<\/p>\n<p>Ein av tinga ho peiker p\u00e5, er at styrevervet kan p\u00e5verke kjelder som skal uttale seg til media.<\/p>\n<p><img decoding=\"async\"   src=\"data:image\/gif;base64,R0lGODlhAQABAIAAAAAAAP\/\/\/yH5BAEAAAAALAAAAAABAAEAAAIBRAA7\" loading=\"eager\" alt=\"Kjerstin Rab\u00e5s i Adresseavisen\" title=\"Foto: Norunn Bergesen\"\/><\/p>\n<p class=\"\">Kjerstin Rab\u00e5s i Adresseavisen seier ho kunne \u00f8nske at Koch tenkte seg om f\u00f8r han takka ja til dette vervet. <\/p>\n<p>Foto: Norunn Bergesen<\/p>\n<p><strong>\u2013 Det kan p\u00e5verke korleis kjelder tilknytt helsef\u00f8retaket vil forhalde seg til mediehuset, n\u00e5r dei veit at konsernsjefen er styreleiar i Helse Midt-Noreg. Det kan oppst\u00e5 tvil sj\u00f8lv om det er redakt\u00f8rane som bestemmer sakene og vinklingane. Det kan vere problematisk for b\u00e5de kjelder og lesarar. <\/strong><\/p>\n<p>Ho seier ogs\u00e5 at ho synest koplinga er problematisk.<\/p>\n<p><strong>\u2013 Sj\u00f8lv om journalistane er profesjonelle, s\u00e5 er det uansett spesielt \u00e5 m\u00f8te sin eigen konsernsjef n\u00e5r ein skal lage kritiske saker p\u00e5 helsef\u00f8retaket. <\/strong><\/p>\n<p>\u2013 B\u00f8r ikkje vere bekymra<\/p>\n<p>Torsdag kveld fekk Koch moglegheita til \u00e5 svare for seg under Dagsnytt 18 p\u00e5 NRK. Han synast det er bra at dette sp\u00f8rsm\u00e5let blir stilt.<\/p>\n<p><strong>\u2013 Eg som konsernsjef og styreleiar har inga moglegheit til \u00e5 p\u00e5verke innhaldet, og det er veldig viktig at det kjem fram, seier Koch. <\/strong><\/p>\n<p><img decoding=\"async\"   src=\"data:image\/gif;base64,R0lGODlhAQABAIAAAAAAAP\/\/\/yH5BAEAAAAALAAAAAABAAEAAAIBRAA7\" loading=\"eager\" alt=\"Tallene til Polaris Media resultat 3. kvartal presenteres av administrerende direkt\u00f8r i Polaris Media Per Axel Koch og finansdirekt\u00f8ren Hege Veiseth.&#10;\" title=\"Foto: Hanna Johre \/ NTB\"\/><\/p>\n<p class=\"\">Per Axel Koch har tidlegare vore styreleiar i b\u00e5de Fjordkraft, kollektivselskapet ATB og Sparebank 1 SMN. <\/p>\n<p>Foto: Hanna Johre \/ NTB<\/p>\n<p>Fylkesleiar i M\u00f8re og Romsdal Framstegsparti, Hans Olav Myklebust, var ogs\u00e5 til stades, og er ein av dei som uttrykte bekymring.<\/p>\n<p>\u2013 Eg reagerer p\u00e5 den samlinga av makt p\u00e5 f\u00e5 hender. B\u00e5de media har stor makt og stort ansvar, og Polaris Media har stor makt i seg sj\u00f8lv, med at dei eig dei fleste avisene i M\u00f8re og Romsdal og Tr\u00f8ndelag.<\/p>\n<p><strong>\u2013 Blir det f\u00e6rre kritiske artiklar no, om tilstanden ved sjukehusa og Helseplattforma? stiller Myklebust sp\u00f8rsm\u00e5l ved.<\/strong><\/p>\n<p>Koch meiner at Myklebust ikkje b\u00f8r vere bekymra for at det blir mindre s\u00f8kjelys p\u00e5 Helseplattforma, fordi det skal kvar enkelte redakt\u00f8r bestemme.<\/p>\n<p><img decoding=\"async\"   src=\"data:image\/gif;base64,R0lGODlhAQABAIAAAAAAAP\/\/\/yH5BAEAAAAALAAAAAABAAEAAAIBRAA7\" loading=\"eager\" alt=\"Hans Olav Myklebust i M\u00f8re og Romsdal FRP\" title=\"Foto: Roar Jonny Str\u00f8m \/ NRK\"\/><\/p>\n<p class=\"\">Hals Olav Myklebust stiller sp\u00f8rsm\u00e5l ved habiliteten til Per Axel Koch. <\/p>\n<p>Foto: Roar Jonny Str\u00f8m \/ NRK<\/p>\n<p>Kommuneoverlege i \u00d8rskog, Tom Christensen, er ein av dei som tidlegare har <a href=\"https:\/\/www.nrk.no\/mr\/stiller-sporsmal-ved-habilitet-til-ny-styreleiar-1.17726611\" ec-id=\"pp:article:1.17726611\" ec-name=\"stilt sp\u00f8rsm\u00e5l ved Koch sin habilitet\" rel=\"nofollow noopener\" target=\"_blank\">stilt sp\u00f8rsm\u00e5l ved Koch sin habilitet<\/a>. Han har uttalt seg i Sunnm\u00f8rsposten om at han trur det kan bli mindre kritikk og diskusjon i avisene.<\/p>\n<p>\u2013 D\u00e5 viser det vel at tilliten allereie er sett sp\u00f8rsm\u00e5l ved, og d\u00e5 er det vel i seg sj\u00f8lv eit problem? seier programleiar Ugo Fermariello sp\u00f8rjande. <\/p>\n<p><strong>\u2013 Eg trur det vil vise seg at det er ingen grunn til \u00e5 ha denne bekymringa, konkluderer Koch. <\/strong><\/p>\n<p>Publisert<\/p>\n<p>17.01.2026, kl. 08.10<\/p>\n","protected":false},"excerpt":{"rendered":"Saka samanfatta: Per Axel Koch, konsernsjef i Polaris Media, er utnemnd som styreleiar i Helse-Midt Noreg, noko som&hellip;\n","protected":false},"author":2,"featured_media":139897,"comment_status":"","ping_status":"","sticky":false,"template":"","format":"standard","meta":{"footnotes":""},"categories":[10],"tags":[20,21,24,25,15,22,23,13,30,28,29,14,16,26,27],"class_list":{"0":"post-139896","1":"post","2":"type-post","3":"status-publish","4":"format-standard","5":"has-post-thumbnail","7":"category-norge","8":"tag-breaking-news","9":"tag-breakingnews","10":"tag-featured-news","11":"tag-featurednews","12":"tag-headlines","13":"tag-latest-news","14":"tag-latestnews","15":"tag-news","16":"tag-no","17":"tag-norge","18":"tag-norway","19":"tag-nyheter","20":"tag-overskrifter","21":"tag-top-stories","22":"tag-topstories"},"share_on_mastodon":{"url":"https:\/\/pubeurope.com\/@no\/115910061749697707","error":""},"_links":{"self":[{"href":"https:\/\/www.europesays.com\/no\/wp-json\/wp\/v2\/posts\/139896","targetHints":{"allow":["GET"]}}],"collection":[{"href":"https:\/\/www.europesays.com\/no\/wp-json\/wp\/v2\/posts"}],"about":[{"href":"https:\/\/www.europesays.com\/no\/wp-json\/wp\/v2\/types\/post"}],"author":[{"embeddable":true,"href":"https:\/\/www.europesays.com\/no\/wp-json\/wp\/v2\/users\/2"}],"replies":[{"embeddable":true,"href":"https:\/\/www.europesays.com\/no\/wp-json\/wp\/v2\/comments?post=139896"}],"version-history":[{"count":0,"href":"https:\/\/www.europesays.com\/no\/wp-json\/wp\/v2\/posts\/139896\/revisions"}],"wp:featuredmedia":[{"embeddable":true,"href":"https:\/\/www.europesays.com\/no\/wp-json\/wp\/v2\/media\/139897"}],"wp:attachment":[{"href":"https:\/\/www.europesays.com\/no\/wp-json\/wp\/v2\/media?parent=139896"}],"wp:term":[{"taxonomy":"category","embeddable":true,"href":"https:\/\/www.europesays.com\/no\/wp-json\/wp\/v2\/categories?post=139896"},{"taxonomy":"post_tag","embeddable":true,"href":"https:\/\/www.europesays.com\/no\/wp-json\/wp\/v2\/tags?post=139896"}],"curies":[{"name":"wp","href":"https:\/\/api.w.org\/{rel}","templated":true}]}}