{"id":139898,"date":"2026-01-17T10:54:12","date_gmt":"2026-01-17T10:54:12","guid":{"rendered":"https:\/\/www.europesays.com\/no\/139898\/"},"modified":"2026-01-17T10:54:12","modified_gmt":"2026-01-17T10:54:12","slug":"peker-pa-bruddet","status":"publish","type":"post","link":"https:\/\/www.europesays.com\/no\/139898\/","title":{"rendered":"Peker p\u00e5 bruddet"},"content":{"rendered":"<p>    Europas milit\u00e6re inntog p\u00e5 Gr\u00f8nland, viser at man mener alvor. Men ingen \u00f8nsker \u00e5 kjempe mot USA, mener eksperter.\u00a0<\/p>\n<p>\n    MIDTPUNKT: Gr\u00f8nland og hovedstaden Nuuk har f\u00e5tt hele verdens \u00f8yne rettet mot seg den siste tida. Foto: Reuters\n  <\/p>\n<p>Situasjonen rundt Gr\u00f8nland tilspisser seg, og denne uka har flere europeiske land, deriblant Norge, sendt <a href=\"https:\/\/www.dagbladet.no\/nyheter\/representerer-norge-ting-skjer-raskt\/84104901\" rel=\"nofollow noopener\" target=\"_blank\">milit\u00e6rt personell til \u00f8ya<\/a>.\u00a0<\/p>\n<p>    Kort fortalt<\/p>\n<ul lang=\"nb-NO\">\n<li>Flere europeiske land, inkludert Norge, har sendt milit\u00e6rt personell til Gr\u00f8nland for \u00e5 st\u00f8tte Danmark.<\/li>\n<li>Operasjonen har som m\u00e5l \u00e5 trene i arktiske forhold og styrke tilstedev\u00e6relsen i Arktis.<\/li>\n<li>Eksperter mener dette er en symbolsk handling for \u00e5 vise alvor overfor USA, men ingen \u00f8nsker \u00e5 kjempe mot amerikanske styrker.<\/li>\n<li>Trump vurderer straffetoll mot land som er uenige i hans planer, mens EU jobber med mottiltak.<\/li>\n<\/ul>\n<p class=\"italic ai-disclaimer\" data-lab-italic=\"italic\">Sammendraget er laget av ChatGPT og godkjent av Dagbladet.<\/p>\n<p>      Vis mer<br \/>\n      Vis mindre<\/p>\n<p> &#8211; Vi er operasjonsplanleggere, utsendt av hovedkvarteret for \u00e5 planlegge en Nato-innsats p\u00e5 Gr\u00f8nland. Til st\u00f8tte for Danmark, sa obertl\u00f8ytnant Storli <a href=\"https:\/\/www.dagbladet.no\/nyheter\/representerer-norge-ting-skjer-raskt\/84104901\" rel=\"nofollow noopener\" target=\"_blank\">til Dagbladet p\u00e5 Gr\u00f8nland torsdag<\/a>.\u00a0<\/p>\n<p>Han representerer Norge sammen med oberstl\u00f8ytnant, Olaf von Porat.<\/p>\n<p> If\u00f8lge danske myndigheter er form\u00e5let med operasjonen \u00ab\u00e5 trene og operere i arktiske forhold og styrke fotfestet i Arktis\u00bb.\u00a0<\/p>\n<p>        GR\u00d8NLAND: Dagbladet er p\u00e5 plass i Nuuk, og gir deg siste nytt fra situasjonen p\u00e5 Gr\u00f8nland. Video: Dagbladet\/ Nicolai Alcaniz<\/p>\n<p>Fellesskap<\/p>\n<p class=\"font-weight-normal m-font-weight-normal\" data-lab-font_weight=\"font-weight-normal\">&#8211; Det er jo absurd det som skjer p\u00e5 Gr\u00f8nland n\u00e5, kommenterer pensjonert generall\u00f8ytnant, Arne B\u00e5rd Dalhaug, til Dagbladet.\u00a0<\/p>\n<p>If\u00f8lge Dalhaug handler denne kartleggingen om hva man skal gj\u00f8re i fellesskap alt ettersom hva USAs president Donald Trump skulle foreta seg.\u00a0<\/p>\n<p>Han ser ikke bort fra at Norge vil sende mer milit\u00e6rt personell til \u00f8ya, men har ikke tro p\u00e5 at Norge vil sende tropper dit.\u00a0<\/p>\n<p>    Land som sender milit\u00e6rt personell til Gr\u00f8nland:<\/p>\n<p>Europeiske land har sendt et lite antall\u00a0milit\u00e6rt\u00a0personell\u00a0til\u00a0Gr\u00f8nland samtidig\u00a0som\u00a0en planlagt milit\u00e6r\u00f8velse ledet av Danmark\u00a0er\u00a0under forberedelse.<\/p>\n<p>Norge:\u00a0To personer fra Forsvaret.\u00a0<\/p>\n<p>Sverige:\u00a0To\u00a0til\u00a0tre stabsoffiserer. Det svenske forsvaret vil ikke gi noen detaljer om oppdraget, men sier at stabsoffiserene\u00a0er\u00a0p\u00e5 plass i forkant av en kommende \u00f8velse. Oppdraget\u00a0er\u00a0\u00e5 styrke kunnskapen om omr\u00e5det og situasjonsbildet.<\/p>\n<p>Finland:\u00a0To liaisonoffiserer\u00a0som\u00a0skal utforske mulige \u00f8vingsaktiviteter, if\u00f8lge det finske forsvarsdepartementet.<\/p>\n<p>Storbritannia:\u00a0\u00c9n offiser<\/p>\n<p>Tyskland:\u00a0Et team med 13 personer. De skal kartlegge forutsetningene for mulige milit\u00e6re bidrag\u00a0som\u00a0kan st\u00f8tte Danmarks innsats for sikkerheten i regionen, for eksempel ved \u00e5 overv\u00e5ke havomr\u00e5dene rundt\u00a0Gr\u00f8nland. Oppdraget varer fra 15.\u201317. januar og utf\u00f8res p\u00e5 oppdrag fra Danmark, if\u00f8lge regjeringen i Berlin.<\/p>\n<p>Frankrike:\u00a0Rundt 15 personer. President Emmanuel Macron sa torsdag at de f\u00f8rste soldatene\u00a0er\u00a0p\u00e5 plass i Nuuk, og at utplasseringen skal trappes opp de neste dagene.<\/p>\n<p>Estland:\u00a0Statsminister Kristen Michal sier at Estland bidrar i den planlagte milit\u00e6r\u00f8velsen og at de vil sende\u00a0milit\u00e6rt\u00a0personell\u00a0til\u00a0\u00f8ya hvis Danmark ber om det, if\u00f8lge rikskringkastingen\u00a0<a href=\"https:\/\/news.err.ee\/1609911505\/estonia-prepared-to-send-troops-to-greenland-military-exercises-if-requested\" target=\"_blank\" rel=\"nofollow noopener\">ERR<\/a>.<\/p>\n<p>Nederland:\u00a0Sender\u00a0\u00e9n offiser fra marinen og skal delta i forberedelser\u00a0til\u00a0en milit\u00e6r\u00f8velse, if\u00f8lge forsvarsdepartementet. Avisen\u00a0<a href=\"https:\/\/www.telegraaf.nl\/binnenland\/nederland-in-de-race-voor-navo-missie-op-groenland-gesprekken-over-inzet-van-onze-marine-f-35s-en-landeenheden-in-stroomversnelling\/123553663.html\" target=\"_blank\" rel=\"nofollow noopener\">Telegraaf<\/a>\u00a0har meldt om mulig utplassering av marinesoldater, kampfly og ub\u00e5ter.<\/p>\n<p>Canada:\u00a0Forsvarsdepartementet oppgir at det allerede befinner seg canadiske soldater p\u00e5\u00a0Gr\u00f8nland, men at de\u00a0er\u00a0en del av en planlagt milit\u00e6r\u00f8velse\u00a0som\u00a0finner sted hvert \u00e5r, ikke\u00a0som\u00a0f\u00f8lge av en p\u00e5g\u00e5ende konflikten mellom Danmark og USA.<\/p>\n<p>(Kilde: NTB)<\/p>\n<p>      Vis mer<br \/>\n      Vis mindre<\/p>\n<p>&#8211; Det ville v\u00e6re uklokt. Vi har mye mer bruk for tilstedev\u00e6relse ved den russiske grensa og i Baltikum, mener han.\u00a0<\/p>\n<p>Videre mener han ingen europeiske land er villige til \u00e5 kjempe mot amerikanske styrker p\u00e5 Gr\u00f8nland.\u00a0<\/p>\n<p>    <a itemprop=\"url\" href=\"https:\/\/www.dagbladet.no\/nyheter\/skal-besoke-gronland-i-mars\/84107446\" rel=\"nofollow noopener\" target=\"_blank\"><\/p>\n<p>        <img loading=\"lazy\" decoding=\"async\" src=\"https:\/\/www.europesays.com\/no\/wp-content\/uploads\/2026\/01\/1768647250_237_84107524.webp.webp\" width=\"980\" height=\"441\" title=\"Trumps Gr\u00f8nland-utsending: - Mener alvor\" alt=\"\" class=\"lazyload\" style=\"--aspect-ratio-image: 2.22; \"\/><\/p>\n<p>        Trumps Gr\u00f8nland-utsending: &#8211; Mener alvor<\/p>\n<p>    <\/a><\/p>\n<p class=\"font-weight-bold m-font-weight-bold\" data-lab-font_weight=\"font-weight-bold\">&#8211; Dette er en symbolhandlig som viser at Europa tar p\u00e5 alvor det Trump sier.\u00a0<\/p>\n<p>Han peker ogs\u00e5 p\u00e5 den begrensede infrastrukturen p\u00e5 Gr\u00f8nland, og at det ikke er bare-bare \u00e5 sende store styrker dit.\u00a0<\/p>\n<p>Han mener imidlertid at det er fornuftig at Norge har sendt personell dit n\u00e5.<\/p>\n<p>&#8211; Er man til stede, f\u00e5r man informasjon man ikke hadde f\u00e5tt ellers, p\u00e5peker han.\u00a0<\/p>\n<p>    <a itemprop=\"url\" href=\"https:\/\/www.dagbladet.no\/nyheter\/svalbard-er-en-tikkende-bombe\/84104719\" rel=\"nofollow noopener\" target=\"_blank\"><\/p>\n<p>        <img loading=\"lazy\" decoding=\"async\" src=\"https:\/\/www.europesays.com\/no\/wp-content\/uploads\/2026\/01\/1768647251_408_84105130.webp.webp\" width=\"980\" height=\"441\" title=\"- Svalbard er en tikkende bombe\" alt=\"\" class=\"lazyload\" style=\"--aspect-ratio-image: 2.22; \"\/><\/p>\n<p>        &#8211; Svalbard er en tikkende bombe<\/p>\n<p>    <\/a><\/p>\n<p>Ikke villig  <\/p>\n<p> Peter Viggo Jakobsen, Lektor ved Institutt for Strategi og Krigsstudier ved det danske Forsvarsakademiet, mener det er vanskelig \u00e5 se dette som en full milit\u00e6r opptrapping.<\/p>\n<p>&#8211; Det som tegner seg som strategi, er at stabsoffiserer skal sitte sammen med danske offiserer. Dette er ikke en kampenhet, og det kommer ikke til \u00e5 bli det heller. I f\u00f8rste omgang virker det ikke som hensikten er at soldatene skal v\u00e6re der i tilfelle USA angriper Gr\u00f8nland. Det virker mer som et politisk signal, og at de europeiske soldatene fungerer som snubletr\u00e5der for USA, sier han til Dagbladet.<\/p>\n<p>Johansen forklarer videre at man ser\u00a0tydelige signaler fra andre EU-ledere som truer med at det kan f\u00e5 ytterligere konsekvenser hvis USA angriper Gr\u00f8nland. Flere nevner \u00f8konomiske sanksjoner eller at man vil slutte \u00e5 kj\u00f8pe amerikanske v\u00e5pen.<\/p>\n<p class=\"font-weight-bold m-font-weight-bold\" data-lab-font_weight=\"font-weight-bold\">Som Dalhaug mener ogs\u00e5 Jakobsen at ingen europeiske land er villige til \u00e5 kjempe mot USA, og at dette gjenspeiles i det lave antallet soldater som er sendt dit n\u00e5.\u00a0<\/p>\n<p>&#8211;\u00a0\u00a0Jeg tror heller det er en bevisst strategi om \u00e5 sende en liten, symbolsk knyttneve og en trussel mot USA, samtidig som Danmark viser at de vil im\u00f8teg\u00e5 Trumps bekymringer om sikkerhetsrisikoen knyttet til Russland og Kina. <\/p>\n<p>    <a itemprop=\"url\" href=\"https:\/\/www.dagbladet.no\/nyheter\/kan-ikke-love-at-usa-blir-i-nato\/84110088\" rel=\"nofollow noopener\" target=\"_blank\"><\/p>\n<p>        <img loading=\"lazy\" decoding=\"async\" src=\"https:\/\/www.europesays.com\/no\/wp-content\/uploads\/2026\/01\/1768647252_314_84110145.webp.webp\" width=\"980\" height=\"441\" title=\"- Kan ikke love at USA blir i Nato\" alt=\"\" class=\"lazyload\" style=\"--aspect-ratio-image: 2.22; \"\/><\/p>\n<p>        &#8211; Kan ikke love at USA blir i Nato<\/p>\n<p>    <\/a><\/p>\n<p>Straffetoll<\/p>\n<p>Under en pressekonferanse fredag ettermiddag norsk tid <a href=\"https:\/\/borsen.dagbladet.no\/nyheter\/avslorer-plan-slik-skal-eu-knekke-trump\/84109115\" rel=\"nofollow noopener\" target=\"_blank\">varslet Trump<\/a> at han n\u00e5 vurderer\u00a0straffetoll mot land som er uenige i planene hans. Det melder Reuters.<\/p>\n<p>&#8211; Trump slipper denne bomben helt uanstrengt midt under et arrangement i Det hvite hus, skriver AFPs korrespondent\u00a0i\u00a0Det hvite hus, Danny Kemp, p\u00e5 X like etter at nyheten ble kjent.\u00a0<\/p>\n<p> P\u00e5 samme tid melder\u00a0<a href=\"https:\/\/www.bloomberg.com\/news\/articles\/2026-01-16\/eu-parliament-explores-tying-us-trade-deal-approval-to-greenland?embedded-checkout=true\" rel=\"nofollow noopener\" target=\"_blank\">Bloomberg<\/a>\u00a0at EU jobber p\u00e5 spreng bak kulissene med egne mottiltak i et fors\u00f8k p\u00e5 \u00e5 f\u00e5 Trump til \u00e5 gi opp sine fors\u00f8k p\u00e5 \u00e5 f\u00e5 kontroll over Gr\u00f8nland. <\/p>\n","protected":false},"excerpt":{"rendered":"Europas milit\u00e6re inntog p\u00e5 Gr\u00f8nland, viser at man mener alvor. Men ingen \u00f8nsker \u00e5 kjempe mot USA, mener&hellip;\n","protected":false},"author":2,"featured_media":139899,"comment_status":"","ping_status":"","sticky":false,"template":"","format":"standard","meta":{"footnotes":""},"categories":[59],"tags":[689,30,28,29,83,82,15066],"class_list":{"0":"post-139898","1":"post","2":"type-post","3":"status-publish","4":"format-standard","5":"has-post-thumbnail","7":"category-sport","8":"tag-nhl","9":"tag-no","10":"tag-norge","11":"tag-norway","12":"tag-sport","13":"tag-sports","14":"tag-tom-brady"},"share_on_mastodon":{"url":"https:\/\/pubeurope.com\/@no\/115910073669650896","error":""},"_links":{"self":[{"href":"https:\/\/www.europesays.com\/no\/wp-json\/wp\/v2\/posts\/139898","targetHints":{"allow":["GET"]}}],"collection":[{"href":"https:\/\/www.europesays.com\/no\/wp-json\/wp\/v2\/posts"}],"about":[{"href":"https:\/\/www.europesays.com\/no\/wp-json\/wp\/v2\/types\/post"}],"author":[{"embeddable":true,"href":"https:\/\/www.europesays.com\/no\/wp-json\/wp\/v2\/users\/2"}],"replies":[{"embeddable":true,"href":"https:\/\/www.europesays.com\/no\/wp-json\/wp\/v2\/comments?post=139898"}],"version-history":[{"count":0,"href":"https:\/\/www.europesays.com\/no\/wp-json\/wp\/v2\/posts\/139898\/revisions"}],"wp:featuredmedia":[{"embeddable":true,"href":"https:\/\/www.europesays.com\/no\/wp-json\/wp\/v2\/media\/139899"}],"wp:attachment":[{"href":"https:\/\/www.europesays.com\/no\/wp-json\/wp\/v2\/media?parent=139898"}],"wp:term":[{"taxonomy":"category","embeddable":true,"href":"https:\/\/www.europesays.com\/no\/wp-json\/wp\/v2\/categories?post=139898"},{"taxonomy":"post_tag","embeddable":true,"href":"https:\/\/www.europesays.com\/no\/wp-json\/wp\/v2\/tags?post=139898"}],"curies":[{"name":"wp","href":"https:\/\/api.w.org\/{rel}","templated":true}]}}