{"id":139910,"date":"2026-01-17T11:14:16","date_gmt":"2026-01-17T11:14:16","guid":{"rendered":"https:\/\/www.europesays.com\/no\/139910\/"},"modified":"2026-01-17T11:14:16","modified_gmt":"2026-01-17T11:14:16","slug":"gjorde-dypt-inntrykk","status":"publish","type":"post","link":"https:\/\/www.europesays.com\/no\/139910\/","title":{"rendered":"&#8211; Gjorde dypt inntrykk"},"content":{"rendered":"<p class=\"kicker \" style=\"\">Eirik Kristoffersen i\u00a0\u00abLeselyst\u00bb:<\/p>\n<p>    Forsvarssjef Eirik Kristoffersen (56) kommer aldri til \u00e5 glemme da han leste Jens Bj\u00f8rneboes beskrivelser av menneskets ondskap.\u00a0<\/p>\n<p>\n    FORFATTER OG FORSVARSSJEF: Eirik Kristoffersen ga ut boka \u00abBeredt\u00bb med broren Frode Kristoffersen i 2025. Foto: J\u00f8rn H.Moen \/ Dagbladet\n  <\/p>\n<p>    \u00abLeselyst\u00bb i Dagbladet:<\/p>\n<p>Dagbladet boks faste spalte, der vi stiller forfattere, kulturfolk og andre kjente folk sp\u00f8rsm\u00e5l om lesevaner og -minner.<\/p>\n<p>Har du et tips til hvem vi b\u00f8r snakke med?\u00a0<a href=\"https:\/\/www.dagbladet.no\/bok\/gjorde-dypt-inntrykk\/mailto:guro.bjornstad@db.no\" rel=\"nofollow noopener\" target=\"_blank\">Tips meg!<\/a><\/p>\n<p>      Vis mer<br \/>\n      Vis mindre<\/p>\n<p class=\"italic m-italic font-weight-bold m-font-weight-bold\" data-lab-italic=\"italic\" data-lab-font_weight=\"font-weight-bold\">&#8211; Hva leser du n\u00e5, Eirik? Og hva synes du?<\/p>\n<p>&#8211; Jeg leser boka \u00abFinland &#8211; v\u00e5r utsatte nabo\u00bb av journalist<br \/>\nog forfatter Morten Jentoft. Boka gir meg god og ny innsikt i det kompliserte<br \/>\nforholdet mellom Norge og Finland under andre verdenskrig. N\u00e5 er vi n\u00e6re<br \/>\nallierte i NATO, men det har ikke alltid v\u00e6rt like tett og tillitsfullt<br \/>\nsamarbeid mellom v\u00e5re to land.<\/p>\n<p class=\"font-weight-bold m-font-weight-bold italic m-italic\" data-lab-font_weight=\"font-weight-bold\" data-lab-italic=\"italic\">&#8211; Hvilken bok har gjort uutslettelig inntrykk p\u00e5 deg? Og<br \/>\nhvorfor?<\/p>\n<p>&#8211; Jeg skrev s\u00e6roppgave om trilogien \u00abBestialitetens historie\u00bb<br \/>\nav Jens Bj\u00f8rneboe da jeg gikk p\u00e5 videreg\u00e5ende. Krig kan f\u00e5 frem det<br \/>\nverste, men ogs\u00e5 det beste i mennesker. Jens Bj\u00f8rneboes beskrivelse av<br \/>\nmenneskets ondskap gjorde dypt inntrykk.<\/p>\n<p>    <a itemprop=\"url\" href=\"https:\/\/www.dagbladet.no\/bok\/griner-hver-gang\/84066460\" rel=\"nofollow noopener\" target=\"_blank\"><\/p>\n<p>        <img loading=\"lazy\" decoding=\"async\" src=\"https:\/\/www.europesays.com\/no\/wp-content\/uploads\/2026\/01\/84066491.webp.webp\" width=\"980\" height=\"441\" title=\"- Griner hver gang\" alt=\"\" class=\"lazyload\" style=\"--aspect-ratio-image: 2.22; \"\/><\/p>\n<p>        &#8211; Griner hver gang<\/p>\n<p>    <\/a><\/p>\n<p class=\"font-weight-bold m-font-weight-bold italic m-italic\" data-lab-font_weight=\"font-weight-bold\" data-lab-italic=\"italic\">&#8211; Hvilken forfatter skulle skrevet boka om deg? Og hvorfor?<\/p>\n<p>&#8211; Hvis \u00c5sne Seierstad hadde spurt om \u00e5 skrive bok om meg, s\u00e5<br \/>\nhadde jeg garantert sagt ja. F\u00f8rst og fremst fordi hun skriver s\u00e5 bra, men ogs\u00e5<br \/>\nfordi hun er s\u00e5 n\u00f8ye, etterrettelig og troverdig.<\/p>\n<p class=\"font-weight-bold m-font-weight-bold italic m-italic\" data-lab-font_weight=\"font-weight-bold\" data-lab-italic=\"italic\">&#8211; Hvilken selvhjelpsbok leste du sist? Og hvorfor?<\/p>\n<p>&#8211; Den siste jeg leste var \u00abAutopilot\u00bb av Bj\u00f8rn Mannsverk og<br \/>\nGunn Elisabeth H\u00e5bj\u00f8rg. Den leste jeg fordi jeg heier p\u00e5 folk som bruker og<br \/>\nformidler sine erfaringer fra livet i og utenfor Forsvaret. De er tidligere<br \/>\nforsvarsansatte.\u00a0<\/p>\n<p>En selvhjelpsbok jeg kan anbefale alle \u00e5 lese,<br \/>\nuavhengig av om de trenger selvhjelp eller ei, er \u00abH\u00e5ndbok i milit\u00e6rpsykiatri\u00bb<br \/>\n(2016) av Jon Reichelt. I Forsvaret sier vi \u00abfor alt vi har. Og alt vi er\u00bb &#8211;<br \/>\njeg mener vi alle kan bli mer bevisst p\u00e5 hvem vi egentlig er, og hva vi st\u00e5r for.<br \/>\nHvordan kan vi bli en (litt) bedre versjon av oss selv, for \u00e5 bruke et \u00abKompani<br \/>\nLauritzen\u00bb-sitat.<\/p>\n<p>    <a itemprop=\"url\" href=\"https:\/\/www.dagbladet.no\/bok\/det-er-absurd\/84073832\" rel=\"nofollow noopener\" target=\"_blank\"><\/p>\n<p>        <img loading=\"lazy\" decoding=\"async\" src=\"https:\/\/www.europesays.com\/no\/wp-content\/uploads\/2026\/01\/1768648456_761_84076188.webp.webp\" width=\"980\" height=\"441\" title=\"- Det er absurd\" alt=\"\" class=\"lazyload\" style=\"--aspect-ratio-image: 2.22; \"\/><\/p>\n<p>        &#8211; Det er absurd<\/p>\n<p>    <\/a><\/p>\n<p class=\"font-weight-bold m-font-weight-bold italic m-italic\" data-lab-font_weight=\"font-weight-bold\" data-lab-italic=\"italic\">\u00a0&#8211; Hvilken bok har du smuglest? og hvorfor smugleste du?<\/p>\n<p>&#8211; Jeg leste \u00abSangen om den r\u00f8de Rubin\u00bb av Agnar Mykle i smug<br \/>\np\u00e5 rommet i ungdoms\u00e5rene. Vet ikke helt hvorfor jeg leste den i skjul, men den<br \/>\nhadde v\u00e6rt forbudt. Jeg husker jeg var ganske skuffet og forstod ikke hvorfor<br \/>\nden skulle ha v\u00e6rt kontroversiell.<\/p>\n<p class=\"font-weight-bold m-font-weight-bold italic m-italic\" data-lab-font_weight=\"font-weight-bold\" data-lab-italic=\"italic\">&#8211; Hvilken romankarakter kan du ikke fordra? Og hvorfor?<\/p>\n<p>&#8211; \u00abIkke fordra\u00bb er et sterkt uttrykk, men Peer Gynt er en<br \/>\nirriterende person som har alle trekkene ved romanpersoner jeg ikke liker.<br \/>\nSelvsentrert, l\u00f8gnaktig og svikefull. Men, egentlig er det jo bare synd p\u00e5 ham.<\/p>\n<p class=\"font-weight-bold m-font-weight-bold italic m-italic\" data-lab-font_weight=\"font-weight-bold\" data-lab-italic=\"italic\">&#8211; &#8230;og hvilken romankarakter ville du ligget med? Og hvorfor?<\/p>\n<p>&#8211; Det m\u00e5tte i s\u00e5 fall v\u00e6rt en romankarakter basert p\u00e5 min kone Linn Therece.\u00a0<\/p>\n<p>    Eirik Kristoffersen (56)<\/p>\n<p>Eirik Kristoffersen er en norsk general, som har v\u00e6rt forsvarssjef siden 2020.\u00a0<\/p>\n<p>I 2025 ga han ut boka\u00a0\u00abBeredt &#8211; forsvarsevne og motstandskraft\u00bb p\u00e5 Gyldendal forlag sammen med broren Frode Kristoffersen.\u00a0<\/p>\n<p>Frode Kristoffersen er generalmajor og har en toppstilling i Nato i USA.\u00a0<\/p>\n<p>Eirik Kristoffersen driver ogs\u00e5\u00a0\u00abForsvarssjefens bokklubb\u00bb, der han inviterer tidligere og n\u00e5v\u00e6rende ansatte til \u00e5 lese en bok, m\u00f8te forfatteren og diskutere boka.\u00a0<\/p>\n<p>      Vis mer<br \/>\n      Vis mindre<\/p>\n","protected":false},"excerpt":{"rendered":"Eirik Kristoffersen i\u00a0\u00abLeselyst\u00bb: Forsvarssjef Eirik Kristoffersen (56) kommer aldri til \u00e5 glemme da han leste Jens Bj\u00f8rneboes beskrivelser&hellip;\n","protected":false},"author":2,"featured_media":139911,"comment_status":"","ping_status":"","sticky":false,"template":"","format":"standard","meta":{"footnotes":""},"categories":[12],"tags":[150,4426,8110,15045,20,21,24,25,15,22,23,13,30,28,29,14,16,26,27,42,43,44,45],"class_list":{"0":"post-139910","1":"post","2":"type-post","3":"status-publish","4":"format-standard","5":"has-post-thumbnail","7":"category-verden","8":"tag-bok","9":"tag-bokmerker","10":"tag-boknyhet","11":"tag-bokvaren-2026","12":"tag-breaking-news","13":"tag-breakingnews","14":"tag-featured-news","15":"tag-featurednews","16":"tag-headlines","17":"tag-latest-news","18":"tag-latestnews","19":"tag-news","20":"tag-no","21":"tag-norge","22":"tag-norway","23":"tag-nyheter","24":"tag-overskrifter","25":"tag-top-stories","26":"tag-topstories","27":"tag-verden","28":"tag-world","29":"tag-world-news","30":"tag-worldnews"},"share_on_mastodon":{"url":"https:\/\/pubeurope.com\/@no\/115910152203968502","error":""},"_links":{"self":[{"href":"https:\/\/www.europesays.com\/no\/wp-json\/wp\/v2\/posts\/139910","targetHints":{"allow":["GET"]}}],"collection":[{"href":"https:\/\/www.europesays.com\/no\/wp-json\/wp\/v2\/posts"}],"about":[{"href":"https:\/\/www.europesays.com\/no\/wp-json\/wp\/v2\/types\/post"}],"author":[{"embeddable":true,"href":"https:\/\/www.europesays.com\/no\/wp-json\/wp\/v2\/users\/2"}],"replies":[{"embeddable":true,"href":"https:\/\/www.europesays.com\/no\/wp-json\/wp\/v2\/comments?post=139910"}],"version-history":[{"count":0,"href":"https:\/\/www.europesays.com\/no\/wp-json\/wp\/v2\/posts\/139910\/revisions"}],"wp:featuredmedia":[{"embeddable":true,"href":"https:\/\/www.europesays.com\/no\/wp-json\/wp\/v2\/media\/139911"}],"wp:attachment":[{"href":"https:\/\/www.europesays.com\/no\/wp-json\/wp\/v2\/media?parent=139910"}],"wp:term":[{"taxonomy":"category","embeddable":true,"href":"https:\/\/www.europesays.com\/no\/wp-json\/wp\/v2\/categories?post=139910"},{"taxonomy":"post_tag","embeddable":true,"href":"https:\/\/www.europesays.com\/no\/wp-json\/wp\/v2\/tags?post=139910"}],"curies":[{"name":"wp","href":"https:\/\/api.w.org\/{rel}","templated":true}]}}