{"id":139912,"date":"2026-01-17T11:17:07","date_gmt":"2026-01-17T11:17:07","guid":{"rendered":"https:\/\/www.europesays.com\/no\/139912\/"},"modified":"2026-01-17T11:17:07","modified_gmt":"2026-01-17T11:17:07","slug":"petter-northug-langrenn-petter-northug-fortjener-5-millioner-i-lonn","status":"publish","type":"post","link":"https:\/\/www.europesays.com\/no\/139912\/","title":{"rendered":"Petter Northug, Langrenn | Petter Northug fortjener 5 millioner i l\u00f8nn"},"content":{"rendered":"\n<p>Men, skulle ikke fotballandslagets trener, St\u00e5le Solbakken, f\u00e5 svimlende ti millioner kroner i \u00e5ret?<\/p>\n<p>Jo da, og det er god, sv\u00e6rt god \u00abbutikk\u00bb for Norges Fotballforbund. Og, jeg gjentar gjerne det jeg skrev tidligere at Solbakken fortjener hver eneste krone. Bare s\u00e5 det er sagt!<\/p>\n<p><b>Les ogs\u00e5: <a href=\"https:\/\/www.nettavisen.no\/norsk-debatt\/stale-solbakken-hvorfor-10-millioner-er-billig\/o\/5-95-2776819\" rel=\"Follow nofollow noopener\" target=\"_blank\">En snau million i l\u00f8nn \u2013 i m\u00e5neden<\/a><\/b><\/p>\n<p>Og jeg p\u00e5st\u00e5r i fullt alvor at fem millioner kroner til Petter Northug vil v\u00e6re fortjent. Og l\u00f8nnsomt for Skiforbundet. Det er flere grunner til at langrennsledelsen i Norges Skiforbund b\u00f8r ansette Petter Northug.<\/p>\n<p>            Ernst A. Lersveen<\/p>\n<p>Jobbet hele livet som journalist\/reporter. Startet i lokalaviser, s\u00e5 ti \u00e5r i NRK, deretter 28 \u00e5r i TV 2. Har de siste \u00e5rene jobbet med skisport; spesielt langrenn. <\/p>\n<p>  Petter Northug er fortsatt kul<\/p>\n<p>Langrenn sliter blant annet med synlighet, frafall og rekruttering. Og her kan Petter Northug utgj\u00f8re en forskjell. Han skal ikke, som Solbakken, v\u00e6re trener. Nei, han skal v\u00e6re mentor, inspirator og ambassad\u00f8r. Mentor for trenere, ledere og ut\u00f8vere. Og kommersiell ambassad\u00f8r Tenk hvordan Northug ville f\u00e5tt sponsorene til \u00e5 skinne.<\/p>\n<p>Det er ikke s\u00e5 mange som vet hvem sponsorene til langrenn er, jeg tror noen flere har f\u00e5tt med seg hvem som sponser Northug!<\/p>\n<p>Northug er \u2013 til tross for at det snart er ti \u00e5r siden han ga seg med tradisjonelt langrenn \u2013 en profil i \u00abskifamilien\u00bb. De er det for \u00f8vrig f\u00e5 av. Og det finnes vel ikke noen bedre til \u00e5 inspirere barn og unge enn nettopp Petter Northug. De unge synes fortsatt at han er kul.<\/p>\n<p>Det mangler ikke p\u00e5 oppgaver for Petter Northug i Norges Skiforbund. Det som er mangelvare er \u00e5 v\u00e5ge \u00e5 tenke utradisjonelt hos de trauste lederne i Skiforbundet.<\/p>\n<p>Jeg er overbevist om at fem millioner til Northug ville gitt Skiforbundet, med kreativ bruk av skikongen, det mangedobbelte tilbake. Men.<\/p>\n<p>Er Skiforbundet villig til \u00e5 bruke en av Norges sterkeste oppmerksomhetsmagneter for \u00e5 skape relevans og oppmerksomhet i en idrett som er i t\u00f8ff konkurranse om folks interesse, tid og folks penger?<\/p>\n<p>    En skipensjonert skikonge p\u00e5 40 \u00e5r<\/p>\n<p>NM p\u00e5 ski i Steinkjer har vist med all tydelighet hva slags oppmerksomhetsmagnet Petter Northug er. Allerede f\u00f8r mesterskapet lagde mediene saker p\u00e5 at \u00abNorthug stiller\u00bb. En skipensjonert skikonge p\u00e5 40 \u00e5r! Og i Steinkjer \u00abvant\u00bb Northug NM!<\/p>\n<p>I Steinkjer markedsf\u00f8rte den beskjedne tr\u00f8nderen seg som \u00abThe G.O.A.T.\u00bb Greatest of all time!<\/p>\n<p>Selv om det var kamp om OL-plasser s\u00e5 stjal Petter Northug mye av oppmerksomheten. Det sier sitt at i Dagsrevyen torsdag kveld var Petter Northug en av overskriftene. Ikke fordi han imponerte, han ble nummer 73.<\/p>\n<p>Nei, fordi han rykket fra NM-vinner Einar Hedegart i en motbakke. Men, raskt etterp\u00e5 var tempoet bedagelig og Northug ble sl\u00e5tt med godt over 2 minutter av sambygdingen.<\/p>\n<p>Og la meg ogs\u00e5 legge til at i fredagens papirutgave av Aftenposten, som for \u00f8vrig har lagt ned sportsavdelingen, er det en egen sak om at Northug ble grundig sl\u00e5tt. Det nevnes i en bisetning at Einar Hedegart vant. Ikke ett ord om kvinneklassen i NM!<\/p>\n<p><b>Les ogs\u00e5: <a href=\"https:\/\/www.nettavisen.no\/norsk-debatt\/det-blir-brak-dersom-emil-iversen-ikke-blir-tatt-ut-til-ol\/o\/5-95-2822779\" rel=\"Follow nofollow noopener\" target=\"_blank\">OL-uttak: Det blir garantert br\u00e5k<\/a><\/b><\/p>\n<p>Har noe som ingen andre har<\/p>\n<p>Petter Northug er naturligvis ikke l\u00f8sningen p\u00e5 alle utfordringer i langrenn og Norges Skiforbund. Men, han har noe som ingen i norsk langrenn har:<\/p>\n<ul>\n<li>Han skaper oppmerksomhet uten \u00e5 be om det.<\/li>\n<li>Han f\u00e5r folk som ikke f\u00f8lger langrenn til \u00e5 bry seg.<\/li>\n<li>Han er fortsatt et samtaleemne p\u00e5 tvers av generasjoner.<\/li>\n<li>Han klarte alts\u00e5 denne uka \u00e5 f\u00e5 et NM, nesten uten landslagsl\u00f8pere, til \u00e5 bli stoff for tabloidavisene. Og Dagsrevyen!<\/li>\n<\/ul>\n<p>Northug er en mester i \u00e5 skape oppmerksomhet. Det trenger langrenn og Skiforbundet. Petter Northug har i tillegg kunnskap om toppidrett \u2013 som flere b\u00f8r f\u00e5 del i.<\/p>\n","protected":false},"excerpt":{"rendered":"Men, skulle ikke fotballandslagets trener, St\u00e5le Solbakken, f\u00e5 svimlende ti millioner kroner i \u00e5ret? Jo da, og det&hellip;\n","protected":false},"author":2,"featured_media":139913,"comment_status":"","ping_status":"","sticky":false,"template":"","format":"standard","meta":{"footnotes":""},"categories":[59],"tags":[30,28,29,83,82],"class_list":{"0":"post-139912","1":"post","2":"type-post","3":"status-publish","4":"format-standard","5":"has-post-thumbnail","7":"category-sport","8":"tag-no","9":"tag-norge","10":"tag-norway","11":"tag-sport","12":"tag-sports"},"share_on_mastodon":{"url":"https:\/\/pubeurope.com\/@no\/115910163994531388","error":""},"_links":{"self":[{"href":"https:\/\/www.europesays.com\/no\/wp-json\/wp\/v2\/posts\/139912","targetHints":{"allow":["GET"]}}],"collection":[{"href":"https:\/\/www.europesays.com\/no\/wp-json\/wp\/v2\/posts"}],"about":[{"href":"https:\/\/www.europesays.com\/no\/wp-json\/wp\/v2\/types\/post"}],"author":[{"embeddable":true,"href":"https:\/\/www.europesays.com\/no\/wp-json\/wp\/v2\/users\/2"}],"replies":[{"embeddable":true,"href":"https:\/\/www.europesays.com\/no\/wp-json\/wp\/v2\/comments?post=139912"}],"version-history":[{"count":0,"href":"https:\/\/www.europesays.com\/no\/wp-json\/wp\/v2\/posts\/139912\/revisions"}],"wp:featuredmedia":[{"embeddable":true,"href":"https:\/\/www.europesays.com\/no\/wp-json\/wp\/v2\/media\/139913"}],"wp:attachment":[{"href":"https:\/\/www.europesays.com\/no\/wp-json\/wp\/v2\/media?parent=139912"}],"wp:term":[{"taxonomy":"category","embeddable":true,"href":"https:\/\/www.europesays.com\/no\/wp-json\/wp\/v2\/categories?post=139912"},{"taxonomy":"post_tag","embeddable":true,"href":"https:\/\/www.europesays.com\/no\/wp-json\/wp\/v2\/tags?post=139912"}],"curies":[{"name":"wp","href":"https:\/\/api.w.org\/{rel}","templated":true}]}}