{"id":139914,"date":"2026-01-17T11:19:08","date_gmt":"2026-01-17T11:19:08","guid":{"rendered":"https:\/\/www.europesays.com\/no\/139914\/"},"modified":"2026-01-17T11:19:08","modified_gmt":"2026-01-17T11:19:08","slug":"the-division-sjefen-har-plutselig-stukket-for-a-lage-battlefield","status":"publish","type":"post","link":"https:\/\/www.europesays.com\/no\/139914\/","title":{"rendered":"The Division-sjefen har plutselig stukket for \u00e5 lage Battlefield"},"content":{"rendered":"<p>Etter to \u00e5r som sjef for The Division-serien, har <strong>Julian Gerighty<\/strong> pakket sakene sine og dratt. Utvikleren skal til EA for \u00e5 lage Battlefield, men lover at Ubisofts skytespill er i gode hender.<\/p>\n<p>Jobbskiftet ble <a role=\"link\" href=\"https:\/\/x.com\/jgerighty\/status\/2012156450039033939\" rel=\"nofollow\">kunngjort av hovedpersonen selv<\/a> p\u00e5 fredag, bare en uke etter at han <a role=\"link\" href=\"https:\/\/www.gamer.no\/artikler\/spillsjefen-tror-the-division-3-vil-sla-like-hardt-fra-seg-som-det-forste-spillet\/519745\" rel=\"nofollow noopener\" target=\"_blank\">delte nyheter om fremdriften<\/a> p\u00e5 The Division 3. Overgangen f\u00f8lger <a role=\"link\" href=\"https:\/\/www.gamer.no\/artikler\/arets-andre-runde-med-kutt-hos-ubisoft-rammer-the-division-utvikleren\/519835\" rel=\"nofollow noopener\" target=\"_blank\">st\u00f8rre kutt hos utvikler Massive<\/a>, men spillet skal visstnok ligge godt an.<\/p>\n<p>\u2013 Fremtiden til The Division er lys, og jeg gleder meg til dere f\u00e5r oppdage hva teamene har jobbet med.<\/p>\n<p>        <a href=\"https:\/\/www.europesays.com\/no\/wp-content\/uploads\/2026\/01\/UN_Julian_960x540.jpg\"><\/p>\n<p>        <img decoding=\"async\" onload=\"this.style = null\" src=\"https:\/\/www.europesays.com\/no\/wp-content\/uploads\/2026\/01\/UN_Julian_960x540.jpg\" style=\"background-image: url('data:image\/jpeg;base64,\/9j\/4QC8RXhpZgAASUkqAAgAAAAGABIBAwABAAAAAQAAABoBBQABAAAAVgAAABsBBQABAAAAXgAAACgBAwABAAAAAgAAABMCAwABAAAAAQAAAGmHBAABAAAAZgAAAAAAAABIAAAAAQAAAEgAAAABAAAABgAAkAcABAAAADAyMTABkQcABAAAAAECAwAAoAcABAAAADAxMDABoAMAAQAAAP\/\/AAACoAQAAQAAACQAAAADoAQAAQAAABQAAAAAAAAA\/9sAQwAIBgYHBgUIBwcHCQkICgwUDQwLCwwZEhMPFB0aHx4dGhwcICQuJyAiLCMcHCg3KSwwMTQ0NB8nOT04MjwuMzQy\/9sAQwEJCQkMCwwYDQ0YMiEcITIyMjIyMjIyMjIyMjIyMjIyMjIyMjIyMjIyMjIyMjIyMjIyMjIyMjIyMjIyMjIyMjIy\/8AAEQgAFAAkAwEiAAIRAQMRAf\/EAB8AAAEFAQEBAQEBAAAAAAAAAAABAgMEBQYHCAkKC\/\/EALUQAAIBAwMCBAMFBQQEAAABfQECAwAEEQUSITFBBhNRYQcicRQygZGhCCNCscEVUtHwJDNicoIJChYXGBkaJSYnKCkqNDU2Nzg5OkNERUZHSElKU1RVVldYWVpjZGVmZ2hpanN0dXZ3eHl6g4SFhoeIiYqSk5SVlpeYmZqio6Slpqeoqaqys7S1tre4ubrCw8TFxsfIycrS09TV1tfY2drh4uPk5ebn6Onq8fLz9PX29\/j5+v\/EAB8BAAMBAQEBAQEBAQEAAAAAAAABAgMEBQYHCAkKC\/\/EALURAAIBAgQEAwQHBQQEAAECdwABAgMRBAUhMQYSQVEHYXETIjKBCBRCkaGxwQkjM1LwFWJy0QoWJDThJfEXGBkaJicoKSo1Njc4OTpDREVGR0hJSlNUVVZXWFlaY2RlZmdoaWpzdHV2d3h5eoKDhIWGh4iJipKTlJWWl5iZmqKjpKWmp6ipqrKztLW2t7i5usLDxMXGx8jJytLT1NXW19jZ2uLj5OXm5+jp6vLz9PX29\/j5+v\/aAAwDAQACEQMRAD8A8SFKBkgUgpyn5gaAL9zpslvapMeVYVn1qXd69xbIgOFQYxWV3pK\/UqVugUUUUyRKcvWiigCUnPFRPwaKKAEooooA\/9k=');background-size:cover;background-position:50% 50%;\" class=\"image-container__image \" width=\"960\" height=\"540\" loading=\"lazy\" fetchpriority=\"auto\" \/><\/p>\n<p>        <\/a><\/p>\n<p>                                    Julian Gerighty tok over The Division-serien h\u00f8sten 2023.<\/p>\n<p>                        Ubisoft\n                    <\/p>\n<p>Kort tid etter <a role=\"link\" href=\"https:\/\/x.com\/UbiMassive\/status\/2012157010784186856\" rel=\"nofollow\">stemte utvikler Massive Entertainment i<\/a> med en takk for f\u00f8lget. Det var utviklerstudioet som avsl\u00f8rte at Gerighty g\u00e5r over til Battlefield Studios, men akkurat hva han skal gj\u00f8re der er forel\u00f8pig uklart. <\/p>\n<p>Massive fors\u00f8kte ogs\u00e5 \u00e5 roe eventuelle bekymringer fra fans.<\/p>\n<p>\u2013 Til v\u00e5re spillere: ikke v\u00e6r engstelige, agenter. Teamene v\u00e5re som har bygget denne verdenen med Julian er fortsatt her, og b\u00e6rer den videre med ambisi\u00f8s og uendret driv for fremtiden med b\u00e5de The Division 2, The Division 2: Survivors, The Division Resurgence og The Division 3.<\/p>\n<p><strong>LES OGS\u00c5: <a role=\"link\" href=\"https:\/\/www.gamer.no\/artikler\/utsetter-neste-battlefield-6-sesong\/519834\" rel=\"nofollow noopener\" target=\"_blank\">Utsetter nytt innhold til Battlefield 6 \u00bb<\/a><\/strong><\/p>\n","protected":false},"excerpt":{"rendered":"Etter to \u00e5r som sjef for The Division-serien, har Julian Gerighty pakket sakene sine og dratt. Utvikleren skal&hellip;\n","protected":false},"author":2,"featured_media":139915,"comment_status":"","ping_status":"","sticky":false,"template":"","format":"standard","meta":{"footnotes":""},"categories":[57],"tags":[30,28,29,65,63,64,66,70,69,67,68],"class_list":{"0":"post-139914","1":"post","2":"type-post","3":"status-publish","4":"format-standard","5":"has-post-thumbnail","7":"category-vitenskap-og-teknologi","8":"tag-no","9":"tag-norge","10":"tag-norway","11":"tag-science","12":"tag-science-and-technology","13":"tag-scienceandtechnology","14":"tag-technology","15":"tag-teknologi","16":"tag-vitenskap","17":"tag-vitenskap-og-teknologi","18":"tag-vitenskapteknologi"},"share_on_mastodon":{"url":"https:\/\/pubeurope.com\/@no\/115910171903902894","error":""},"_links":{"self":[{"href":"https:\/\/www.europesays.com\/no\/wp-json\/wp\/v2\/posts\/139914","targetHints":{"allow":["GET"]}}],"collection":[{"href":"https:\/\/www.europesays.com\/no\/wp-json\/wp\/v2\/posts"}],"about":[{"href":"https:\/\/www.europesays.com\/no\/wp-json\/wp\/v2\/types\/post"}],"author":[{"embeddable":true,"href":"https:\/\/www.europesays.com\/no\/wp-json\/wp\/v2\/users\/2"}],"replies":[{"embeddable":true,"href":"https:\/\/www.europesays.com\/no\/wp-json\/wp\/v2\/comments?post=139914"}],"version-history":[{"count":0,"href":"https:\/\/www.europesays.com\/no\/wp-json\/wp\/v2\/posts\/139914\/revisions"}],"wp:featuredmedia":[{"embeddable":true,"href":"https:\/\/www.europesays.com\/no\/wp-json\/wp\/v2\/media\/139915"}],"wp:attachment":[{"href":"https:\/\/www.europesays.com\/no\/wp-json\/wp\/v2\/media?parent=139914"}],"wp:term":[{"taxonomy":"category","embeddable":true,"href":"https:\/\/www.europesays.com\/no\/wp-json\/wp\/v2\/categories?post=139914"},{"taxonomy":"post_tag","embeddable":true,"href":"https:\/\/www.europesays.com\/no\/wp-json\/wp\/v2\/tags?post=139914"}],"curies":[{"name":"wp","href":"https:\/\/api.w.org\/{rel}","templated":true}]}}