{"id":139916,"date":"2026-01-17T11:21:13","date_gmt":"2026-01-17T11:21:13","guid":{"rendered":"https:\/\/www.europesays.com\/no\/139916\/"},"modified":"2026-01-17T11:21:13","modified_gmt":"2026-01-17T11:21:13","slug":"ecuador-narkotika-ecuador-setter-10-000-soldater-inn-i-kampen-mot-narkovold","status":"publish","type":"post","link":"https:\/\/www.europesays.com\/no\/139916\/","title":{"rendered":"Ecuador, Narkotika | Ecuador setter 10.000 soldater inn i kampen mot narkovold"},"content":{"rendered":"\n<p>President Daniel Noboa og hans regjering har lovet \u00e5 bruke kraftige midler for \u00e5 f\u00e5 bukt med rekordh\u00f8ye draps- og voldstall. I en uttalelse fredag lover forsvarsdepartementet \u00abfengsel eller helvete for enhver som truer sikkerheten\u00bb.<\/p>\n<p>Samme dag ble flere hundre spesialsoldater sendt til provinsene Guayas, Manabi og Los Rios, sier general Mario Bedoya i luftforsvaret til mediene. Fly med milit\u00e6rt personell ble ogs\u00e5 sent til landets viktigste fiskehavn, Manta.<\/p>\n<p>Ecuador ligger mellom Colombia og Peru \u2013 verdens to st\u00f8rste produsenter av kokain \u2013 og har opplevd en kraftig \u00f8kning i vold utf\u00f8rt av gjenger med tilknytning til mexicanske og colombianske narkokarteller.<\/p>\n<p>Drap og voldelige sammenst\u00f8t i nabolag og p\u00e5 offentlige steder har blitt vanlig, og i fjor endte landet med en drapsrate p\u00e5 52 per 100.000 innbyggere, med ett drap hver time, if\u00f8lge Organized Crime Observatory i Gen\u00e8ve.<\/p>\n<p>(\u00a9NTB)<\/p>\n","protected":false},"excerpt":{"rendered":"President Daniel Noboa og hans regjering har lovet \u00e5 bruke kraftige midler for \u00e5 f\u00e5 bukt med rekordh\u00f8ye&hellip;\n","protected":false},"author":2,"featured_media":139917,"comment_status":"","ping_status":"","sticky":false,"template":"","format":"standard","meta":{"footnotes":""},"categories":[12],"tags":[20,21,24,25,15,22,23,13,30,28,29,14,16,26,27,42,43,44,45],"class_list":{"0":"post-139916","1":"post","2":"type-post","3":"status-publish","4":"format-standard","5":"has-post-thumbnail","7":"category-verden","8":"tag-breaking-news","9":"tag-breakingnews","10":"tag-featured-news","11":"tag-featurednews","12":"tag-headlines","13":"tag-latest-news","14":"tag-latestnews","15":"tag-news","16":"tag-no","17":"tag-norge","18":"tag-norway","19":"tag-nyheter","20":"tag-overskrifter","21":"tag-top-stories","22":"tag-topstories","23":"tag-verden","24":"tag-world","25":"tag-world-news","26":"tag-worldnews"},"share_on_mastodon":{"url":"https:\/\/pubeurope.com\/@no\/115910179734618719","error":""},"_links":{"self":[{"href":"https:\/\/www.europesays.com\/no\/wp-json\/wp\/v2\/posts\/139916","targetHints":{"allow":["GET"]}}],"collection":[{"href":"https:\/\/www.europesays.com\/no\/wp-json\/wp\/v2\/posts"}],"about":[{"href":"https:\/\/www.europesays.com\/no\/wp-json\/wp\/v2\/types\/post"}],"author":[{"embeddable":true,"href":"https:\/\/www.europesays.com\/no\/wp-json\/wp\/v2\/users\/2"}],"replies":[{"embeddable":true,"href":"https:\/\/www.europesays.com\/no\/wp-json\/wp\/v2\/comments?post=139916"}],"version-history":[{"count":0,"href":"https:\/\/www.europesays.com\/no\/wp-json\/wp\/v2\/posts\/139916\/revisions"}],"wp:featuredmedia":[{"embeddable":true,"href":"https:\/\/www.europesays.com\/no\/wp-json\/wp\/v2\/media\/139917"}],"wp:attachment":[{"href":"https:\/\/www.europesays.com\/no\/wp-json\/wp\/v2\/media?parent=139916"}],"wp:term":[{"taxonomy":"category","embeddable":true,"href":"https:\/\/www.europesays.com\/no\/wp-json\/wp\/v2\/categories?post=139916"},{"taxonomy":"post_tag","embeddable":true,"href":"https:\/\/www.europesays.com\/no\/wp-json\/wp\/v2\/tags?post=139916"}],"curies":[{"name":"wp","href":"https:\/\/api.w.org\/{rel}","templated":true}]}}