{"id":139918,"date":"2026-01-17T11:24:08","date_gmt":"2026-01-17T11:24:08","guid":{"rendered":"https:\/\/www.europesays.com\/no\/139918\/"},"modified":"2026-01-17T11:24:08","modified_gmt":"2026-01-17T11:24:08","slug":"veldig-overrasket","status":"publish","type":"post","link":"https:\/\/www.europesays.com\/no\/139918\/","title":{"rendered":"&#8211; Veldig overrasket"},"content":{"rendered":"<p>Kong Harald (88) drar til OL for f\u00f8rste gang siden 2014.\u00a0<\/p>\n<p>Dronning Sonja blir ogs\u00e5 med til Italia. Oppm\u00f8te kommer frem i kongehusets <a href=\"https:\/\/www.kongehuset.no\/program\" target=\"_blank\" rel=\"nofollow noopener\">program.<\/a><\/p>\n<p>Skiskyting i Anterselva f\u00e5r de ikke med seg.\u00a0<\/p>\n<p>\u2013 Forkastelig. Da velger jeg \u00e5 invitere Sverre Magnus og Ingrid Alexandra, sp\u00f8kte Vetle Sj\u00e5stad Christiansen til TV 2:<\/p>\n<p>M\u00e5per:\u00a0\u2013 Stort<\/p>\n<p>Kongeparet har nemlig heller valgt seg ut tre sk\u00f8ytel\u00f8p fra 7. til 9. februar i Milano:<\/p>\n<p>3000 og 1000 meter for kvinner, i tillegg til 5000-meteren til herrene.<\/p>\n<p>\u2013 Det er selvf\u00f8lgelig veldig, veldig stort, sier Ragne Wiklund til TV 2. Hun er fersk EM-vinner p\u00e5 3000- og 1500 meter.\u00a0<\/p>\n<p>        <img class=\"image__img lazyload\" itemprop=\"image\" title=\"Foto: Geir Olsen \/ NTB\" alt=\"GLEDER SEG: Ragne Wiklund forteller at kongebes\u00f8ket gir motivasjon. Foto: Geir Olsen \/ NTB\" width=\"675\" height=\"453\" bad-src=\"https:\/\/www.europesays.com\/no\/wp-content\/uploads\/2026\/01\/18468002.webp.jpeg\" fetchpriority=\"auto\" \/><\/p>\n<p>      GLEDER SEG: Ragne Wiklund forteller at kongebes\u00f8ket gir motivasjon.<br \/>\n         Foto: Geir Olsen \/ NTB<\/p>\n<p>25-\u00e5ringen har ogs\u00e5 VM-gull p\u00e5 de samme distansene og skal n\u00e5 jakte de gjeve OL-medaljene hun mangler i februar.<\/p>\n<p>\u2013 Det gir absolutt litt ekstra motivasjon at kongen og dronningen kommer, forteller Wiklund.<\/p>\n<p>Men det er ikke f\u00f8rste gang kongen ser henne i aksjon.<\/p>\n<p>\u2013 Det har faktisk skjedd en gang tidligere. I 2009 gikk jeg pr\u00f8ve-par i sprint-NM p\u00e5 Frogner Stadion, som ni\u00e5ring.\u00a0<\/p>\n<p>\u2013 Det var fryktelig stort og stas da, og det blir nok ikke noe mindre stort denne gangen, fortsetter Wiklund.<\/p>\n<p>\u2013 Veldig overrasket<\/p>\n<p>P\u00e5 herrenes 5000 meter er Sander Eitrem Norges store gullh\u00e5p.\u00a0<\/p>\n<p>I tillegg stiller blant andre NM-vinner Sigurd Henriksen fra Fana i Bergen p\u00e5 startstreken.<\/p>\n<p>        <img class=\"image__img lazyload\" itemprop=\"image\" title=\"Foto: Christoffer Andersen \/ NTB\" alt=\"TALENT: Sigurd Henriksen er klar for sitt f\u00f8rste OL. Foto: Christoffer Andersen \/ NTB\" width=\"675\" height=\"453\" bad-src=\"https:\/\/www.europesays.com\/no\/wp-content\/uploads\/2026\/01\/18468008.webp.jpeg\" fetchpriority=\"auto\" \/><\/p>\n<p>      TALENT: Sigurd Henriksen er klar for sitt f\u00f8rste OL.<br \/>\n         Foto: Christoffer Andersen \/ NTB<\/p>\n<p>Om kongebes\u00f8ket sier han:<\/p>\n<p class=\"bold m-bold\" data-lab-font_weight=\"bold\">\u2013 Jeg ble veldig positivt overrasket av det. Jeg har vokst opp med \u00e5 se de kongelige p\u00e5 de st\u00f8rste sportslige begivenhetene, s\u00e5 at de velger \u00e5 se p\u00e5 oss i Milano er veldig kult og motiverende, lyder det fra Henriksen.\u00a0<\/p>\n<p>21-\u00e5ringen skal ogs\u00e5 g\u00e5 10.000 meter og lagtempo i OL.\u00a0<\/p>\n<p class=\"italic m-italic\" data-lab-italic=\"italic\">\u2013 Blir det ekstra nerver med Kongen og Dronningen p\u00e5 tribunen?<\/p>\n<p>\u2013 Jeg vil tippe det blir litt ekstra ja, men jeg f\u00e5r pr\u00f8ve \u00e5 ha kontroll p\u00e5 de, svarer Henriksen og smiler.<\/p>\n<p>Kronprins Haakon blir \u00e5 se p\u00e5 kvinne- og herrestafetten i langrenn, hoppherrenes storbakkerenn, kvalifisering i big air for menn og herrenes slal\u00e5mrenn.\u00a0<\/p>\n<p>        Kongefamiliens OL-program:<\/p>\n<ul>\n<li>7. februar (sk\u00f8yter): Kongen og dronningen f\u00f8lger kvinnenes 3000 meter.<\/li>\n<li>8. februar (sk\u00f8yter): Kongen og dronningen ser 5000 meter for menn.<\/li>\n<li>9. februar (sk\u00f8yter): Kongen og dronningen er til stede p\u00e5 kvinnenes 1000 meter.<\/li>\n<li>14. februar (langrenn\/hopp): Kronprinsen f\u00f8lger kvinnestafetten i Val di Fiemme og hoppherrenes storbakkerenn samme sted.<\/li>\n<li>15. februar (langrenn\/friski): Kronprinsen ser herrestafetten i Val di Fiemme og kvalifisering i big air for menn i Livigno.<\/li>\n<li>16. februar (alpint): Kronprinsen er til stede under mennenes slal\u00e5mrenn i Bormio.<\/li>\n<\/ul>\n","protected":false},"excerpt":{"rendered":"Kong Harald (88) drar til OL for f\u00f8rste gang siden 2014.\u00a0 Dronning Sonja blir ogs\u00e5 med til Italia.&hellip;\n","protected":false},"author":2,"featured_media":139919,"comment_status":"","ping_status":"","sticky":false,"template":"","format":"standard","meta":{"footnotes":""},"categories":[59],"tags":[30,28,29,83,82],"class_list":{"0":"post-139918","1":"post","2":"type-post","3":"status-publish","4":"format-standard","5":"has-post-thumbnail","7":"category-sport","8":"tag-no","9":"tag-norge","10":"tag-norway","11":"tag-sport","12":"tag-sports"},"share_on_mastodon":{"url":"https:\/\/pubeurope.com\/@no\/115910191512885344","error":""},"_links":{"self":[{"href":"https:\/\/www.europesays.com\/no\/wp-json\/wp\/v2\/posts\/139918","targetHints":{"allow":["GET"]}}],"collection":[{"href":"https:\/\/www.europesays.com\/no\/wp-json\/wp\/v2\/posts"}],"about":[{"href":"https:\/\/www.europesays.com\/no\/wp-json\/wp\/v2\/types\/post"}],"author":[{"embeddable":true,"href":"https:\/\/www.europesays.com\/no\/wp-json\/wp\/v2\/users\/2"}],"replies":[{"embeddable":true,"href":"https:\/\/www.europesays.com\/no\/wp-json\/wp\/v2\/comments?post=139918"}],"version-history":[{"count":0,"href":"https:\/\/www.europesays.com\/no\/wp-json\/wp\/v2\/posts\/139918\/revisions"}],"wp:featuredmedia":[{"embeddable":true,"href":"https:\/\/www.europesays.com\/no\/wp-json\/wp\/v2\/media\/139919"}],"wp:attachment":[{"href":"https:\/\/www.europesays.com\/no\/wp-json\/wp\/v2\/media?parent=139918"}],"wp:term":[{"taxonomy":"category","embeddable":true,"href":"https:\/\/www.europesays.com\/no\/wp-json\/wp\/v2\/categories?post=139918"},{"taxonomy":"post_tag","embeddable":true,"href":"https:\/\/www.europesays.com\/no\/wp-json\/wp\/v2\/tags?post=139918"}],"curies":[{"name":"wp","href":"https:\/\/api.w.org\/{rel}","templated":true}]}}