{"id":139920,"date":"2026-01-17T11:27:44","date_gmt":"2026-01-17T11:27:44","guid":{"rendered":"https:\/\/www.europesays.com\/no\/139920\/"},"modified":"2026-01-17T11:27:44","modified_gmt":"2026-01-17T11:27:44","slug":"nedtur-for-porsche-i-2025","status":"publish","type":"post","link":"https:\/\/www.europesays.com\/no\/139920\/","title":{"rendered":"Nedtur for Porsche i 2025"},"content":{"rendered":"<p>\n        LITEN OPPTUR: Mens mye annet peker nedover, satt Porsche 911 salgsrekord for modellen i 2025.<br \/>\n        Foto: PORSCHE\n    <\/p>\n<p class=\"kicker t31 tm25 font-weight-bold m-font-weight-bold font-Roboto\" style=\"\">Fallende salg:<\/p>\n<p>    2025 har v\u00e6rt et annus horribilis for Porsche, med salgsfall, bytte av sjef og sviktende l\u00f8nnsomhet.<\/p>\n<p>Porsche har lagt et vanskelig \u00e5r bak seg. Med fallende salg, en aksjeverdi som har stupt, det samme har l\u00f8nnsomheten og i h\u00f8st ble det<a href=\"https:\/\/www.motor.no\/aktuelt\/porsche-i-krisemodus-bytter-sjef\/332839\" target=\"_blank\" rel=\"nofollow noopener\"> bytte av toppsjef<\/a>.<\/p>\n<p class=\"font-weight-bold m-font-weight-bold\" data-lab-font_weight=\"font-weight-bold\">Tidligere har merket gjerne hatt en vekst fra \u00e5r til \u00e5r, slik ble det ikke i 2025.<\/p>\n<p>Resultatet var et leveringstall p\u00e5 279.449 biler p\u00e5 verdensbasis, mot 310.718 i 2024, som tilsvarer en nedgang p\u00e5 10 prosent.\u00a0<\/p>\n<p>            Les alle Motors biltester:<\/p>\n<p>Macan selger best<\/p>\n<p> \u2013 Etter flere rekord\u00e5r var leveransene v\u00e5re i 2025 under niv\u00e5et fra \u00e5ret f\u00f8r. Denne utviklingen er i tr\u00e5d med forventningene v\u00e5re og skyldes forsyningshull for 718- og Macan-modellene med forbrenningsmotor, den fortsatt svakere ettersp\u00f8rselen etter eksklusive produkter i Kina og v\u00e5r verdiorienterte forsyningsstyring, sier\u00a0Matthias Becker, medlem av hovedstyret for salg og markedsf\u00f8ring i Porsche AG, i en pressemelding.<\/p>\n<p> Med 84.328 eksemplarer var Macan den mest solgte modellserien, av disse var 45.367 den elektriske versjonen. Nord-Amerika var den st\u00f8rste salgsregionen med 86.229 biler, noe som var p\u00e5 linje med \u00e5ret f\u00f8r. <\/p>\n<p class=\"font-weight-bold m-font-weight-bold\" data-lab-font_weight=\"font-weight-bold\">22 prosent av Porschene som ble levert i fjor var elektriske, i Europa var hver tredje Porsche elektrisk.<\/p>\n<p>Det store problemet er Kina, hvor salget faller kraftig, ned 26 prosent i 2025, til\u00a041.938 biler.\u00a0<\/p>\n<p>Opptur for 911<\/p>\n<p>Ett lyspunkt var 911. Det ble levert 51.583 911-er, som er \u00e9n prosent bedre enn \u00e5ret f\u00f8r, og ny rekord for modellen.<\/p>\n<p class=\"font-weight-bold m-font-weight-bold\" data-lab-font_weight=\"font-weight-bold\">For Taycan g\u00e5r det motsatt vei,\u00a016.339 biler er en nedgang p\u00e5 22 prosent.<\/p>\n<p>Noe av h\u00e5pet for 2026 ligger i lanseringen av den <a href=\"https:\/\/www.motor.no\/bil\/cayenne-electric-her-er-prisen-pa-tidenes-kraftigste-porsche\/336561\" target=\"_blank\" rel=\"nofollow noopener\">nye elektriske Cayenne-modellen<\/a>, som skal selges parallelt med utgavene som har forbrenningsmotor.<\/p>\n<p> \u2013 I 2026 har vi et klart fokus; vi \u00f8nsker \u00e5 styre tilbud og ettersp\u00f8rsel i henhold til v\u00e5r strategi om \u00abverdi fremfor volum\u00bb. Samtidig planlegger vi volumene v\u00e5re for 2026 realistisk, med tanke p\u00e5 utfasingen av produksjonen av 718- og Macan-modellene med forbrenningsmotor, sier\u00a0Becker.<\/p>\n<p>Han legger til at de i tiden framover skal fortsette \u00e5 satse p\u00e5 flere drivlinjer: elektrisk, forbrenningsmotor og ladehybrider.<\/p>\n<p>PS:\u00a0Porsche hadde et bra \u00e5r i Norge, med 1584 leveringer, som er fire prosent over 2024, if\u00f8lge statistikken til Opplysningsr\u00e5det for veitrafikken.\u00a0<\/p>\n<p class=\"font-weight-bold m-font-weight-bold\" data-lab-font_weight=\"font-weight-bold\">Samtidig var dette i et marked med 39,5 prosent flere nybil\u00adleveringer enn \u00e5ret f\u00f8r.<\/p>\n<p>Ogs\u00e5 her er det Macan som g\u00e5r best, med\u00a01274 eksemplarer, alle sammen elektriske.<\/p>\n<p>        <a itemprop=\"url\" class=\"\" href=\"https:\/\/www.motor.no\/aktuelt\/voldsomt-restultatfall-for-porsche\/333555\" data-k5a-url=\"https:\/\/www.motor.no\/a\/333555\" rel=\"nofollow noopener\" target=\"_blank\"><\/p>\n<p>\n99 prosent ned:\n<\/p>\n<p>            Voldsomt resultat\u00adfall for Porsche<\/p>\n<p>        <\/a><\/p>\n<p>            Her er de siste nyhetene vi har pr\u00f8vekj\u00f8rt:<\/p>\n<p>            Kjentfolk om bilholdets gleder og sorger:<\/p>\n<p>            M\u00f8t disse glade entusiastene:<\/p>\n<p>            Flere forbrukersaker p\u00e5 Motor.no:<\/p>\n<p>            Har du lest disse sakene fra Motor?<\/p>\n","protected":false},"excerpt":{"rendered":"LITEN OPPTUR: Mens mye annet peker nedover, satt Porsche 911 salgsrekord for modellen i 2025. Foto: PORSCHE Fallende&hellip;\n","protected":false},"author":2,"featured_media":139921,"comment_status":"","ping_status":"","sticky":false,"template":"","format":"standard","meta":{"footnotes":""},"categories":[56],"tags":[60,61,62,30,28,29],"class_list":{"0":"post-139920","1":"post","2":"type-post","3":"status-publish","4":"format-standard","5":"has-post-thumbnail","7":"category-naeringsliv","8":"tag-business","9":"tag-economy","10":"tag-naeringsliv","11":"tag-no","12":"tag-norge","13":"tag-norway"},"share_on_mastodon":{"url":"https:\/\/pubeurope.com\/@no\/115910203472410292","error":""},"_links":{"self":[{"href":"https:\/\/www.europesays.com\/no\/wp-json\/wp\/v2\/posts\/139920","targetHints":{"allow":["GET"]}}],"collection":[{"href":"https:\/\/www.europesays.com\/no\/wp-json\/wp\/v2\/posts"}],"about":[{"href":"https:\/\/www.europesays.com\/no\/wp-json\/wp\/v2\/types\/post"}],"author":[{"embeddable":true,"href":"https:\/\/www.europesays.com\/no\/wp-json\/wp\/v2\/users\/2"}],"replies":[{"embeddable":true,"href":"https:\/\/www.europesays.com\/no\/wp-json\/wp\/v2\/comments?post=139920"}],"version-history":[{"count":0,"href":"https:\/\/www.europesays.com\/no\/wp-json\/wp\/v2\/posts\/139920\/revisions"}],"wp:featuredmedia":[{"embeddable":true,"href":"https:\/\/www.europesays.com\/no\/wp-json\/wp\/v2\/media\/139921"}],"wp:attachment":[{"href":"https:\/\/www.europesays.com\/no\/wp-json\/wp\/v2\/media?parent=139920"}],"wp:term":[{"taxonomy":"category","embeddable":true,"href":"https:\/\/www.europesays.com\/no\/wp-json\/wp\/v2\/categories?post=139920"},{"taxonomy":"post_tag","embeddable":true,"href":"https:\/\/www.europesays.com\/no\/wp-json\/wp\/v2\/tags?post=139920"}],"curies":[{"name":"wp","href":"https:\/\/api.w.org\/{rel}","templated":true}]}}