{"id":139938,"date":"2026-01-17T11:51:12","date_gmt":"2026-01-17T11:51:12","guid":{"rendered":"https:\/\/www.europesays.com\/no\/139938\/"},"modified":"2026-01-17T11:51:12","modified_gmt":"2026-01-17T11:51:12","slug":"aksel-lund-svindal-sikret-lindsey-vonns-comeback-suksess","status":"publish","type":"post","link":"https:\/\/www.europesays.com\/no\/139938\/","title":{"rendered":"Aksel Lund Svindal sikret Lindsey Vonns comeback-suksess"},"content":{"rendered":"\n<ul class=\"_list_o9xde_3 _list_64s2r_85 _unordered_o9xde_106 text-sans-m\">\n<li class=\"_item_o9xde_30\">Lindsey Vonn gjorde et sjokk-comeback i alpint \u2013 s\u00e5 kontaktet hun Aksel Lund Svindal for \u00e5 f\u00e5 hjelp.<\/li>\n<li class=\"_item_o9xde_30\">Etter en kneprotese-operasjon oppdaget Vonn at hun igjen kunne konkurrere smertefritt. <\/li>\n<li class=\"_item_o9xde_30\">N\u00e5 sikter hun mot OL-gull i Cortina, men planlegger \u00e5 legge opp etter sesongen.<\/li>\n<\/ul>\n<p>Vis mer <\/p>\n<p class=\"_paragraph_o9xde_4 _paragraph_xtcu6_10 layout-component text-serif-m layout-normal text-serif-m layout-padded\">\u2013 Jeg siktet mot stjernene, selv om jeg trodde han ville si nei, sier <a href=\"https:\/\/www.vg.no\/tag\/lindsey-vonn?utm_source=vg-article&amp;utm_medium=auto-tagger&amp;utm_campaign=JOJ3Vm\" class=\"_link_o9xde_39\" rel=\"nofollow noopener\" target=\"_blank\">Lindsey Vonn<\/a> (41) til VG om \u00f8yeblikket p\u00e5 v\u00e5rparten i fjor da hun til slutt plukket opp telefonen og stilte sp\u00f8rsm\u00e5let:<\/p>\n<p class=\"_paragraph_o9xde_4 _paragraph_xtcu6_10 layout-component text-serif-m layout-normal text-serif-m layout-padded\"><strong class=\"_strong_o9xde_25\">Ville Aksel Lund Svindal (43) \u2013 hennes gamle alpinkompis \u2013 hjelpe henne med \u00e5 bli en vinner igjen?<\/strong><\/p>\n<p class=\"_paragraph_o9xde_4 _paragraph_xtcu6_10 layout-component text-serif-m layout-normal text-serif-m layout-padded\">P\u00e5 det tidspunktet var amerikaneren frustrert og r\u00e5dvill. <\/p>\n<p class=\"_paragraph_o9xde_4 _paragraph_xtcu6_10 layout-component text-serif-m layout-normal text-serif-m layout-padded\">Vonn hadde gjort sjokk-comeback som 40-\u00e5ring, seks \u00e5r etter at hun avsluttet karrieren som en av de mestvinnende alpinistene i historien.<\/p>\n<p><img alt=\"Foto: Marco Trovati \/ AP \/ NTB\" class=\"_image_qp4xg_65 layout-component layout-normal\" data-fullscreen- data-track-element-type=\"Article image fullscreen\" data-track-name=\"ImageFullscreen\" decoding=\"async\" loading=\"lazy\" height=\"2646\" itemprop=\"image\"  src=\"https:\/\/www.europesays.com\/no\/wp-content\/uploads\/2026\/01\/13ac99b5-afac-4a97-a607-9f602048eeaf.jpeg\"  style=\"object-position:0% 0%\" width=\"2646\"\/>Foto: Marco Trovati \/ AP \/ NTB<\/p>\n<p class=\"_paragraph_o9xde_4 _paragraph_xtcu6_10 layout-component text-serif-m layout-normal text-serif-m layout-padded\"><strong class=\"_strong_o9xde_25\">Men det gikk ikke fort lenger. Vonn kj\u00f8rte i m\u00e5l til 16.- og 20.-plasser.<\/strong><\/p>\n<p class=\"_paragraph_o9xde_4 _paragraph_xtcu6_10 layout-component text-serif-m layout-normal text-serif-m layout-padded\">I tillegg f\u00f8lte hun at mange misforsto alt sammen. Flere tolket nemlig comebacket som et tegn p\u00e5 at det hadde rablet for henne.<\/p>\n<p class=\"_paragraph_o9xde_4 _paragraph_xtcu6_10 layout-component text-serif-m layout-normal text-serif-m layout-padded\">Den \u00f8sterrikske eksalpinisten Michaela Dorfmeister sa det rett ut i et intervju med avisen N\u00d6N:<\/p>\n<p><img decoding=\"async\" alt=\"Bilde av \u2013 Hun burde opps\u00f8ke psykolog.\" class=\"_image_ygndg_42\" height=\"44\" itemprop=\"image\" loading=\"lazy\"  src=\"https:\/\/www.europesays.com\/no\/wp-content\/uploads\/2026\/01\/e03c70de-ca0a-4e42-88f5-efec2322bd01.jpeg\"  width=\"40\"\/><strong class=\"_name_ygndg_51 title-serif-xs\">\u2013 Hun burde opps\u00f8ke psykolog.<\/strong><\/p>\n<p class=\"_paragraph_o9xde_4 _paragraph_xtcu6_10 layout-component text-serif-m layout-normal text-serif-m layout-padded\">Dorfmeister fortsatte:<\/p>\n<p class=\"_paragraph_o9xde_4 _paragraph_xtcu6_10 layout-component text-serif-m layout-normal text-serif-m layout-padded\">\u2013 \u00c5 komme tilbake n\u00e5 \u2013 etter 40, etter alle de skadene. Det er ekstremt farlig. Vil hun drepe seg selv?<\/p>\n<p class=\"_paragraph_o9xde_4 _paragraph_xtcu6_10 layout-component text-serif-m layout-normal text-serif-m layout-padded\">Den tidligere verdensmesteren Pirmin Zurbriggen lurte p\u00e5 om det kunne v\u00e6re slik at Vonn var i en eksistensiell krise etter \u00e5 ha lagt opp:<\/p>\n<p><img decoding=\"async\" alt=\"Bilde av \u2013 Har hun ikke funnet meningen med livet?\" class=\"_image_ygndg_42\" height=\"62\" itemprop=\"image\" loading=\"lazy\"  src=\"https:\/\/www.europesays.com\/no\/wp-content\/uploads\/2026\/01\/01a1ba32-b72e-4582-8c0b-7928c6447d6a.jpeg\"  width=\"40\"\/><strong class=\"_name_ygndg_51 title-serif-xs\">\u2013 Har hun ikke funnet meningen med livet?<\/strong><\/p>\n<p class=\"_paragraph_o9xde_4 _paragraph_xtcu6_10 layout-component text-serif-m layout-normal text-serif-m layout-padded\">Mens den gamle utformesteren Franz Klammer konkluderte hardest av alle:<\/p>\n<p><img decoding=\"async\" alt=\"Bilde av \u2013 Hun er blitt helt gal.\" class=\"_image_ygndg_42\" height=\"60\" itemprop=\"image\" loading=\"lazy\"  src=\"https:\/\/www.europesays.com\/no\/wp-content\/uploads\/2026\/01\/df0b8f87-60aa-4145-862d-1b96803ee8a0.jpeg\"  width=\"40\"\/><strong class=\"_name_ygndg_51 title-serif-xs\">\u2013 Hun er blitt helt gal.<\/strong><\/p>\n<p class=\"_paragraph_o9xde_4 _paragraph_xtcu6_10 layout-component text-serif-m layout-normal text-serif-m layout-padded\">De gamle heltene forsto ikke motivasjonen, selv om Vonn forklarte at hun hadde kommet tilbake med ett m\u00e5l for \u00f8ye: \u00c5 pr\u00f8ve \u00e5 ta et siste OL-gull.<\/p>\n<p class=\"_paragraph_o9xde_4 _paragraph_xtcu6_10 layout-component text-serif-m layout-normal text-serif-m layout-padded\">I seks \u00e5r hadde hun f\u00f8lt at hun ble frar\u00f8vet det perfekte punktumet i karrieren.<\/p>\n<p>Dette er Lindsey Vonn<\/p>\n<p class=\"_paragraph_o9xde_4 _paragraph_xtcu6_10 _paragraph_16v91_10 layout-component text-serif-m layout-normal text-sans-m layout-padded\">F\u00f8dt 18. oktober 1984 i Saint Paul, Minnesota, USA. Het opprinnelig Lindsey Caroline Kildow, men har beholdt Vonn-etternavnet til eksmannen Thomas Vonn.<\/p>\n<p class=\"_paragraph_o9xde_4 _paragraph_xtcu6_10 _paragraph_16v91_10 layout-component text-serif-m layout-normal text-sans-m layout-padded\">Er det nest mestvinnende kvinnelige alpinisten, kun sl\u00e5tt av Mikaela Shiffrin. Har vunnet verdenscupen sammenlagt fire ganger, har ett OL-gull og to VM-gull.<\/p>\n<p class=\"_paragraph_o9xde_4 _paragraph_xtcu6_10 _paragraph_16v91_10 layout-component text-serif-m layout-normal text-sans-m layout-padded\">Deltok i verdenscupen fra 2000 til 2019 og deretter fra 2024 og frem til 2026 igjen.<\/p>\n<p>Vis mer<\/p>\n<p class=\"_paragraph_o9xde_4 _paragraph_xtcu6_10 layout-component text-serif-m layout-normal text-serif-m layout-padded\">Men for \u00e5 kunne ta gull i vinter-OL i februar m\u00e5tte hun bli rask igjen \u2013 og det hastet.<\/p>\n<p class=\"_paragraph_o9xde_4 _paragraph_xtcu6_10 layout-component text-serif-m layout-normal text-serif-m layout-padded\">\u2013 Etter sesongen tenkte jeg veldig hardt p\u00e5 hva jeg kunne gj\u00f8re for \u00e5 bli best mulig forberedt til OL, og hvordan jeg kunne f\u00e5 det beste laget rundt meg, forteller Vonn.<\/p>\n<p class=\"_paragraph_o9xde_4 _paragraph_xtcu6_10 layout-component text-serif-m layout-normal text-serif-m layout-padded\">Hjemme i USA er en hun superstjerne. Vonn er ettertraktet av sponsorer, har en rekke kjendisvenner og g\u00e5r ofte p\u00e5 r\u00f8de l\u00f8pere. <\/p>\n<p><img alt=\"Foto: Evan Agostini \/ AP \/ NTB\" class=\"_image_qp4xg_65 layout-component layout-normal\" data-fullscreen- data-track-element-type=\"Article image fullscreen\" data-track-name=\"ImageFullscreen\" decoding=\"async\" loading=\"lazy\" height=\"2016\" itemprop=\"image\"  src=\"https:\/\/www.europesays.com\/no\/wp-content\/uploads\/2026\/01\/fa562c7a-1de0-441c-847b-4028367b98ed.jpeg\"  style=\"object-position:0% 0%\" width=\"2016\"\/>Foto: Evan Agostini \/ AP \/ NTB<\/p>\n<p class=\"_paragraph_o9xde_4 _paragraph_xtcu6_10 layout-component text-serif-m layout-normal text-serif-m layout-padded\"><strong class=\"_strong_o9xde_25\">Hun gj\u00f8r sjelden \u00e9n til \u00e9n-intervjuer, men gj\u00f8r et unntak for VG.<\/strong><\/p>\n<p class=\"_paragraph_o9xde_4 _paragraph_xtcu6_10 layout-component text-serif-m layout-normal text-serif-m layout-padded\">I hennes \u00f8yne var ingen mer kvalifisert som ny trener enn Aksel Lund Svindal.<\/p>\n<p class=\"_paragraph_o9xde_4 _paragraph_xtcu6_10 layout-component text-serif-m layout-normal text-serif-m layout-padded\">\u2013 Men min f\u00f8rste tanke var nei, sier Svindal da VG snakker med de to over video.<\/p>\n<p class=\"_paragraph_o9xde_4 _paragraph_xtcu6_10 layout-component text-serif-m layout-normal text-serif-m layout-padded\">Og s\u00e5 bryter han ut i latter \u2013 og det gj\u00f8r Lindsey Vonn ogs\u00e5. For Vonn ga seg ikke.<\/p>\n<p><img class=\"_image_s2syr_92\" fetchpriority=\"low\" loading=\"lazy\" decoding=\"async\"  src=\"https:\/\/www.europesays.com\/no\/wp-content\/uploads\/2026\/01\/107684dd-4b7e-40f6-b804-9c9edf53c237.png\"  style=\"--hotspot:47.77321000342583% 39.52980472764646%;object-fit:cover\"\/>Gabriel Aas Sk\u00e5levik \/ VG<img class=\"_image_s2syr_92\" fetchpriority=\"low\" loading=\"lazy\" decoding=\"async\"  src=\"https:\/\/www.europesays.com\/no\/wp-content\/uploads\/2026\/01\/f867485f-8b0f-4e2b-ab72-e25f0af4d61f.png\"  style=\"--hotspot:70.64046579330422% 44.44220700765204%;object-fit:cover\"\/>Foto: Mark Ralston \/ AFP \/ NTB<\/p>\n<p class=\"_lead_o9xde_2 _lead_xtcu6_50 _lead_s2syr_104 layout-component text-serif-m layout-normal\">Svindal har ikke hatt <br \/>noen offisiell rolle i <br \/>alpinsporten etter <br \/>at han la opp i 2019.<\/p>\n<p class=\"_lead_o9xde_2 _lead_xtcu6_50 _lead_s2syr_104 layout-component text-serif-m layout-normal\">Isteden har han <br \/>ledet \u00abMesternes <br \/>Mester\u00bb p\u00e5 NRK.<\/p>\n<p class=\"_paragraph_o9xde_4 _paragraph_xtcu6_10 layout-component text-serif-m layout-normal text-serif-m layout-padded\">I tillegg har han holdt p\u00e5 med flere forretningsprosjekter og investeringer.<\/p>\n<p class=\"_paragraph_o9xde_4 _paragraph_xtcu6_10 layout-component text-serif-m layout-normal text-serif-m layout-padded\">I 2023 ble han og samboeren Amalie IuelAmalie IuelNorsk friidrettsut\u00f8ver med flere NM-gull p\u00e5 400 meter og 400 meter hekk. dessuten foreldre til s\u00f8nnen Storm, og da ble det enda mindre fristende \u00e5 g\u00e5 tilbake til all reisingen.<\/p>\n<p><img alt=\"Foto: Privat\" class=\"_image_qp4xg_65 layout-component layout-normal\" data-fullscreen- data-track-element-type=\"Article image fullscreen\" data-track-name=\"ImageFullscreen\" decoding=\"async\" loading=\"lazy\" height=\"822\" itemprop=\"image\"  src=\"https:\/\/www.europesays.com\/no\/wp-content\/uploads\/2026\/01\/9ffb8ef6-89ea-42fb-9d53-ab4f6578be40.jpeg\"  style=\"object-position:0% 0%\" width=\"763\"\/>Foto: Privat<\/p>\n<p class=\"_paragraph_o9xde_4 _paragraph_xtcu6_10 layout-component text-serif-m layout-normal text-serif-m layout-padded\">Men i telefonsamtalen spurte Vonn:<\/p>\n<p class=\"_paragraph_o9xde_4 _paragraph_xtcu6_10 layout-component text-serif-m layout-normal text-serif-m layout-padded\"><strong class=\"_strong_o9xde_25\">\u00abHar du sett meg kj\u00f8re? Hva tenker du? F\u00e5r du noen ideer?\u00bb<\/strong><\/p>\n<p class=\"_paragraph_o9xde_4 _paragraph_xtcu6_10 layout-component text-serif-m layout-normal text-serif-m layout-padded\">Det gjorde Svindal nysgjerrig. Han satte seg ned og studerte videoer av flere renn. <\/p>\n<p class=\"_paragraph_o9xde_4 _paragraph_xtcu6_10 layout-component text-serif-m layout-normal text-serif-m layout-padded\">Og s\u00e5 med \u00e9n gang hva som var galt.<\/p>\n<p class=\"_paragraph_o9xde_4 _paragraph_xtcu6_10 layout-component text-serif-m layout-normal text-serif-m layout-padded\">\u2013 Da ble det litt s\u00e5nn \u2026 bare vi fikk noen f\u00e5 brikker til \u00e5 falle p\u00e5 plass her, kunne vi f\u00e5 store fremskritt. Hun hadde s\u00e5 mye erfaring, og potensialet var s\u00e5 stort. Jeg s\u00e5 at det var ting jeg kunne bidra med.<\/p>\n<p class=\"_paragraph_o9xde_4 _paragraph_xtcu6_10 layout-component text-serif-m layout-normal text-serif-m layout-padded\">Og n\u00e5, bare noen m\u00e5neder senere, har Vonn begynt \u00e5 vinne igjen.<\/p>\n<p><img alt=\"Foto: Barbara Gindl \/ AFP \/ NTB\" class=\"_image_qp4xg_65 layout-component layout-normal\" data-fullscreen- data-track-element-type=\"Article image fullscreen\" data-track-name=\"ImageFullscreen\" decoding=\"async\" loading=\"lazy\" height=\"2477\" itemprop=\"image\"  src=\"https:\/\/www.europesays.com\/no\/wp-content\/uploads\/2026\/01\/04f414b3-1bc6-43b1-886c-71f4b918dc8d.png\"  style=\"object-position:0% 0%\" width=\"2476\"\/>Foto: Barbara Gindl \/ AFP \/ NTB<\/p>\n<p class=\"_paragraph_o9xde_4 _paragraph_xtcu6_10 layout-component text-serif-m layout-normal text-serif-m layout-padded\">12. desember, i sesongens f\u00f8rste utforrenn, ble Lindsey Vonn br\u00f8lt ut fra start av trener Aksel Lund Svindal.<\/p>\n<p class=\"_paragraph_o9xde_4 _paragraph_xtcu6_10 layout-component text-serif-m layout-normal text-serif-m layout-padded\">Da hun kj\u00f8rte i m\u00e5l, var det til sin f\u00f8rste seier etter comebacket \u2013 og den 83. i karrieren. Noen uker etter kom f\u00f8rsteplass nummer 84.<\/p>\n<p class=\"_paragraph_o9xde_4 _paragraph_xtcu6_10 layout-component text-serif-m layout-normal text-serif-m layout-padded\">N\u00e5 lurer \u00aballe\u00bb p\u00e5 hvordan hun har f\u00e5tt det til. <\/p>\n<p class=\"_paragraph_o9xde_4 _paragraph_xtcu6_10 layout-component text-serif-m layout-normal text-serif-m layout-padded\">Ikke bare p\u00e5 grunn av alderen, men ogs\u00e5 p\u00e5 grunn av det som skjuler seg inne i det h\u00f8yre kneet hennes.<\/p>\n<p class=\"_paragraph_o9xde_4 _paragraph_xtcu6_10 layout-component text-serif-m layout-normal text-serif-m layout-padded\"><strong class=\"_strong_o9xde_25\">I 2023 bestemte Vonn seg for \u00e5 f\u00e5 satt inn en protese.<\/strong><\/p>\n<p class=\"_paragraph_o9xde_4 _paragraph_xtcu6_10 layout-component text-serif-m layout-normal text-serif-m layout-padded\">F\u00f8r det slet alpinisten med smerter som var s\u00e5 store at hun knapt klarte \u00e5 g\u00e5, en konsekvens av alle de stygge skadene hun p\u00e5dro seg i karrieren. <\/p>\n<p class=\"_paragraph_o9xde_4 _paragraph_xtcu6_10 layout-component text-serif-m layout-normal text-serif-m layout-padded\">Det var ogs\u00e5 smertene som tvang henne til \u00e5 legge opp i 2019.<\/p>\n<p><img alt=\"Foto: Instagram\" class=\"_image_qp4xg_65 layout-component layout-normal\" data-fullscreen- data-track-element-type=\"Article image fullscreen\" data-track-name=\"ImageFullscreen\" decoding=\"async\" loading=\"lazy\" height=\"776\" itemprop=\"image\"  src=\"https:\/\/www.europesays.com\/no\/wp-content\/uploads\/2026\/01\/86406302-523f-4e2f-b346-e7d00674cd97.jpeg\"  style=\"object-position:0% 0%\" width=\"776\"\/>Foto: Instagram<\/p>\n<p class=\"_paragraph_o9xde_4 _paragraph_xtcu6_10 layout-component text-serif-m layout-normal text-serif-m layout-padded\">Men etter \u00e5 ha f\u00e5tt titanmetall operert inn i kneet, ble Vonn overrasket over \u00e5 plutselig kunne, hoppe og spille tennis. Ingenting gjorde vondt.<\/p>\n<p class=\"_paragraph_o9xde_4 _paragraph_xtcu6_10 layout-component text-serif-m layout-normal text-serif-m layout-padded\">\u2013 Med kneprotesen kjente jeg at jeg fikk en ny sjanse til \u00e5 avslutte karrieren min p\u00e5 den m\u00e5ten jeg hadde f\u00f8lt at jeg egentlig kunne.<\/p>\n<p class=\"_paragraph_o9xde_4 _paragraph_xtcu6_10 layout-component text-serif-m layout-normal text-serif-m layout-padded\">\u2013 N\u00e5 kan kroppen min gj\u00f8re alt jeg sier at den skal, sier hun med et smil.<\/p>\n<p class=\"_paragraph_o9xde_4 _paragraph_xtcu6_10 layout-component text-serif-m layout-normal text-serif-m layout-padded\">Nyheten om returen vakte enorm oppsikt og ble omtalt verden rundt. Sportsmagasinet The Athletic har k\u00e5ret comebacket til et av de st\u00f8rste i idrettshistorien. <\/p>\n<p class=\"_paragraph_o9xde_4 _paragraph_xtcu6_10 layout-component text-serif-m layout-normal text-serif-m layout-padded\">Nylig var Vonn p\u00e5 forsiden av det anerkjente stormagasinet Time.<\/p>\n<p><img alt=\"\" class=\"_image_qp4xg_65 layout-component layout-normal\" data-fullscreen- data-track-element-type=\"Article image fullscreen\" data-track-name=\"ImageFullscreen\" decoding=\"async\" loading=\"lazy\" height=\"724\" itemprop=\"image\"  src=\"https:\/\/www.europesays.com\/no\/wp-content\/uploads\/2026\/01\/c97629de-4838-4148-9e4e-4124a43d1d4d.png\"  style=\"object-position:0% 0%\" width=\"724\"\/><\/p>\n<p class=\"_paragraph_o9xde_4 _paragraph_xtcu6_10 layout-component text-serif-m layout-normal text-serif-m layout-padded\">\u2013 Det er s\u00e5nne historier idretten trenger, sier Svindal til VG.<\/p>\n<p class=\"_paragraph_o9xde_4 _paragraph_xtcu6_10 layout-component text-serif-m layout-normal text-serif-m layout-padded\"><strong class=\"_strong_o9xde_25\">At ikke alle har v\u00e6rt like positive, har forundret ham.<\/strong><\/p>\n<p class=\"_paragraph_o9xde_4 _paragraph_xtcu6_10 layout-component text-serif-m layout-normal text-serif-m layout-padded\">\u2013 At folk sier at dette blir vanskelig, det er fair. For det er vanskelig. Men de som sier at Lindsey er gal, at hun m\u00e5 f\u00e5 orden p\u00e5 livet sitt, eller tillegger henne egenskaper uten \u00e5 ha peiling p\u00e5 hva som faktisk er motivasjonen hennes \u2013 det synes jeg er svakt.<\/p>\n<p><img alt=\"Foto: Fabrice Coffrini \/ AFP \/ NTB\" class=\"_image_qp4xg_65 layout-component layout-normal\" data-fullscreen- data-track-element-type=\"Article image fullscreen\" data-track-name=\"ImageFullscreen\" decoding=\"async\" loading=\"lazy\" height=\"3327\" itemprop=\"image\"  src=\"https:\/\/www.europesays.com\/no\/wp-content\/uploads\/2026\/01\/b8985564-032d-4901-a73f-438767dd410b.png\"  style=\"object-position:0% 0%\" width=\"3327\"\/>Foto: Fabrice Coffrini \/ AFP \/ NTB<\/p>\n<p class=\"_paragraph_o9xde_4 _paragraph_xtcu6_10 layout-component text-serif-m layout-normal text-serif-m layout-padded\">Vonn fnyser s\u00e6rlig av p\u00e5standen om at hun gjorde comeback fordi hun ikke fant mening i det \u00abvanlige\u00bb livet, eller fordi hun ikke har stiftet familie enn\u00e5.<\/p>\n<p class=\"_paragraph_o9xde_4 _paragraph_xtcu6_10 layout-component text-serif-m layout-normal text-serif-m layout-padded\">\u2013 Etter at jeg la opp, tok det meg halvannet \u00e5r \u00e5 finne ut hvem jeg var uten skiene. Men jeg kom ikke tilbake fordi jeg f\u00f8lte p\u00e5 noe tomrom. Jeg hadde et fantastisk liv som jeg var veldig forn\u00f8yd med. Jeg bygde meg en god karriere, et godt hjem. Og jeg har fantastiske venner og familie, forklarer hun.<\/p>\n<p class=\"_paragraph_o9xde_4 _paragraph_xtcu6_10 layout-component text-serif-m layout-normal text-serif-m layout-padded\">\u2013 Jeg sluttet heller ikke \u00e5 kj\u00f8re alpint fordi jeg ikke lenger var rask nok. Jeg visste at jeg fortsatt kunne vinne. Det var bare det at kroppen min ikke lenger var i stand til \u00e5 gj\u00f8re det hodet mitt ville. Men n\u00e5 f\u00f8ler jeg meg faktisk bedre enn jeg gjorde fra midten til slutten av 20-\u00e5rene.<\/p>\n<p><img class=\"_image_s2syr_92\" fetchpriority=\"low\" loading=\"lazy\" decoding=\"async\"  src=\"https:\/\/www.europesays.com\/no\/wp-content\/uploads\/2026\/01\/3b4adc80-91d9-4e95-8046-2e18aaec7fdb.jpeg\"  style=\"--hotspot:39.39% 44.35943594359436%;object-fit:cover\"\/>Fabrice Coffrini \/ AFP \/ NTB<img class=\"_image_s2syr_92\" fetchpriority=\"low\" loading=\"lazy\" decoding=\"async\"  src=\"https:\/\/www.europesays.com\/no\/wp-content\/uploads\/2026\/01\/f61c7b60-6c16-41f6-a16c-91c9db058483.jpeg\"  style=\"--hotspot:35.60725552050473% 25.832305795314426%;object-fit:cover\"\/>Foto: Gintare Karpaviciute \/ Reuters \/ NTB<\/p>\n<p class=\"_lead_o9xde_2 _lead_xtcu6_50 _lead_s2syr_104 layout-component text-serif-m layout-normal\">Lindsey Vonn kom <br \/>tilbake fordi hun <br \/>hadde lyst.<\/p>\n<p class=\"_lead_o9xde_2 _lead_xtcu6_50 _lead_s2syr_104 layout-component text-serif-m layout-normal\">Og fordi hun<br \/>hadde noe <br \/>uoppgjort.<\/p>\n<p class=\"_paragraph_o9xde_4 _paragraph_xtcu6_10 layout-component text-serif-m layout-normal text-serif-m layout-padded\">Hun ba Svindal v\u00e6re like n\u00e5del\u00f8st oppslukt av detaljer som da han selv var aktiv.<\/p>\n<p class=\"_paragraph_o9xde_4 _paragraph_xtcu6_10 layout-component text-serif-m layout-normal text-serif-m layout-padded\">Den tidligere fartskongen Svindalfartskongen SvindalSom alpinist vant Aksel Lund Svindal to OL-gull og fem VM-gull. Han er eneste nordmann med OL-gull i utfor. Han har to sammenlagtseire verdenscupen og har vunnet 36 enkeltrenn. Svindal ble den f\u00f8rste mannlige alpinisten som vant gull i fire verdensmesterskap p\u00e5 rad: I 2007, 2009, 2011 og 2013. gikk derfor grundig l\u00f8s p\u00e5 problemene han mente Vonn hadde i den f\u00f8rste comeback-sesongen.<\/p>\n<p class=\"_paragraph_o9xde_4 _paragraph_xtcu6_10 layout-component text-serif-m layout-normal text-serif-m layout-padded\">\u2013 Lindsey gjorde flere sm\u00e5 feil som f\u00f8rte til at hun tapte tid hele veien. Det var den typen feil du m\u00e5 ha mye erfaring for \u00e5 kunne se. I tillegg var det noe med balansen hennes, forklarer Svindal.<\/p>\n<p class=\"_paragraph_o9xde_4 _paragraph_xtcu6_10 layout-component text-serif-m layout-normal text-serif-m layout-padded\">Men den kanskje viktigste erkjennelsen var at han m\u00e5tte finne raskere utstyr som passet Vonn bedre.<\/p>\n<p><img alt=\"Foto: Instagram\" class=\"_image_qp4xg_65 layout-component layout-normal\" data-fullscreen- data-track-element-type=\"Article image fullscreen\" data-track-name=\"ImageFullscreen\" decoding=\"async\" loading=\"lazy\" height=\"1107\" itemprop=\"image\"  src=\"https:\/\/www.europesays.com\/no\/wp-content\/uploads\/2026\/01\/ba5ea5af-9e83-4c70-84f3-360b2de985a9.png\"  style=\"object-position:0% 0%\" width=\"1107\"\/>Foto: Instagram<\/p>\n<p class=\"_paragraph_o9xde_4 _paragraph_xtcu6_10 layout-component text-serif-m layout-normal text-serif-m layout-padded\">Svindals engasjement for prosjektet blir tydelig n\u00e5r han med stor gl\u00f8d forteller hvordan han kastet seg inn i jakten p\u00e5 det perfekte \u00absetupet\u00bb.<\/p>\n<p class=\"_paragraph_o9xde_4 _paragraph_xtcu6_10 layout-component text-serif-m layout-normal text-serif-m layout-padded\">Kort oppsummert: Det innebar enorme mengder med testing p\u00e5 sv\u00e6rt kort tid \u2013 en jobb Vonn hadde brukt altfor mange timer p\u00e5 \u00e5 gj\u00f8re selv f\u00f8r.<\/p>\n<p class=\"_paragraph_o9xde_4 _paragraph_xtcu6_10 layout-component text-serif-m layout-normal text-serif-m layout-padded\">\u2013 Hun m\u00e5tte f\u00e5 mer tid til \u00e5 trene, sier Svindal.<\/p>\n<p class=\"_paragraph_o9xde_4 _paragraph_xtcu6_10 layout-component text-serif-m layout-normal text-serif-m layout-padded\"><strong class=\"_strong_o9xde_25\">Vonn humrer da hun skal beskrive akkurat hvor lite treneren overlater til tilfeldighetene.<\/strong><\/p>\n<p class=\"_paragraph_o9xde_4 _paragraph_xtcu6_10 layout-component text-serif-m layout-normal text-serif-m layout-padded\">Et eksempel: Svindal fikk spesialdesignet skist\u00f8vler til seg selv som tilsvarte Vonns (langt mindre) st\u00f8rrelse. Han vil nemlig ha muligheten til \u00e5 kj\u00f8re hennes ski, for i utfor og super-G blir skiene litt raskere jo mer de brukes.<\/p>\n<p class=\"_paragraph_o9xde_4 _paragraph_xtcu6_10 layout-component text-serif-m layout-normal text-serif-m layout-padded\">\u2013 Han hjelper til med alt, ogs\u00e5 med ting som \u00e5 b\u00e6re skiene mine. Jeg tror noen ser litt rart p\u00e5 ham og tenker: \u00abHva er det han driver med?\u00bb Men vi har bare disse dagene p\u00e5 sn\u00f8, og da m\u00e5 alle gj\u00f8re det de kan for at treningsdagene skal bli s\u00e5 gode som mulig, sier Vonn.<\/p>\n<p class=\"_paragraph_o9xde_4 _paragraph_xtcu6_10 layout-component text-serif-m layout-normal text-serif-m layout-padded\">\u2013 Han er veldig aktiv og gir meg konkrete r\u00e5d, b\u00e5de p\u00e5 linjevalg og detaljer. Det er ganske spesielt \u00e5 ha noen som har opplevd alt \u2013 og p\u00e5 samme niv\u00e5 som meg. N\u00e5r Aksel sier noe, lytter jeg. Han er en jeg stoler fullt p\u00e5.<\/p>\n<p class=\"_paragraph_o9xde_4 _paragraph_xtcu6_10 layout-component text-serif-m layout-normal text-serif-m layout-padded\"><strong class=\"_strong_o9xde_25\">Med Svindal instruerende hakk i h\u00e6l i treningsbakkene har Vonn tatt store steg \u2013 raskt.<\/strong><\/p>\n<p class=\"_paragraph_o9xde_4 _paragraph_xtcu6_10 layout-component text-serif-m layout-normal text-serif-m layout-padded\">\u2013 Allerede da jeg kom hjem fra den f\u00f8rste treningssamlingen, sa jeg til Amalie at \u00abn\u00e5 tror jeg s\u00f8ren meg Lindsey kommer til \u00e5 vinne\u00bb, forteller Svindal.<\/p>\n<p class=\"_paragraph_o9xde_4 _paragraph_xtcu6_10 layout-component text-serif-m layout-normal text-serif-m layout-padded\">\u2013 Hun hadde begynt \u00e5 kj\u00f8re svinger som var s\u00e5 bra at jeg ble skikkelig imponert. Lindseys superpower er nettopp svingene. Det er der hun er mye raskere enn de andre.<\/p>\n<p class=\"_paragraph_o9xde_4 _paragraph_xtcu6_10 layout-component text-serif-m layout-normal text-serif-m layout-padded\"><strong class=\"_strong_o9xde_25\">Men arbeidet med \u00e5 f\u00e5 41-\u00e5ringen tilbake p\u00e5 gammelt niv\u00e5 har v\u00e6rt altoppslukende for alle involverte.<\/strong><\/p>\n<p class=\"_paragraph_o9xde_4 _paragraph_xtcu6_10 layout-component text-serif-m layout-normal text-serif-m layout-padded\">Nesten hver dag har v\u00e6rt lik: Vonn og Svindal v\u00e5kner f\u00f8r solen er oppe, spiser og g\u00e5r til skiheisen. S\u00e5 terper de i timevis.<\/p>\n<p class=\"_paragraph_o9xde_4 _paragraph_xtcu6_10 layout-component text-serif-m layout-normal text-serif-m layout-padded\">Det er et liv Svindal har elsket \u2013 men som han de senere \u00e5rene ikke har \u00f8nsket seg.<\/p>\n<p><img alt=\"Foto: Jean-Christophe Bott \/ EPA \/ NTB\" class=\"_image_qp4xg_65 layout-component layout-normal\" data-fullscreen- data-track-element-type=\"Article image fullscreen\" data-track-name=\"ImageFullscreen\" decoding=\"async\" loading=\"lazy\" height=\"2593\" itemprop=\"image\"  src=\"https:\/\/www.europesays.com\/no\/wp-content\/uploads\/2026\/01\/87c7e310-3a82-411b-b374-bdf5c077760d.jpeg\"  style=\"object-position:0% 0%\" width=\"2593\"\/>Foto: Jean-Christophe Bott \/ EPA \/ NTB<\/p>\n<p class=\"_paragraph_o9xde_4 _paragraph_xtcu6_10 layout-component text-serif-m layout-normal text-serif-m layout-padded\">\u2013 En trener kan ikke komme og g\u00e5, eller gj\u00f8re det 50 prosent. Du gj\u00f8r den beste jobben hvis du er der mest mulig, sier han p\u00e5 sp\u00f8rsm\u00e5l om hvorfor han ikke har tatt lignende jobber f\u00f8r.<\/p>\n<p class=\"_paragraph_o9xde_4 _paragraph_xtcu6_10 layout-component text-serif-m layout-normal text-serif-m layout-padded\">De siste m\u00e5nedene har de v\u00e6rt i Chile, USA og alle verdenscup-stedene i Europa. Familien har kommet p\u00e5 bes\u00f8k ved noen anledninger. <\/p>\n<p class=\"_paragraph_o9xde_4 _paragraph_xtcu6_10 layout-component text-serif-m layout-normal text-serif-m layout-padded\">Han skal ogs\u00e5 bes\u00f8ke samboer Amalie Iuel n\u00e5r hun reiser p\u00e5 treningssamling p\u00e5 Tenerife sammen med s\u00f8nnen deres.<\/p>\n<p class=\"_paragraph_o9xde_4 _paragraph_xtcu6_10 layout-component text-serif-m layout-normal text-serif-m layout-padded\">Det har v\u00e6rt et puslespill \u00e5 f\u00e5 de to toppidrettssatsingene i hjemmet til \u00e5 g\u00e5 opp.<\/p>\n<p class=\"_paragraph_o9xde_4 _paragraph_xtcu6_10 layout-component text-serif-m layout-normal text-serif-m layout-padded\">\u2013 Men akkurat dette prosjektet med Lindsey passet veldig bra, for det var begrenset tidsramme mot OL og veldig konkret. Derfor tenkte jeg at det var noe jeg kunne gj\u00f8re, sier Svindal.<\/p>\n<p><img alt=\"Foto: Claudio Thoma \/ EPA \/ NTB\" class=\"_image_qp4xg_65 layout-component layout-normal\" data-fullscreen- data-track-element-type=\"Article image fullscreen\" data-track-name=\"ImageFullscreen\" decoding=\"async\" loading=\"lazy\" height=\"4000\" itemprop=\"image\"  src=\"https:\/\/www.europesays.com\/no\/wp-content\/uploads\/2026\/01\/5c399804-ae46-4d9c-8667-6093e74dc7bf.png\"  style=\"object-position:0% 0%\" width=\"4000\"\/>Foto: Claudio Thoma \/ EPA \/ NTB<\/p>\n<p class=\"_paragraph_o9xde_4 _paragraph_xtcu6_10 layout-component text-serif-m layout-normal text-serif-m layout-padded\"><strong class=\"_strong_o9xde_25\">Mye ved trenerrollen har overrasket ham, som hvor nerv\u00f8s han blir for at noen skal skade seg.<\/strong><\/p>\n<p class=\"_paragraph_o9xde_4 _paragraph_xtcu6_10 layout-component text-serif-m layout-normal text-serif-m layout-padded\">\u2013 Da jeg var ut\u00f8ver tok jeg all risikoen selv, men n\u00e5 har jeg jo ansvaret for noen.<\/p>\n<p class=\"_paragraph_o9xde_4 _paragraph_xtcu6_10 layout-component text-serif-m layout-normal text-serif-m layout-padded\">Noe annet som er helt nytt: En av oppgavene er \u00e5 \u00abfyre\u00bb opp Lindsey Vonn rett f\u00f8r start.<\/p>\n<p class=\"_paragraph_o9xde_4 _paragraph_xtcu6_10 layout-component text-serif-m layout-normal text-serif-m layout-padded\">Men Svindal har aldri br\u00f8lt p\u00e5 den m\u00e5ten tidligere \u2013 og hva sier du egentlig til en 41 \u00e5r gammel seiersmaskin som allerede kan alt?<\/p>\n<p class=\"_paragraph_o9xde_4 _paragraph_xtcu6_10 layout-component text-serif-m layout-normal text-serif-m layout-padded\">Ikke det du kanskje skulle tro.<\/p>\n<p class=\"_paragraph_o9xde_4 _paragraph_xtcu6_10 layout-component text-serif-m layout-normal text-serif-m layout-padded\">\u2013 Det tok litt tid \u00e5 finne ut av det, men p\u00e5 start roper jeg ting som at hun m\u00e5 jobbe med terrenget, dempe kuler og bevege seg over ujevnheter, sier Svindal og begynner \u00e5 le.<\/p>\n<p class=\"_paragraph_o9xde_4 _paragraph_xtcu6_10 layout-component text-serif-m layout-normal text-serif-m layout-padded\">\u2013 Det h\u00f8res kanskje litt rart ut \u00e5 br\u00f8le det? He-he. Men det er de grunnleggende tingene som m\u00e5 sitte n\u00e5r det gjelder som mest, ting du n\u00e6rmest kunne sagt til en tolv\u00e5ring.<\/p>\n<p><img class=\"_image_s2syr_92\" fetchpriority=\"low\" loading=\"lazy\" decoding=\"async\"  src=\"https:\/\/www.europesays.com\/no\/wp-content\/uploads\/2026\/01\/de546e40-f6e1-4f83-a794-d4307988f637.jpeg\"  style=\"--hotspot:42.45796241345203% 17.73885350318471%;object-fit:cover\"\/>Foto: Lise \u00c5serud \/ NTB<img class=\"_image_s2syr_92\" fetchpriority=\"low\" loading=\"lazy\" decoding=\"async\"  src=\"https:\/\/www.europesays.com\/no\/wp-content\/uploads\/2026\/01\/ebaf32eb-4d1e-4815-8825-d8551bd5fee5.png\"  style=\"--hotspot:60.13274336283185% 13.904494382022472%;object-fit:cover\"\/>Foto: Marco Trovati \/ AP \/ NTB<\/p>\n<p class=\"_lead_o9xde_2 _lead_xtcu6_50 _lead_s2syr_104 layout-component text-serif-m layout-normal\">Ikke alle likte<br \/>at han valgte <br \/>en amerikaner. <\/p>\n<p class=\"_lead_o9xde_2 _lead_xtcu6_50 _lead_s2syr_104 layout-component text-serif-m layout-normal\">Det fikk en<br \/>gammel <br \/>lagkompis <br \/>p\u00e5 banen.<\/p>\n<p class=\"_paragraph_o9xde_4 _paragraph_xtcu6_10 layout-component text-serif-m layout-normal text-serif-m layout-padded\">\u2013 Jeg skulle gjerne hatt ham p\u00e5 den norske siden, sa Aleksander Aamodt KildeAleksander Aamodt KildeNorsk alpinist som har vunnet en s\u00f8lv- og bronsemedalje i OL og to s\u00f8lvmedaljer i VM. Kilde er spesialist i utfor og super-G og har ogs\u00e5 meget gode resultater i storslal\u00e5m. I sesongen 2019\/2020 vant han verdenscupen sammenlagt. til Nettavisen, samtidig som han understreket at han og Svindal er gode kompiser, og at \u00abdet er kult at han er tilbake\u00bb.<\/p>\n<p class=\"_paragraph_o9xde_4 _paragraph_xtcu6_10 layout-component text-serif-m layout-normal text-serif-m layout-padded\">Aksel Lund Svindal har p\u00e5 mange m\u00e5ter forst\u00e5else for reaksjonen.<\/p>\n<p class=\"_paragraph_o9xde_4 _paragraph_xtcu6_10 layout-component text-serif-m layout-normal text-serif-m layout-padded\">\u2013 Jeg t\u00e5lte \u00e5 h\u00f8re det, og jeg tror ikke det stakk s\u00e5 dypt, sier han.<\/p>\n<p class=\"_paragraph_o9xde_4 _paragraph_xtcu6_10 layout-component text-serif-m layout-normal text-serif-m layout-padded\">\u2013 Jeg har hatt kontakt b\u00e5de med ut\u00f8vere og med Skiforbundet, s\u00e5 jeg har p\u00e5 ingen m\u00e5te v\u00e6rt utilgjengelig. De norske jentene snakker jeg ganske mye med p\u00e5 renn n\u00e5.<\/p>\n<p class=\"_paragraph_o9xde_4 _paragraph_xtcu6_10 layout-component text-serif-m layout-normal text-serif-m layout-padded\"><strong class=\"_strong_o9xde_25\">I Zauchensee i \u00d8sterrike 10. januar kom Kajsa Vickhoff Lie p\u00e5 annenplass i utfor \u2013 etter Lindsey Vonn.<\/strong><\/p>\n<p><img alt=\"Foto: Christian Bruna \/ EPA \/ NTB\" class=\"_image_qp4xg_65 layout-component layout-normal\" data-fullscreen- data-track-element-type=\"Article image fullscreen\" data-track-name=\"ImageFullscreen\" decoding=\"async\" loading=\"lazy\" height=\"3733\" itemprop=\"image\"  src=\"https:\/\/www.europesays.com\/no\/wp-content\/uploads\/2026\/01\/be748c90-9151-4664-8f40-2bdde83db487.png\"  style=\"object-position:0% 0%\" width=\"3732\"\/>Foto: Christian Bruna \/ EPA \/ NTB<\/p>\n<p class=\"_paragraph_o9xde_4 _paragraph_xtcu6_10 layout-component text-serif-m layout-normal text-serif-m layout-padded\">Snart er snuoperasjonen Svindal har v\u00e6rt med p\u00e5, fullf\u00f8rt. Vonn reiser til OL i italienske Cortina som en gullfavoritt.<\/p>\n<p class=\"_paragraph_o9xde_4 _paragraph_xtcu6_10 layout-component text-serif-m layout-normal text-serif-m layout-padded\">\u2013 Det kommer til \u00e5 bli helt utrolig, men det blir ogs\u00e5 mye press og store forventninger. \u00c5 h\u00e5ndtere det blir min st\u00f8rste utfordring, sier hun selv.<\/p>\n<p class=\"_paragraph_o9xde_4 _paragraph_xtcu6_10 layout-component text-serif-m layout-normal text-serif-m layout-padded\">\u2013 Dette blir mitt femte OL \u2013 og p\u00e5 mange m\u00e5ter en test p\u00e5 alle erfaringene jeg har samlet meg gjennom livet. Jeg tror ikke det er noen som har h\u00f8yere forventninger til meg enn det jeg selv har. Samtidig trives jeg ofte n\u00e5r presset er h\u00f8yt. N\u00e5r det virkelig st\u00e5r mye p\u00e5 spill, blir jeg enda mer motivert.<\/p>\n<p class=\"_paragraph_o9xde_4 _paragraph_xtcu6_10 layout-component text-serif-m layout-normal text-serif-m layout-padded\"><strong class=\"_strong_o9xde_25\">Det som startet som et fors\u00f8k p\u00e5 \u00e5 vinne renn igjen, har underveis f\u00e5tt en st\u00f8rre betydning.<\/strong><\/p>\n<p class=\"_paragraph_o9xde_4 _paragraph_xtcu6_10 layout-component text-serif-m layout-normal text-serif-m layout-padded\">\u2013 For \u00e5 v\u00e6re \u00e6rlig: I starten var det litt irriterende at det var s\u00e5 mye fokus p\u00e5 alderen min. Men n\u00e5 synes jeg faktisk det er en veldig positiv ting, sier Vonn.<\/p>\n<p class=\"_paragraph_o9xde_4 _paragraph_xtcu6_10 layout-component text-serif-m layout-normal text-serif-m layout-padded\">Hun forklarer:<\/p>\n<p class=\"_paragraph_o9xde_4 _paragraph_xtcu6_10 layout-component text-serif-m layout-normal text-serif-m layout-padded\">\u2013 Mange kvinner p\u00e5 min alder \u2013 og menn ogs\u00e5, for den saks skyld \u2013 har kommet bort til meg. Jeg liker \u00e5 snakke om det n\u00e5, fordi jeg vil endre folks oppfatning av hva de forventer at kvinner kan gj\u00f8re i denne alderen, og hva de tror kroppene v\u00e5re er i stand til. Hvis kroppen fungerer, er det ingen grunn til at vi ikke kan lykkes med det vi bestemmer oss for, uansett alder.<\/p>\n<p><img alt=\"Foto: Denis Balibouse \/ Reuters \/ NTB\" class=\"_image_qp4xg_65 layout-component layout-normal\" data-fullscreen- data-track-element-type=\"Article image fullscreen\" data-track-name=\"ImageFullscreen\" decoding=\"async\" loading=\"lazy\" height=\"2873\" itemprop=\"image\"  src=\"https:\/\/www.europesays.com\/no\/wp-content\/uploads\/2026\/01\/514e2b0b-bdb5-44fa-8b6b-8be0d5d42033.png\"  style=\"object-position:0% 0%\" width=\"2874\"\/>Foto: Denis Balibouse \/ Reuters \/ NTB<\/p>\n<p class=\"_paragraph_o9xde_4 _paragraph_xtcu6_10 layout-component text-serif-m layout-normal text-serif-m layout-padded\">Men ingenting varer evig, heller ikke for Lindsey Vonn. Snart er det slutt \u2013 igjen.<\/p>\n<p class=\"_paragraph_o9xde_4 _paragraph_xtcu6_10 layout-component text-serif-m layout-normal text-serif-m layout-padded\">\u2013 Jeg legger opp etter sesongen. Det er helt sikkert. Du kan bare kaste terningene et visst antall ganger, sier hun og smiler.<\/p>\n<p class=\"_paragraph_o9xde_4 _paragraph_xtcu6_10 layout-component text-serif-m layout-normal text-serif-m layout-padded\"><strong class=\"_strong_o9xde_25\">\u2013 I \u00e5r kommer jeg til \u00e5 bruke all den flaksen jeg har. S\u00e5 tar jeg skiene og drar hjem.<\/strong><\/p>\n<ul class=\"_list_o9xde_3 _list_xtcu6_9 _unordered_o9xde_106 layout-component text-serif-m layout-normal text-serif-m layout-padded\">\n<li class=\"_item_o9xde_30\">L\u00f8rdag ble Lindsey Vonn nummer tre i verdenscuprennet i utfor i italienske Tarvisio. S\u00f8ndag skal amerikaneren kj\u00f8re super-G. Rennet vises p\u00e5 TV 3 og Viaplay. Vinter-OL starter 6. februar.<\/li>\n<\/ul>\n<p> Yasmin Sunde Hoel<\/p>\n<p class=\"text-sans-s\">Journalist<\/p>\n<p><img decoding=\"async\" alt=\"Yasmin Sunde Hoel\" class=\"_image_uv074_179\" src=\"https:\/\/www.europesays.com\/no\/wp-content\/uploads\/2026\/01\/1768650672_662_9b0968a4-bfc7-4456-a6f4-b0a569ad0436.jpeg\" width=\"480\"\/>Kontakt Yasmin Sunde Hoel     <\/p>\n","protected":false},"excerpt":{"rendered":"Lindsey Vonn gjorde et sjokk-comeback i alpint \u2013 s\u00e5 kontaktet hun Aksel Lund Svindal for \u00e5 f\u00e5 hjelp.&hellip;\n","protected":false},"author":2,"featured_media":139939,"comment_status":"","ping_status":"","sticky":false,"template":"","format":"standard","meta":{"footnotes":""},"categories":[59],"tags":[248,249,247,30,28,29,83,82,2920,785,3428],"class_list":{"0":"post-139938","1":"post","2":"type-post","3":"status-publish","4":"format-standard","5":"has-post-thumbnail","7":"category-sport","8":"tag-aksel-lund-svindal","9":"tag-alpint","10":"tag-lindsey-vonn","11":"tag-no","12":"tag-norge","13":"tag-norway","14":"tag-sport","15":"tag-sports","16":"tag-vg-eksklusiv","17":"tag-vghubben","18":"tag-vinter-ol"},"share_on_mastodon":{"url":"https:\/\/pubeurope.com\/@no\/115910297852982626","error":""},"_links":{"self":[{"href":"https:\/\/www.europesays.com\/no\/wp-json\/wp\/v2\/posts\/139938","targetHints":{"allow":["GET"]}}],"collection":[{"href":"https:\/\/www.europesays.com\/no\/wp-json\/wp\/v2\/posts"}],"about":[{"href":"https:\/\/www.europesays.com\/no\/wp-json\/wp\/v2\/types\/post"}],"author":[{"embeddable":true,"href":"https:\/\/www.europesays.com\/no\/wp-json\/wp\/v2\/users\/2"}],"replies":[{"embeddable":true,"href":"https:\/\/www.europesays.com\/no\/wp-json\/wp\/v2\/comments?post=139938"}],"version-history":[{"count":0,"href":"https:\/\/www.europesays.com\/no\/wp-json\/wp\/v2\/posts\/139938\/revisions"}],"wp:featuredmedia":[{"embeddable":true,"href":"https:\/\/www.europesays.com\/no\/wp-json\/wp\/v2\/media\/139939"}],"wp:attachment":[{"href":"https:\/\/www.europesays.com\/no\/wp-json\/wp\/v2\/media?parent=139938"}],"wp:term":[{"taxonomy":"category","embeddable":true,"href":"https:\/\/www.europesays.com\/no\/wp-json\/wp\/v2\/categories?post=139938"},{"taxonomy":"post_tag","embeddable":true,"href":"https:\/\/www.europesays.com\/no\/wp-json\/wp\/v2\/tags?post=139938"}],"curies":[{"name":"wp","href":"https:\/\/api.w.org\/{rel}","templated":true}]}}