{"id":139942,"date":"2026-01-17T11:56:33","date_gmt":"2026-01-17T11:56:33","guid":{"rendered":"https:\/\/www.europesays.com\/no\/139942\/"},"modified":"2026-01-17T11:56:33","modified_gmt":"2026-01-17T11:56:33","slug":"vil-ikke-ha-elbiler-som-politibil","status":"publish","type":"post","link":"https:\/\/www.europesays.com\/no\/139942\/","title":{"rendered":"Vil ikke ha elbiler som politibil"},"content":{"rendered":"<p>        Saken oppsummert<\/p>\n<ul lang=\"nb-NO\">\n<li>Norsk politi \u00e5pner for innkj\u00f8p av elektriske patruljebiler etter vellykkede tester.<\/li>\n<\/ul>\n<ul>\n<li>I Sverige ser det annerledes ut. Svensk politi har skrinlagt planer om elektriske utrykningsbiler, blant annet grunnet rekkeviddeproblemer.<\/li>\n<li>Volvo XC60 forventes \u00e5 bli en vanlig politibil i b\u00e5de Norge og Sverige.<\/li>\n<\/ul>\n<p class=\"italic ai-disclaimer\" data-lab-italic=\"italic\">Oppsummeringen er laget med kunstig intelligens (KI) fra OpenAI. Innholdet er kvalitetssikret av TV 2s journalister. <a target=\"_blank\" href=\"https:\/\/hjelp.tv2.no\/info\/artikkel\/slik-jobber-vi-med-ki-i-tv-2\" title=\"Les om hvordan vi jobber med KI\" rel=\"nofollow noopener\">Les om hvordan vi jobber med KI<\/a><\/p>\n<p>I fjor ble det kjent at det norske politiet \u00e5pner for innkj\u00f8p av elektriske patruljebiler. Det skjer blant annet etter at politiet har testet ut bruk av elbiler i flere distrikter.<\/p>\n<p> Her spiller det ogs\u00e5 inn at det selges stadig f\u00e6rre bilmodeller med bensin- eller dieselmotor i Norge. Det gj\u00f8r at politiet ogs\u00e5 f\u00e5r langt f\u00e6rre modeller \u00e5 velge mellom. Dermed kan vi nok forvente oss stadig flere elektriske politibiler de kommende \u00e5rene.\u00a0<\/p>\n<p>Men i v\u00e5rt naboland Sverige ser det ganske annerledes ut. Opprinnelig hadde den svenske polisen en plan om pilottest av elektriske utrykningsbiler i fjor eller i \u00e5r. Men den er skrinlagt, skriver\u00a0<a href=\"https:\/\/www.vibilagare.se\/nyheter\/polisens-besked-om-elbilar-inte-tagit-steget\" rel=\"nofollow noopener\" target=\"_blank\">nettstedet Vi Bil\u00e4gere<\/a>.<\/p>\n<p>\u2013 Fungerer ikke<\/p>\n<p>Tidligere har svensk politi anf\u00f8rt at de mener dagens elbiler ikke kan oppfylle kravene de har til rekkevidde, s\u00e6rlig skal det gjelde tungt lastede biler p\u00e5 vinteren.\u00a0<\/p>\n<p>\u2013 En ting er n\u00e5r du og jeg kj\u00f8rer en elbil, en annen er n\u00e5r politiet skal bruke dem. Det fungerer ikke med v\u00e5rt kj\u00f8rem\u00f8nster og de utrustningen vi m\u00e5 ha med oss, har G\u00f6ran Bolinder i Polismyndigheten tidligere uttalt til <a href=\"https:\/\/www.vibilagare.se\/nyheter\/polisens-besked-om-elbilar-inte-tagit-steget\" rel=\"nofollow noopener\" target=\"_blank\">Vi Bil\u00e4gare.<\/a><\/p>\n<p>Det h\u00f8rer med til saken at svensk politi i stor grad kj\u00f8rer Volvo. De er en av produsentene som satser mest p\u00e5 elbiler og har de siste \u00e5rene faset ut det meste av biler med bensin- og dieselmotor.<\/p>\n<p> <a href=\"http:\/\/www.tv2.no\/a\/3508764\" rel=\"nofollow noopener\" target=\"_blank\">Lamborghini politibil: Dette hadde v\u00e6rt noe for UP<\/a> <\/p>\n<p>        <img class=\"image__img lazyload\" itemprop=\"image\" title=\"Foto: Volvo\" alt=\"EKSEMPEL: Volvo har tatt fram dette politibil-konseptet av sin elektriske EX40. Men det er ikke aktuelt for politiet i hjemlandet. Foto: Volvo\" width=\"978\" height=\"551\" bad-src=\"https:\/\/www.europesays.com\/no\/wp-content\/uploads\/2026\/01\/18469569.webp.jpeg\" fetchpriority=\"auto\" \/><\/p>\n<p>      EKSEMPEL: Volvo har tatt fram dette politibil-konseptet av sin elektriske EX40. Men det er ikke aktuelt for politiet i hjemlandet.<br \/>\n         Foto: Volvo<\/p>\n<p>G\u00e5tt ut av produksjon<\/p>\n<p>Men hybridmodellene XC60 og XC90 lever videre. Dermed er det ogs\u00e5 grunn til \u00e5 forvente at s\u00e6rlig XC60 vil bli en sv\u00e6rt vanlig politibil i Sverige de kommende \u00e5rene.\u00a0<\/p>\n<p>Det er den forresten ogs\u00e5 i Norge.\u00a0I dagens avtale har politiet mange eksemplarer av Mercedes Vito og Volvo V90 Cross Country, med dieselmotor.\u00a0<\/p>\n<p>Sistnevnte har imidlertid g\u00e5tt ut av produksjon og blir erstattet av ladbar XC60. Politiet har ogs\u00e5 mange uniformerte eksemplarer av ladbare Ford Explorer. Slik sett har de f\u00e5tt en mykere overgang til elbiler.\u00a0<\/p>\n<p> <a href=\"http:\/\/www.tv2.no\/a\/7798725\/\" rel=\"nofollow noopener\" target=\"_blank\">Her er det norske politiets nye superbil<\/a> <\/p>\n<p>        <img class=\"image__img lazyload\" itemprop=\"image\" title=\"Foto: Politiet\" alt=\"LADBAR: Uniformerte Ford Explorer er et velkjent syn p\u00e5 norske veier. N\u00e5 er salget av denne avsluttet, mye tyder p\u00e5 Explorer etter hvert blir erstattet av helelektriske biler. Foto: Politiet\" width=\"978\" height=\"551\" bad-src=\"https:\/\/www.europesays.com\/no\/wp-content\/uploads\/2026\/01\/14745780.webp.jpeg\" fetchpriority=\"auto\" \/><\/p>\n<p>      LADBAR: Uniformerte Ford Explorer er et velkjent syn p\u00e5 norske veier. N\u00e5 er salget av denne avsluttet, mye tyder p\u00e5 Explorer etter hvert blir erstattet av helelektriske biler.<br \/>\n         Foto: Politiet<\/p>\n<p>\u2013 Positive tilbakemeldinger<\/p>\n<p>Norsk politi har alts\u00e5 hatt et pr\u00f8veprosjekt med uniformerte elbiler. De\u00a0har blitt testet i flere norske politidistrikter. Det har if\u00f8lge Torbj\u00f8rn Snellingen i\u00a0 Politiets Fellestjenester (PFT) gitt nyttige erfaringer:\u00a0<\/p>\n<p>\u2013 Vi har mottatt mange positive tilbakemeldinger, samtidig som vi registrerer at det er noen utfordringer. Mange av disse er ting det arbeides med, og som det vil komme l\u00f8sninger p\u00e5 gjennom den p\u00e5g\u00e5ende teknologiske utviklingen, sa han\u00a0<a href=\"https:\/\/www.politiforum.no\/fossilbilene-fases-ut-apner-for-overgang-til-elektriske-patruljebiler\/281419\" rel=\"nofollow noopener\" target=\"_blank\">til Politiforum<\/a>\u00a0i fjor h\u00f8st.<\/p>\n<p><a href=\"https:\/\/www.tv2.no\/broom\/karet-til-beste-politibil-noensinne\/8766545\/\" rel=\"nofollow noopener\" target=\"_blank\">K\u00e5ret denne til beste politibil noensinne<\/a><\/p>\n<p class=\"bold m-bold\" data-lab-font_weight=\"bold\">Dyrt i Norge? Da b\u00f8r du f\u00e5 med deg saken under!<\/p>\n<p>    <a class=\"article__link\" data-ga-active-label=\"\" data-ga-active-label-animation=\"\" href=\"https:\/\/www.tv2.no\/broom\/sa-ikke-politibilen-det-kostet-15-millioner\/18074128\/\" rel=\"nofollow noopener\" target=\"_blank\"><\/p>\n<p>    <img class=\"image__img lazyload\" itemprop=\"image\" title=\"\" alt=\"\" width=\"587\" height=\"300\" bad-src=\"https:\/\/www.europesays.com\/no\/wp-content\/uploads\/2026\/01\/18074157.webp.jpeg\" fetchpriority=\"auto\" \/><\/p>\n<p>            S\u00e5 ikke politibilen \u2013 det kostet 1,5 millioner<\/p>\n<p>    <\/a><\/p>\n","protected":false},"excerpt":{"rendered":"Saken oppsummert Norsk politi \u00e5pner for innkj\u00f8p av elektriske patruljebiler etter vellykkede tester. I Sverige ser det annerledes&hellip;\n","protected":false},"author":2,"featured_media":139943,"comment_status":"","ping_status":"","sticky":false,"template":"","format":"standard","meta":{"footnotes":""},"categories":[10],"tags":[20,21,24,25,15,22,23,13,30,28,29,14,16,26,27],"class_list":{"0":"post-139942","1":"post","2":"type-post","3":"status-publish","4":"format-standard","5":"has-post-thumbnail","7":"category-norge","8":"tag-breaking-news","9":"tag-breakingnews","10":"tag-featured-news","11":"tag-featurednews","12":"tag-headlines","13":"tag-latest-news","14":"tag-latestnews","15":"tag-news","16":"tag-no","17":"tag-norge","18":"tag-norway","19":"tag-nyheter","20":"tag-overskrifter","21":"tag-top-stories","22":"tag-topstories"},"share_on_mastodon":{"url":"https:\/\/pubeurope.com\/@no\/115910317343357646","error":""},"_links":{"self":[{"href":"https:\/\/www.europesays.com\/no\/wp-json\/wp\/v2\/posts\/139942","targetHints":{"allow":["GET"]}}],"collection":[{"href":"https:\/\/www.europesays.com\/no\/wp-json\/wp\/v2\/posts"}],"about":[{"href":"https:\/\/www.europesays.com\/no\/wp-json\/wp\/v2\/types\/post"}],"author":[{"embeddable":true,"href":"https:\/\/www.europesays.com\/no\/wp-json\/wp\/v2\/users\/2"}],"replies":[{"embeddable":true,"href":"https:\/\/www.europesays.com\/no\/wp-json\/wp\/v2\/comments?post=139942"}],"version-history":[{"count":0,"href":"https:\/\/www.europesays.com\/no\/wp-json\/wp\/v2\/posts\/139942\/revisions"}],"wp:featuredmedia":[{"embeddable":true,"href":"https:\/\/www.europesays.com\/no\/wp-json\/wp\/v2\/media\/139943"}],"wp:attachment":[{"href":"https:\/\/www.europesays.com\/no\/wp-json\/wp\/v2\/media?parent=139942"}],"wp:term":[{"taxonomy":"category","embeddable":true,"href":"https:\/\/www.europesays.com\/no\/wp-json\/wp\/v2\/categories?post=139942"},{"taxonomy":"post_tag","embeddable":true,"href":"https:\/\/www.europesays.com\/no\/wp-json\/wp\/v2\/tags?post=139942"}],"curies":[{"name":"wp","href":"https:\/\/api.w.org\/{rel}","templated":true}]}}