{"id":139944,"date":"2026-01-17T11:58:10","date_gmt":"2026-01-17T11:58:10","guid":{"rendered":"https:\/\/www.europesays.com\/no\/139944\/"},"modified":"2026-01-17T11:58:10","modified_gmt":"2026-01-17T11:58:10","slug":"legende-datter-overrasket-det-sier-alt-om-hvilket-sjokk-dette-er","status":"publish","type":"post","link":"https:\/\/www.europesays.com\/no\/139944\/","title":{"rendered":"Legende-datter overrasket: &#8211; Det sier alt om hvilket sjokk dette er"},"content":{"rendered":"<p>Odd-Bj\u00f8rn Hjelmesets datter Marthe Johanne Hjelmeset (21), imponerte stort og endte p\u00e5 en r\u00e5sterk femteplass p\u00e5 20 km skiathlon i NM.<\/p>\n<p>\u2013 Hun blir alts\u00e5 nummer fem i NM med startnummer 37, og det sier alt om hvilket sjokk dette er! Hun har ingen resultater de siste \u00e5rene som skulle tilsi at hun holder dette niv\u00e5et,\u00a0s\u00e5 dette var en sv\u00e6rt gledelig overraskelse. Fortsetter hun denne utviklingen kan det bli ordentlig moro i \u00e5rene som kommer, sier TV 2s langrennsekspert.<\/p>\n<p>Og legger til:<\/p>\n<p>\u2013 Med de genene var det kanskje bare et sp\u00f8rsm\u00e5l om tid f\u00f8r det l\u00f8snet. Pappa Odd-Bj\u00f8rn er selv norgesmester p\u00e5 jaktstart Steinkjer, storebror Lars Agnar har vist hva han kan ved en rekke anledninger og i verdenscupen i skiskyting leverer jo ogs\u00e5 familien Hjelmeset et og annet sjokk med jevne mellomrom <\/p>\n<p>\u2013 Ikke det jeg hadde tenkt<\/p>\n<p>Selv var Hjelmeset overrasket over at det gikk s\u00e5pass bra.\u00a0<\/p>\n<p> \u2013 Det var veldig g\u00f8y. Det var ikke det jeg hadde tenkt skulle skje f\u00f8r start, men det er veldig artig n\u00e5r alt klaffer, sier hun til TV 2.<\/p>\n<p>\u2013 Jeg f\u00f8lte meg veldig bra. Jeg hadde enorme klassiske- og sk\u00f8yteski, s\u00e5 jeg koste meg bare ut der og pushet meg alt jeg klarte.<\/p>\n<p class=\"italic m-italic\" data-lab-italic=\"italic\">\u2013 Hadde du trodd det var mulig p\u00e5 forh\u00e5nd med en femteplass i NM?<\/p>\n<p>\u2013 Nei, men jeg har jo l\u00f8pt litt kveldsjogger og h\u00f8rt p\u00e5 musikk, og v\u00e6rt litt s\u00e5nn: \u00abTenk om dette g\u00e5r kjempebra\u00bb. Jeg hadde aldri tenkt at det skulle g\u00e5 s\u00e5 bra.<\/p>\n<p class=\"italic m-italic\" data-lab-italic=\"italic\">\u2013 Hva tror du pappa tenker?<\/p>\n<p>\u2013 Jeg h\u00e5per han er forn\u00f8yd! Han har jo vunnet en del her p\u00e5 Steinkjer \u2013 det var ikke det jeg gjorde. Men femteplass er godt nok, sier hun med et smil.<\/p>\n<p>        <img class=\"image__img lazyload\" itemprop=\"image\" title=\"Foto: Lise \u00c5serud  \/ NTB\" alt=\"BEST P\u00c5 OPPL\u00d8PET: Kristin Austgulen Fosn\u00e6s vinner 20km. skiathlon for kvinner under NM p\u00e5 ski 2026 p\u00e5 Steinkjer skistadion. Foto: Lise \u00c5serud  \/ NTB\" width=\"978\" height=\"551\" bad-src=\"https:\/\/www.europesays.com\/no\/wp-content\/uploads\/2026\/01\/18472474.webp.jpeg\" fetchpriority=\"auto\" \/><\/p>\n<p>      BEST P\u00c5 OPPL\u00d8PET: Kristin Austgulen Fosn\u00e6s vinner 20km. skiathlon for kvinner under NM p\u00e5 ski 2026 p\u00e5 Steinkjer skistadion.<br \/>\n         Foto: Lise \u00c5serud  \/ NTB<\/p>\n<p>\u2013 Fosn\u00e6s er OL-klar<\/p>\n<p>Det ble tidlig klart at det var trioen Anne Kjersti Kalv\u00e5, Nora Sanness og Kristin Austgulen Fosn\u00e6s som skulle gj\u00f8re opp om NM-medaljene p\u00e5 20 kilometer skiathlon, oag til slutt ble det Austgulen Fosn\u00e6s som kunne juble for gull.<\/p>\n<p>\u2013 Veldig stas, sier hun til NRK.<\/p>\n<p>P\u00e5 sp\u00f8rsm\u00e5l om OL-plassen n\u00e5 er sikret, svarer hun diplomatisk.<\/p>\n<p>\u2013 Det er fortsatt ikke jeg som skal ta ut et lag, du f\u00e5r h\u00f8re med Sjur Ole (Svarstad), men jeg krysser fingrene.\u00a0<\/p>\n<p>TV 2s langrennsekspert er ikke i tvil:\u00a0<\/p>\n<p>\u2013 Fosn\u00e6s er OL-klar, sier Petter Skinstad.<\/p>\n<p>Gikk p\u00e5 trynet<\/p>\n<p>Sanness ble akterutseilt da NM-vinneren satte inn et ekstra gir mot slutten, mens Kalv\u00e5 hang p\u00e5 og kjempet om gullet p\u00e5 oppl\u00f8pet da det gikk helt galt.<\/p>\n<p>Lundamo-l\u00f8peren m\u00e5tte se gullsjansen glippe da hun deiset i bakken.<\/p>\n<p>\u2013 Stive bein og en stav i skiskoen. S\u00e5 gikk jeg p\u00e5 trynet. Det var un\u00f8dvendig, men Kristin var sterk s\u00e5 det er ikke sikkert at det hadde g\u00e5tt uansett, sier hun til NRK.<\/p>\n<p>        <img class=\"image__img lazyload\" itemprop=\"image\" title=\"Foto: Lise \u00c5serud  \/ NTB\" alt=\"OPPTUR TROSS FALL: Anne Kjersti Kalv\u00e5 kunne smile etter andreplassen. Foto: Lise \u00c5serud  \/ NTB\" width=\"978\" height=\"551\" bad-src=\"https:\/\/www.europesays.com\/no\/wp-content\/uploads\/2026\/01\/18472519.webp.jpeg\" fetchpriority=\"auto\" \/><\/p>\n<p>      OPPTUR TROSS FALL: Anne Kjersti Kalv\u00e5 kunne smile etter andreplassen.<br \/>\n         Foto: Lise \u00c5serud  \/ NTB<\/p>\n<p>Hun gledet seg likevel over en opptur etter en tung periode.<\/p>\n<p>\u2013 Min f\u00f8rste NM-medalje, det skal jeg ta med meg, smiler hun.<\/p>\n","protected":false},"excerpt":{"rendered":"Odd-Bj\u00f8rn Hjelmesets datter Marthe Johanne Hjelmeset (21), imponerte stort og endte p\u00e5 en r\u00e5sterk femteplass p\u00e5 20 km&hellip;\n","protected":false},"author":2,"featured_media":139945,"comment_status":"","ping_status":"","sticky":false,"template":"","format":"standard","meta":{"footnotes":""},"categories":[59],"tags":[30,28,29,83,82],"class_list":{"0":"post-139944","1":"post","2":"type-post","3":"status-publish","4":"format-standard","5":"has-post-thumbnail","7":"category-sport","8":"tag-no","9":"tag-norge","10":"tag-norway","11":"tag-sport","12":"tag-sports"},"share_on_mastodon":{"url":"https:\/\/pubeurope.com\/@no\/115910325226177583","error":""},"_links":{"self":[{"href":"https:\/\/www.europesays.com\/no\/wp-json\/wp\/v2\/posts\/139944","targetHints":{"allow":["GET"]}}],"collection":[{"href":"https:\/\/www.europesays.com\/no\/wp-json\/wp\/v2\/posts"}],"about":[{"href":"https:\/\/www.europesays.com\/no\/wp-json\/wp\/v2\/types\/post"}],"author":[{"embeddable":true,"href":"https:\/\/www.europesays.com\/no\/wp-json\/wp\/v2\/users\/2"}],"replies":[{"embeddable":true,"href":"https:\/\/www.europesays.com\/no\/wp-json\/wp\/v2\/comments?post=139944"}],"version-history":[{"count":0,"href":"https:\/\/www.europesays.com\/no\/wp-json\/wp\/v2\/posts\/139944\/revisions"}],"wp:featuredmedia":[{"embeddable":true,"href":"https:\/\/www.europesays.com\/no\/wp-json\/wp\/v2\/media\/139945"}],"wp:attachment":[{"href":"https:\/\/www.europesays.com\/no\/wp-json\/wp\/v2\/media?parent=139944"}],"wp:term":[{"taxonomy":"category","embeddable":true,"href":"https:\/\/www.europesays.com\/no\/wp-json\/wp\/v2\/categories?post=139944"},{"taxonomy":"post_tag","embeddable":true,"href":"https:\/\/www.europesays.com\/no\/wp-json\/wp\/v2\/tags?post=139944"}],"curies":[{"name":"wp","href":"https:\/\/api.w.org\/{rel}","templated":true}]}}