{"id":139956,"date":"2026-01-17T12:17:08","date_gmt":"2026-01-17T12:17:08","guid":{"rendered":"https:\/\/www.europesays.com\/no\/139956\/"},"modified":"2026-01-17T12:17:08","modified_gmt":"2026-01-17T12:17:08","slug":"tusenvis-i-gronland-demonstrasjon-i-kobenhavn","status":"publish","type":"post","link":"https:\/\/www.europesays.com\/no\/139956\/","title":{"rendered":"Tusenvis i Gr\u00f8nland-demonstrasjon i K\u00f8benhavn"},"content":{"rendered":"\n<p class=\"_lead_o9xde_2 _lead_xtcu6_50 layout-component text-serif-m layout-normal text-serif-l layout-component layout-wide layout-padded _wide_17hqh_1 layout-padded\">R\u00e5dhusplassen i K\u00f8benhavn er fylt opp med tusenvis av mennesker som demonstrerer til st\u00f8tte for Gr\u00f8nland l\u00f8rdag, viser TV-bilder.<\/p>\n<p><img alt=\"Store folkemengder tok til gatene i flere danske byer for \u00e5 vise solidaritet med Gr\u00f8nland l\u00f8rdag ettermiddag.  Foto: Emil Helms \/ Reuters \/ NTB\" class=\"_image_qp4xg_65 layout-component layout-wide\" data-fullscreen- data-track-element-type=\"Article image fullscreen\" data-track-name=\"ImageFullscreen\" fetchpriority=\"high\" decoding=\"sync\" loading=\"eager\" height=\"4160\" itemprop=\"image\"  src=\"https:\/\/www.europesays.com\/no\/wp-content\/uploads\/2026\/01\/052c5738-9338-4a4a-b5b6-8333b02eb791.png\"  style=\"object-position:0% 0%\" width=\"6240\"\/>Store folkemengder tok til gatene i flere danske byer for \u00e5 vise solidaritet med Gr\u00f8nland l\u00f8rdag ettermiddag.  Foto: Emil Helms \/ Reuters \/ NTB<\/p>\n<ul aria-hidden=\"true\" class=\"_images_ntbth_112\">\n<li><a class=\"_link_ntbth_117\" href=\"https:\/\/www.vg.no\/forfatter\/ntb\" style=\"z-index:1\" title=\"NTB\" rel=\"nofollow noopener\" target=\"_blank\"><img alt=\"Bilde av NTB\" class=\"_image_ntbth_93\" fetchpriority=\"low\" loading=\"lazy\" decoding=\"async\" itemprop=\"image\"  src=\"https:\/\/www.europesays.com\/no\/wp-content\/uploads\/2026\/01\/1768652228_61_c33980b0-5d07-4027-84a1-813f90a7c8d6.png\"  width=\"480\"\/><\/a><\/li>\n<\/ul>\n<p> Oppdatert l\u00f8rdag 17. januar kl. 13:04     <\/p>\n<p class=\"_paragraph_o9xde_4 _paragraph_xtcu6_10 layout-component text-serif-m layout-normal text-serif-m layout-padded\">Demonstrasjoner avholdes ogs\u00e5 i Aarhus, Odense og Esbjerg, samt p\u00e5 Nuuk p\u00e5 Gr\u00f8nland.<\/p>\n<p class=\"_paragraph_o9xde_4 _paragraph_xtcu6_10 layout-component text-serif-m layout-normal text-serif-m layout-padded\">B\u00e5de danske og gr\u00f8nlandske flagg kan ses i folkemengden i et hav av r\u00f8dt og hvitt.<\/p>\n<p class=\"_paragraph_o9xde_4 _paragraph_xtcu6_10 layout-component text-serif-m layout-normal text-serif-m layout-padded\">Demonstrasjonene kommer etter USAs president Donald Trumps gjentatte trusler om amerikanske overtakelse av \u00f8ya.<\/p>\n<p class=\"_paragraph_o9xde_4 _paragraph_xtcu6_10 layout-component text-serif-m layout-normal text-serif-m layout-padded\">Julie Rademacher, leder for Uagut, som er landsorganisasjonen for gr\u00f8nlendere i Danmark, sier demonstrasjonene sender et viktig signal, selv om de trolig ikke f\u00e5r direkte betydning for presidentens \u00f8nsker og holdninger.<\/p>\n<p class=\"_paragraph_o9xde_4 _paragraph_xtcu6_10 layout-component text-serif-m layout-normal text-serif-m layout-padded\">\u2013 Det er sv\u00e6rt viktig for oss \u00e5 vise resten av verdenssamfunnet at dette ikke bare er en kamp for Gr\u00f8nland. Det er ogs\u00e5 en kamp for frihet og demokrati, sier hun.<\/p>\n<p class=\"_paragraph_o9xde_4 _paragraph_xtcu6_10 layout-component text-serif-m layout-normal text-serif-m layout-padded\">Demonstrasjonen startet p\u00e5 R\u00e5dhuspladsen i sentrum og beveger seg siden mot den amerikanske ambassaden p\u00e5 \u00d8sterbro.<\/p>\n","protected":false},"excerpt":{"rendered":"R\u00e5dhusplassen i K\u00f8benhavn er fylt opp med tusenvis av mennesker som demonstrerer til st\u00f8tte for Gr\u00f8nland l\u00f8rdag, viser&hellip;\n","protected":false},"author":2,"featured_media":139957,"comment_status":"","ping_status":"","sticky":false,"template":"","format":"standard","meta":{"footnotes":""},"categories":[12],"tags":[20,21,24,25,15,22,23,13,30,28,29,14,16,26,27,42,43,44,45],"class_list":{"0":"post-139956","1":"post","2":"type-post","3":"status-publish","4":"format-standard","5":"has-post-thumbnail","7":"category-verden","8":"tag-breaking-news","9":"tag-breakingnews","10":"tag-featured-news","11":"tag-featurednews","12":"tag-headlines","13":"tag-latest-news","14":"tag-latestnews","15":"tag-news","16":"tag-no","17":"tag-norge","18":"tag-norway","19":"tag-nyheter","20":"tag-overskrifter","21":"tag-top-stories","22":"tag-topstories","23":"tag-verden","24":"tag-world","25":"tag-world-news","26":"tag-worldnews"},"share_on_mastodon":{"url":"https:\/\/pubeurope.com\/@no\/115910400076498383","error":""},"_links":{"self":[{"href":"https:\/\/www.europesays.com\/no\/wp-json\/wp\/v2\/posts\/139956","targetHints":{"allow":["GET"]}}],"collection":[{"href":"https:\/\/www.europesays.com\/no\/wp-json\/wp\/v2\/posts"}],"about":[{"href":"https:\/\/www.europesays.com\/no\/wp-json\/wp\/v2\/types\/post"}],"author":[{"embeddable":true,"href":"https:\/\/www.europesays.com\/no\/wp-json\/wp\/v2\/users\/2"}],"replies":[{"embeddable":true,"href":"https:\/\/www.europesays.com\/no\/wp-json\/wp\/v2\/comments?post=139956"}],"version-history":[{"count":0,"href":"https:\/\/www.europesays.com\/no\/wp-json\/wp\/v2\/posts\/139956\/revisions"}],"wp:featuredmedia":[{"embeddable":true,"href":"https:\/\/www.europesays.com\/no\/wp-json\/wp\/v2\/media\/139957"}],"wp:attachment":[{"href":"https:\/\/www.europesays.com\/no\/wp-json\/wp\/v2\/media?parent=139956"}],"wp:term":[{"taxonomy":"category","embeddable":true,"href":"https:\/\/www.europesays.com\/no\/wp-json\/wp\/v2\/categories?post=139956"},{"taxonomy":"post_tag","embeddable":true,"href":"https:\/\/www.europesays.com\/no\/wp-json\/wp\/v2\/tags?post=139956"}],"curies":[{"name":"wp","href":"https:\/\/api.w.org\/{rel}","templated":true}]}}