{"id":139958,"date":"2026-01-17T12:18:40","date_gmt":"2026-01-17T12:18:40","guid":{"rendered":"https:\/\/www.europesays.com\/no\/139958\/"},"modified":"2026-01-17T12:18:40","modified_gmt":"2026-01-17T12:18:40","slug":"forsvaret-millitaeret-norske-soldater-naer-ved-a-bli-truffet-under-ovelse-i-litauen","status":"publish","type":"post","link":"https:\/\/www.europesays.com\/no\/139958\/","title":{"rendered":"Forsvaret, Millit\u00e6ret | Norske soldater n\u00e6r ved \u00e5 bli truffet under \u00f8velse i Litauen"},"content":{"rendered":"\n<p>Flere soldater var da n\u00e6r ved \u00e5 bli truffet av mitralj\u00f8seskudd, skriver <a href=\"https:\/\/www.forsvaretsforum.no\/havarikommisjonen-haeren-litauen\/alvorlig-skytehendelse-under-norsk-ovelse-i-litauen\/478510\" rel=\"nofollow noopener\" target=\"_blank\">Forsvarets forum<\/a>.<\/p>\n<p>Under en skarpskytings\u00f8velse med mekanisert infanteri ble det avfyrt flere skudd mot et m\u00e5lskivearrangement. Samtidig hadde soldater rykket fram i skogen bak, og flere av soldatene var n\u00e6r ved \u00e5 bli truffet, if\u00f8lge havarikommisjonen.<\/p>\n<p>Ingen personer ble fysisk skadet.<\/p>\n<p><b>Les ogs\u00e5: <a class=\"simple-relation related-teaser article--c-eRUmMG article--c-eRUmMG-fZoQSp-design-nettavisen article--c-eRUmMG-gwthdJ-cv\" href=\"https:\/\/www.nettavisen.no\/zelenskyj-svarer-trump-aldri-vart-hinder-for-fred\/s\/5-95-2827818\" rel=\"nofollow noopener\" target=\"_blank\">Zelenskyj svarer Trump: \u2013 Aldri v\u00e6rt hinder for fred<\/a><\/b><\/p>\n<p>Kommunikasjonssjef Lars Str\u00f8m i H\u00e6ren bekrefter overfor Forsvarets forum hendelsen og sier de tar slike hendelser p\u00e5 stort alvor. \u00d8velsen ble stanset umiddelbart, og personellet ble ivaretatt. Utenlandsk personell var ikke involvert.<\/p>\n<p>Hendelsen etterforskes ogs\u00e5 av milit\u00e6rpolitiet p\u00e5 vegne av \u00d8st politidistrikt. I tillegg gjennomf\u00f8rer H\u00e6ren egne unders\u00f8kelser.<\/p>\n<p>Soldater fra H\u00e6ren har v\u00e6rt i Litauen siden 2017 som del av Natos forsterkede tilstedev\u00e6relse i \u00d8st-Europa.<\/p>\n<p><b>Les ogs\u00e5: <a class=\"simple-relation related-teaser article--c-eRUmMG article--c-eRUmMG-fZoQSp-design-nettavisen article--c-eRUmMG-gwthdJ-cv\" href=\"https:\/\/www.nettavisen.no\/putin-tar-affare-marinetopp-far-sparken-etter-fiasko\/s\/5-95-2827059\" rel=\"nofollow noopener\" target=\"_blank\">Putin tar aff\u00e6re: Marinetopp f\u00e5r sparken etter fiasko<\/a><\/b><\/p>\n","protected":false},"excerpt":{"rendered":"Flere soldater var da n\u00e6r ved \u00e5 bli truffet av mitralj\u00f8seskudd, skriver Forsvarets forum. Under en skarpskytings\u00f8velse med&hellip;\n","protected":false},"author":2,"featured_media":139959,"comment_status":"","ping_status":"","sticky":false,"template":"","format":"standard","meta":{"footnotes":""},"categories":[10],"tags":[20,21,24,25,15,22,23,13,30,28,29,14,16,26,27],"class_list":{"0":"post-139958","1":"post","2":"type-post","3":"status-publish","4":"format-standard","5":"has-post-thumbnail","7":"category-norge","8":"tag-breaking-news","9":"tag-breakingnews","10":"tag-featured-news","11":"tag-featurednews","12":"tag-headlines","13":"tag-latest-news","14":"tag-latestnews","15":"tag-news","16":"tag-no","17":"tag-norge","18":"tag-norway","19":"tag-nyheter","20":"tag-overskrifter","21":"tag-top-stories","22":"tag-topstories"},"share_on_mastodon":{"url":"https:\/\/pubeurope.com\/@no\/115910403865112950","error":""},"_links":{"self":[{"href":"https:\/\/www.europesays.com\/no\/wp-json\/wp\/v2\/posts\/139958","targetHints":{"allow":["GET"]}}],"collection":[{"href":"https:\/\/www.europesays.com\/no\/wp-json\/wp\/v2\/posts"}],"about":[{"href":"https:\/\/www.europesays.com\/no\/wp-json\/wp\/v2\/types\/post"}],"author":[{"embeddable":true,"href":"https:\/\/www.europesays.com\/no\/wp-json\/wp\/v2\/users\/2"}],"replies":[{"embeddable":true,"href":"https:\/\/www.europesays.com\/no\/wp-json\/wp\/v2\/comments?post=139958"}],"version-history":[{"count":0,"href":"https:\/\/www.europesays.com\/no\/wp-json\/wp\/v2\/posts\/139958\/revisions"}],"wp:featuredmedia":[{"embeddable":true,"href":"https:\/\/www.europesays.com\/no\/wp-json\/wp\/v2\/media\/139959"}],"wp:attachment":[{"href":"https:\/\/www.europesays.com\/no\/wp-json\/wp\/v2\/media?parent=139958"}],"wp:term":[{"taxonomy":"category","embeddable":true,"href":"https:\/\/www.europesays.com\/no\/wp-json\/wp\/v2\/categories?post=139958"},{"taxonomy":"post_tag","embeddable":true,"href":"https:\/\/www.europesays.com\/no\/wp-json\/wp\/v2\/tags?post=139958"}],"curies":[{"name":"wp","href":"https:\/\/api.w.org\/{rel}","templated":true}]}}