{"id":139960,"date":"2026-01-17T12:20:07","date_gmt":"2026-01-17T12:20:07","guid":{"rendered":"https:\/\/www.europesays.com\/no\/139960\/"},"modified":"2026-01-17T12:20:07","modified_gmt":"2026-01-17T12:20:07","slug":"kalva-gikk-feil-falt-og-tok-medalje-slind-gikk-feil-og-ble-disket-nrk-sport-sportsnyheter-resultater-og-sendeplan","status":"publish","type":"post","link":"https:\/\/www.europesays.com\/no\/139960\/","title":{"rendered":"Kalv\u00e5 gikk feil, falt og tok medalje \u2013 Slind gikk feil og ble disket \u2013 NRK Sport \u2013 Sportsnyheter, resultater og sendeplan"},"content":{"rendered":"<p>Kristin Austgulen Fosn\u00e6s tok sitt andre NM-gull denne uka, foran Anne Kjersti Kalv\u00e5 og Nora Sanness.<\/p>\n<p>\u2013 Dette var veldig stas, sier Fosn\u00e6s, som hadde kamp av Kalv\u00e5 inn p\u00e5 oppl\u00f8pet.<\/p>\n<p>Der stupte imidlertid 33-\u00e5ringen fra Lundamo p\u00e5 magen i sn\u00f8en.<\/p>\n<p><strong>\u2013 Det var stive bein og en stav i skiskoa, og s\u00e5 gikk jeg p\u00e5 trynet. Det var un\u00f8dvendig, men Kristin var sterk, s\u00e5 det er ikke sikkert det hadde g\u00e5tt uansett, sier Kalv\u00e5 til NRK.<\/strong><\/p>\n<p>Tidligere i l\u00f8pet gikk Kalv\u00e5 feil, en situasjon du kan se her:<\/p>\n<p>\u2013 Der hadde jeg ikke gjort god nok research, rett og slett. Jeg gikk feil, men det l\u00f8ste seg, sier hun.<\/p>\n<p>\u2013 Klink disk<\/p>\n<p>Kalv\u00e5 var ikke den eneste som slet med \u00e5 finne riktig vei. For Kari \u00d8yre Slind fikk det konsekvenser.<\/p>\n<p><strong>Slind ble diskvalifisert etter denne situasjonen:<\/strong><\/p>\n<p>\u2013 Jeg ble kalt inn p\u00e5 juryrommet med en gang jeg kom i m\u00e5l, s\u00e5 det ble klink disk, sier Slind til NRK.<\/p>\n<p>Oppdalingen sier det er f\u00f8rste gang hun har v\u00e6rt innkalt til juryen, og innr\u00f8mmer at hun pr\u00f8vde \u00e5 argumentere med at det var d\u00e5rlig merket.<\/p>\n<p><strong>\u2013 Jeg gjorde det f\u00f8rst, og s\u00e5 sa jeg \u00abdrit i det, bare disk meg\u00bb, forteller Slind.<\/strong><\/p>\n<p>\u2013 Hva synes du om det?<\/p>\n<p>\u2013 Jeg skj\u00f8nte ikke at jeg gikk feil engang. Eller jeg skj\u00f8nte det p\u00e5 runding. Da s\u00e5 jeg at det plutselig var klassiskspor der, men jeg skj\u00f8nte ikke hvor jeg skulle g\u00e5 inn til skibytte. Det er sikkert litt min feil at jeg ikke sjekka godt f\u00f8r start, men jeg synes det er litt d\u00e5rlig merka og, sier hun.<\/p>\n<p>\u2013 Livets f\u00f8rste disk<\/p>\n<p>Samtidig erkjenner Slind:<\/p>\n<p>\u2013 Det var jo et helt middelm\u00e5dig skirenn uansett, s\u00e5 jeg kan godt ta livets f\u00f8rste disk med det resultatet der.<\/p>\n<p><strong>Om det var Slinds f\u00f8rste diskvalifikasjon, var det ikke f\u00f8rste gang det blir kaotiske tilstander i en NM-fellesstart med skibytte.<\/strong><\/p>\n<p>For to \u00e5r siden ble hele konkurransen kansellert fordi s\u00e5 mange gikk feil.<\/p>\n<p>Denne gangen blir i hvert fall resultatene st\u00e5ende.<\/p>\n<p><strong>\u2013 Det er selvf\u00f8lgelig kjedelig at noen ut\u00f8vere g\u00e5r feil, men vi som arrang\u00f8r f\u00f8ler at vi har lagt godt til rette for at ut\u00f8verne skal finne frem p\u00e5 stadion med b\u00e5de stadionkart og laglederm\u00f8te og skilting, sier rennleder Morten Wannebo til NRK.<\/strong><\/p>\n<p>\u2013 Vi snakket med noen av ut\u00f8verne som det gjaldt, og vi er ganske enig om at ut\u00f8ver har et ansvar, det sier ogs\u00e5 regelverket, p\u00e5peker han.<\/p>\n<p><img decoding=\"async\"   src=\"data:image\/gif;base64,R0lGODlhAQABAIAAAAAAAP\/\/\/yH5BAEAAAAALAAAAAABAAEAAAIBRAA7\" loading=\"eager\" alt=\"NM\" title=\"Foto: Lise \u00c5serud \/ NTB\"\/><\/p>\n<p class=\"\">PALLEN: Kristin Austgulen Fosn\u00e6s henviste Anne Kjersti Kalv\u00e5 og Nora Sanness til s\u00f8lv og bronse.<\/p>\n<p>Foto: Lise \u00c5serud \/ NTB<\/p>\n<p>Opptur etter motgangen<\/p>\n<p>For Anne Kjersti Kalv\u00e5 var s\u00f8lv uansett en opptur. Hun var lenge kjent som den lovende kusina til Marit Bj\u00f8rgen. I 2023 n\u00e5dde hun selv verdenstoppen, 31 \u00e5r gammel.<\/p>\n<p><strong>Under VM i Planica var hun ankerkvinne for det norske stafettlaget som meget overraskende slo Sverige og tok gull i stafetten.<\/strong><\/p>\n<p>Da hadde hun allerede tatt s\u00f8lv i lagsprint. S\u00e5 toppet hun mesterskapet med sin f\u00f8rste individuelle VM-medalje, s\u00f8lv p\u00e5 tremila. Hun avsluttet sesongen med \u00e5 ta sin f\u00f8rste verdenscupseier.<\/p>\n<p><img decoding=\"async\"   src=\"data:image\/gif;base64,R0lGODlhAQABAIAAAAAAAP\/\/\/yH5BAEAAAAALAAAAAABAAEAAAIBRAA7\" loading=\"eager\" alt=\"Anne Kjersti Kalv\u00e5 \" title=\"Foto: Heiko Junge \/ NTB\"\/><\/p>\n<p class=\"\">STORT VM: Anne Kjersti Kalv\u00e5 tok tre VM-medaljer i 2023.<\/p>\n<p>Foto: Heiko Junge \/ NTB<\/p>\n<p><strong>Etterp\u00e5 har det v\u00e6rt mye motgang. I stedet for \u00e5 jakte topplasseringer i verdenscupen, har Kalv\u00e5 hatt nok med \u00e5 kvalifisere seg for laget.<\/strong><\/p>\n<p>Denne sesongen har hun bare fire starter i verdenscupen, med en 17.-plass i Davos f\u00f8r jul som beste plassering.<\/p>\n<p><strong>\u2013 Jeg f\u00f8lte meg bra i dag og hadde veldig gode ski, s\u00e5 det var artig. Jeg var gira p\u00e5 \u00e5 kjempe om gullet p\u00e5 slutten der, men det ble akkurat ikke. Men det er min f\u00f8rste NM-medalje, s\u00e5 det skal jeg ta med meg, sier hun til NRK<\/strong><\/p>\n<p>\u2013 Hvordan har det v\u00e6rt for deg den siste tida?<\/p>\n<p>\u2013 Man \u00f8nsker jo \u00e5 g\u00e5 fort p\u00e5 ski, og n\u00e5r man ikke gj\u00f8r det s\u00e5 er det ikke kjempeartig \u00e5 v\u00e6re skil\u00f8per. Men det var en liten opptur i dag s\u00e5 det er godt \u00e5 ta med seg, sier Kalv\u00e5.<\/p>\n<p>Publisert<\/p>\n<p>17.01.2026, kl. 12.18<\/p>\n<p>Oppdatert<\/p>\n<p>17.01.2026, kl. 13.13<\/p>\n","protected":false},"excerpt":{"rendered":"Kristin Austgulen Fosn\u00e6s tok sitt andre NM-gull denne uka, foran Anne Kjersti Kalv\u00e5 og Nora Sanness. \u2013 Dette&hellip;\n","protected":false},"author":2,"featured_media":139961,"comment_status":"","ping_status":"","sticky":false,"template":"","format":"standard","meta":{"footnotes":""},"categories":[59],"tags":[30,28,29,83,82],"class_list":{"0":"post-139960","1":"post","2":"type-post","3":"status-publish","4":"format-standard","5":"has-post-thumbnail","7":"category-sport","8":"tag-no","9":"tag-norge","10":"tag-norway","11":"tag-sport","12":"tag-sports"},"share_on_mastodon":{"url":"https:\/\/pubeurope.com\/@no\/115910411694500745","error":""},"_links":{"self":[{"href":"https:\/\/www.europesays.com\/no\/wp-json\/wp\/v2\/posts\/139960","targetHints":{"allow":["GET"]}}],"collection":[{"href":"https:\/\/www.europesays.com\/no\/wp-json\/wp\/v2\/posts"}],"about":[{"href":"https:\/\/www.europesays.com\/no\/wp-json\/wp\/v2\/types\/post"}],"author":[{"embeddable":true,"href":"https:\/\/www.europesays.com\/no\/wp-json\/wp\/v2\/users\/2"}],"replies":[{"embeddable":true,"href":"https:\/\/www.europesays.com\/no\/wp-json\/wp\/v2\/comments?post=139960"}],"version-history":[{"count":0,"href":"https:\/\/www.europesays.com\/no\/wp-json\/wp\/v2\/posts\/139960\/revisions"}],"wp:featuredmedia":[{"embeddable":true,"href":"https:\/\/www.europesays.com\/no\/wp-json\/wp\/v2\/media\/139961"}],"wp:attachment":[{"href":"https:\/\/www.europesays.com\/no\/wp-json\/wp\/v2\/media?parent=139960"}],"wp:term":[{"taxonomy":"category","embeddable":true,"href":"https:\/\/www.europesays.com\/no\/wp-json\/wp\/v2\/categories?post=139960"},{"taxonomy":"post_tag","embeddable":true,"href":"https:\/\/www.europesays.com\/no\/wp-json\/wp\/v2\/tags?post=139960"}],"curies":[{"name":"wp","href":"https:\/\/api.w.org\/{rel}","templated":true}]}}