{"id":139962,"date":"2026-01-17T12:24:17","date_gmt":"2026-01-17T12:24:17","guid":{"rendered":"https:\/\/www.europesays.com\/no\/139962\/"},"modified":"2026-01-17T12:24:17","modified_gmt":"2026-01-17T12:24:17","slug":"polets-mest-solgte-viner-i-2025-og-hvorfor-du-bor-velge-noen-andre","status":"publish","type":"post","link":"https:\/\/www.europesays.com\/no\/139962\/","title":{"rendered":"Polets mest solgte viner i 2025 \u2013 og hvorfor du b\u00f8r velge noen andre (+)"},"content":{"rendered":"<p>                            <img class=\"lazyload-image\" data- alt=\"De ti mest solgte vinene p\u00e5 Polet i 2025 preges av gjengangere fra tidligere \u00e5r. Tendensen er at alle har fallende salg, og mer enn de andre vinene p\u00e5 Polet.\" \/><\/p>\n<p>\n                                De ti mest solgte vinene p\u00e5 Polet i 2025 preges av gjengangere fra tidligere \u00e5r. Tendensen er at alle har fallende salg, og mer enn de andre vinene p\u00e5 Polet.\n                              <\/p>\n<p class=\"vrs-article-header__title\" itemprop=\"headline\">\n              De ti mest solgte vinene \u2013 og hvorfor du b\u00f8r velge noen andre\n            <\/p>\n<p>                        Tekst<br \/>\n                        <a class=\"vrs-article-header__author-name\" rel=\"author nofollow noopener\" itemprop=\"author\" href=\"https:\/\/www.dn.no\/smak\/vin\/de-ti-mest-solgte-vinene-og-hvorfor-du-bor-velge-noen-andre\/mailto:merete.bo@dn.no\" target=\"_blank\">Merete B\u00f8<\/a><\/p>\n<p>                        Foto<br \/>\n                        <a class=\"vrs-article-header__author-name\" rel=\"author nofollow noopener\" itemprop=\"author\" href=\"https:\/\/www.dn.no\/smak\/vin\/de-ti-mest-solgte-vinene-og-hvorfor-du-bor-velge-noen-andre\/mailto:merete.bo@dn.no\" target=\"_blank\">Merete B\u00f8<\/a><\/p>\n<p>                    16. januar 2026<\/p>\n<p class=\"vrs-article-header__summary\">\n            Selv om de samme vinene g\u00e5r igjen p\u00e5 Polets bestselgerlister, er det gode grunner til \u00e5 velge noe annet.\n          <\/p>\n","protected":false},"excerpt":{"rendered":"De ti mest solgte vinene p\u00e5 Polet i 2025 preges av gjengangere fra tidligere \u00e5r. Tendensen er at&hellip;\n","protected":false},"author":2,"featured_media":139963,"comment_status":"","ping_status":"","sticky":false,"template":"","format":"standard","meta":{"footnotes":""},"categories":[12],"tags":[20,21,24,25,15,22,23,13,30,28,29,14,16,26,27,42,43,44,45],"class_list":{"0":"post-139962","1":"post","2":"type-post","3":"status-publish","4":"format-standard","5":"has-post-thumbnail","7":"category-verden","8":"tag-breaking-news","9":"tag-breakingnews","10":"tag-featured-news","11":"tag-featurednews","12":"tag-headlines","13":"tag-latest-news","14":"tag-latestnews","15":"tag-news","16":"tag-no","17":"tag-norge","18":"tag-norway","19":"tag-nyheter","20":"tag-overskrifter","21":"tag-top-stories","22":"tag-topstories","23":"tag-verden","24":"tag-world","25":"tag-world-news","26":"tag-worldnews"},"share_on_mastodon":{"url":"https:\/\/pubeurope.com\/@no\/115910427535717384","error":""},"_links":{"self":[{"href":"https:\/\/www.europesays.com\/no\/wp-json\/wp\/v2\/posts\/139962","targetHints":{"allow":["GET"]}}],"collection":[{"href":"https:\/\/www.europesays.com\/no\/wp-json\/wp\/v2\/posts"}],"about":[{"href":"https:\/\/www.europesays.com\/no\/wp-json\/wp\/v2\/types\/post"}],"author":[{"embeddable":true,"href":"https:\/\/www.europesays.com\/no\/wp-json\/wp\/v2\/users\/2"}],"replies":[{"embeddable":true,"href":"https:\/\/www.europesays.com\/no\/wp-json\/wp\/v2\/comments?post=139962"}],"version-history":[{"count":0,"href":"https:\/\/www.europesays.com\/no\/wp-json\/wp\/v2\/posts\/139962\/revisions"}],"wp:featuredmedia":[{"embeddable":true,"href":"https:\/\/www.europesays.com\/no\/wp-json\/wp\/v2\/media\/139963"}],"wp:attachment":[{"href":"https:\/\/www.europesays.com\/no\/wp-json\/wp\/v2\/media?parent=139962"}],"wp:term":[{"taxonomy":"category","embeddable":true,"href":"https:\/\/www.europesays.com\/no\/wp-json\/wp\/v2\/categories?post=139962"},{"taxonomy":"post_tag","embeddable":true,"href":"https:\/\/www.europesays.com\/no\/wp-json\/wp\/v2\/tags?post=139962"}],"curies":[{"name":"wp","href":"https:\/\/api.w.org\/{rel}","templated":true}]}}