{"id":139966,"date":"2026-01-17T12:27:08","date_gmt":"2026-01-17T12:27:08","guid":{"rendered":"https:\/\/www.europesays.com\/no\/139966\/"},"modified":"2026-01-17T12:27:08","modified_gmt":"2026-01-17T12:27:08","slug":"anna-odine-strom-pa-pallen-i-verdenscuprennet-i-kina","status":"publish","type":"post","link":"https:\/\/www.europesays.com\/no\/139966\/","title":{"rendered":"Anna Odine Str\u00f8m p\u00e5 pallen i verdenscuprennet i Kina"},"content":{"rendered":"\n<p class=\"_lead_o9xde_2 _lead_xtcu6_50 layout-component text-serif-m layout-normal text-serif-l layout-component layout-wide layout-padded _wide_17hqh_1 layout-padded\">Anna Odine Str\u00f8m hoppet ned til 2.-plass i verdenscuprennet i kinesiske Zhangjiakou l\u00f8rdag. <\/p>\n<p> <img class=\"_image_qp4xg_65 layout-component layout-wide\" data-fullscreen- data-track-element-type=\"Article image fullscreen\" data-track-name=\"ImageFullscreen\" fetchpriority=\"high\" decoding=\"sync\" loading=\"eager\" height=\"102\" itemprop=\"image\"  src=\"https:\/\/www.europesays.com\/no\/wp-content\/uploads\/2026\/01\/637091851807cbfc188ba79f20ffc923.jpg\"  style=\"object-position:50% 50%;aspect-ratio:1.75;height:auto;object-fit:cover;width:100%\" width=\"102\"\/>  <\/p>\n<ul aria-hidden=\"true\" class=\"_images_ntbth_112\">\n<li><a class=\"_link_ntbth_117\" href=\"https:\/\/www.vg.no\/forfatter\/ntb\" style=\"z-index:1\" title=\"NTB\" rel=\"nofollow noopener\" target=\"_blank\"><img alt=\"Bilde av NTB\" class=\"_image_ntbth_93\" fetchpriority=\"low\" loading=\"lazy\" decoding=\"async\" itemprop=\"image\"  src=\"https:\/\/www.europesays.com\/no\/wp-content\/uploads\/2026\/01\/1768652828_823_c33980b0-5d07-4027-84a1-813f90a7c8d6.png\"  width=\"480\"\/><\/a><\/li>\n<\/ul>\n<p> Oppdatert l\u00f8rdag 17. januar kl. 12:05     <\/p>\n<p class=\"_paragraph_o9xde_4 _paragraph_xtcu6_10 layout-component text-serif-m layout-normal text-serif-m layout-padded\">Arrang\u00f8ren m\u00e5tte avlyste kvalifiseringen tidligere l\u00f8rdag grunnet kraftig vind. 1. omgangen ble ogs\u00e5 utsatt med over en og en halv time, f\u00f8r v\u00e6ret stabiliserte seg mer. <\/p>\n<p class=\"_paragraph_o9xde_4 _paragraph_xtcu6_10 layout-component text-serif-m layout-normal text-serif-m layout-padded\">Da kunne hoppkvinnene g\u00e5 i gang med rennet. Arrang\u00f8ren besluttet samtidig at det kun skulle hoppes en omgang. <\/p>\n<p class=\"_paragraph_o9xde_4 _paragraph_xtcu6_10 layout-component text-serif-m layout-normal text-serif-m layout-padded\"><a href=\"https:\/\/www.vg.no\/tag\/anna-odine-stroem?utm_source=vg-article&amp;utm_medium=auto-tagger&amp;utm_campaign=PdR2P0\" class=\"_link_o9xde_39\" rel=\"nofollow noopener\" target=\"_blank\">Anna Odine Str\u00f8m<\/a> hoppet 127 meter og endte p\u00e5 2.-plass. Nika Prevc fra Slovenia kunne juble for seier med et hopp p\u00e5 134,5 meter. <\/p>\n<p class=\"_paragraph_o9xde_4 _paragraph_xtcu6_10 layout-component text-serif-m layout-normal text-serif-m layout-padded\">Nozomi Maruyama fra Japan endte p\u00e5 3.-plass. <\/p>\n<p class=\"_paragraph_o9xde_4 _paragraph_xtcu6_10 layout-component text-serif-m layout-normal text-serif-m layout-padded\">Gyda Westvold Hansen endte p\u00e5 14.-plass med et hopp p\u00e5 117 meter, mens Silje Opseth landet p\u00e5 108,5 meter og ble nummer 28. Heidi Dyhre Traaserud sto p\u00e5 startlisten, men hoppet ikke. <\/p>\n","protected":false},"excerpt":{"rendered":"Anna Odine Str\u00f8m hoppet ned til 2.-plass i verdenscuprennet i kinesiske Zhangjiakou l\u00f8rdag. Oppdatert l\u00f8rdag 17. januar kl.&hellip;\n","protected":false},"author":2,"featured_media":139967,"comment_status":"","ping_status":"","sticky":false,"template":"","format":"standard","meta":{"footnotes":"","_share_on_mastodon":"0"},"categories":[59],"tags":[8673,770,30,28,29,83,82,12533],"class_list":["post-139966","post","type-post","status-publish","format-standard","has-post-thumbnail","category-sport","tag-anna-odine-strom","tag-hopp","tag-no","tag-norge","tag-norway","tag-sport","tag-sports","tag-verdenscup"],"share_on_mastodon":{"url":"https:\/\/pubeurope.com\/@no\/115910439274435173","error":""},"_links":{"self":[{"href":"https:\/\/www.europesays.com\/no\/wp-json\/wp\/v2\/posts\/139966","targetHints":{"allow":["GET"]}}],"collection":[{"href":"https:\/\/www.europesays.com\/no\/wp-json\/wp\/v2\/posts"}],"about":[{"href":"https:\/\/www.europesays.com\/no\/wp-json\/wp\/v2\/types\/post"}],"author":[{"embeddable":true,"href":"https:\/\/www.europesays.com\/no\/wp-json\/wp\/v2\/users\/2"}],"replies":[{"embeddable":true,"href":"https:\/\/www.europesays.com\/no\/wp-json\/wp\/v2\/comments?post=139966"}],"version-history":[{"count":0,"href":"https:\/\/www.europesays.com\/no\/wp-json\/wp\/v2\/posts\/139966\/revisions"}],"wp:featuredmedia":[{"embeddable":true,"href":"https:\/\/www.europesays.com\/no\/wp-json\/wp\/v2\/media\/139967"}],"wp:attachment":[{"href":"https:\/\/www.europesays.com\/no\/wp-json\/wp\/v2\/media?parent=139966"}],"wp:term":[{"taxonomy":"category","embeddable":true,"href":"https:\/\/www.europesays.com\/no\/wp-json\/wp\/v2\/categories?post=139966"},{"taxonomy":"post_tag","embeddable":true,"href":"https:\/\/www.europesays.com\/no\/wp-json\/wp\/v2\/tags?post=139966"}],"curies":[{"name":"wp","href":"https:\/\/api.w.org\/{rel}","templated":true}]}}