{"id":13999,"date":"2025-08-21T08:33:09","date_gmt":"2025-08-21T08:33:09","guid":{"rendered":"https:\/\/www.europesays.com\/no\/13999\/"},"modified":"2025-08-21T08:33:09","modified_gmt":"2025-08-21T08:33:09","slug":"game-of-thrones-og-harry-potter-stjernene-hyller-norske-ines-24","status":"publish","type":"post","link":"https:\/\/www.europesays.com\/no\/13999\/","title":{"rendered":"\u00abGame of Thrones\u00bb- og \u00abHarry Potter\u00bb-stjernene hyller norske Ines (24)"},"content":{"rendered":"\n<p class=\"_lead_1bvmi_2 _lead_xtcu6_50 layout-component text-serif-m layout-normal text-serif-l layout-component layout-wide layout-padded _wide_17hqh_1 layout-padded\">\u00abGame of Thrones\u00bb- og \u00abHarry Potter\u00bb-stjernene kaller norsk skuespiller \u00abfantastisk\u00bb. <\/p>\n<p><img alt=\"Ines H\u00f8ys\u00e6ter Asserson. Foto: Yellow Belly Photo \" class=\"_image_qp4xg_65 layout-component layout-wide\" data-fullscreen- data-track-element-type=\"Article image fullscreen\" data-track-name=\"ImageFullscreen\" fetchpriority=\"high\" decoding=\"sync\" loading=\"eager\" height=\"960\" itemprop=\"image\"  src=\"https:\/\/www.europesays.com\/no\/wp-content\/uploads\/2025\/08\/a7246703-7646-412b-970f-d4de032c3eb1\"  style=\"object-position:0% 0%\" width=\"960\"\/>Ines H\u00f8ys\u00e6ter Asserson. Foto: Yellow Belly Photo <\/p>\n<ul aria-hidden=\"true\" class=\"_images_1y6fe_106\">\n<li><a class=\"_link_1y6fe_111\" href=\"https:\/\/www.vg.no\/forfatter\/thor-benjamin-brekken\" style=\"z-index:1\" title=\"Benjamin Brekken\" rel=\"nofollow noopener\" target=\"_blank\"><img alt=\"Bilde av Benjamin Brekken\" class=\"_image_1y6fe_88\" fetchpriority=\"low\" loading=\"lazy\" decoding=\"async\" itemprop=\"image\"  src=\"https:\/\/www.europesays.com\/no\/wp-content\/uploads\/2025\/08\/1755765187_188_1729a004-83db-4715-83a1-201a2b6019bd\"  width=\"480\"\/><\/a><\/li>\n<\/ul>\n<p> Oppdatert torsdag 21. august kl. 10:28     <\/p>\n<p class=\"_paragraph_1bvmi_4 _paragraph_xtcu6_10 layout-component text-serif-m layout-normal text-serif-m layout-padded\">\u2013 Jeg tror hun kommer til \u00e5 gj\u00f8re store, store ting! Hun er fantastisk, sier skuespiller Cl\u00e9mence Po\u00e9sy om norske Ines H\u00f8ys\u00e6ter Asserson til VG. <\/p>\n<p class=\"_paragraph_1bvmi_4 _paragraph_xtcu6_10 layout-component text-serif-m layout-normal text-serif-m layout-padded\">Po\u00e9sy, best kjent som Fleur Delacour i \u00abHarry Potter\u00bb-filmene, spiller mot H\u00f8ys\u00e6ter Asserson i den nye HBO Max-serien \u00abKing and Conqueror\u00bb. <\/p>\n<p class=\"_paragraph_1bvmi_4 _paragraph_xtcu6_10 layout-component text-serif-m layout-normal text-serif-m layout-padded\">Den franske skuespilleren er begeistret for Oslo-jenta. <\/p>\n<p class=\"_paragraph_1bvmi_4 _paragraph_xtcu6_10 layout-component text-serif-m layout-normal text-serif-m layout-padded\">\u2013 Hun var en sann glede \u00e5 jobbe med, forteller Po\u00e9sy. <\/p>\n<p><img alt=\"Cl\u00e9mence Po\u00e9sy poserer for fotografene f\u00f8r et show under moteuken i Paris i 2024.   Foto: JULIEN DE ROSA \/ AFP \/ NTB\" class=\"_image_qp4xg_65 layout-component layout-normal\" data-fullscreen- data-track-element-type=\"Article image fullscreen\" data-track-name=\"ImageFullscreen\" decoding=\"async\" loading=\"lazy\" height=\"5415\" itemprop=\"image\"  src=\"https:\/\/www.europesays.com\/no\/wp-content\/uploads\/2025\/08\/4783a4f0-96f0-46a4-911c-1ae4bff99c6a\"  style=\"object-position:0% 0%\" width=\"8123\"\/>Cl\u00e9mence Po\u00e9sy poserer for fotografene f\u00f8r et show under moteuken i Paris i 2024.   Foto: JULIEN DE ROSA \/ AFP \/ NTB<\/p>\n<p class=\"_paragraph_1bvmi_4 _paragraph_xtcu6_10 layout-component text-serif-m layout-normal text-serif-m layout-padded\">Nordmenn flest fikk sitt f\u00f8rste m\u00f8te med H\u00f8ys\u00e6ter Asserson gjennom et par gjesteopptredener i NRK-hiten \u00abSkam\u00bb i 2015.<\/p>\n<p class=\"_paragraph_1bvmi_4 _paragraph_xtcu6_10 layout-component text-serif-m layout-normal text-serif-m layout-padded\">Siden den gang har hun sl\u00e5tt seg opp med hovedroller i \u00abHarajuku\u00bb og \u00abRoyalteen\u00bb og biroller i \u00abNr. 24\u00bb og \u00abShetland\u00bb.<\/p>\n<p class=\"_paragraph_1bvmi_4 _paragraph_xtcu6_10 layout-component text-serif-m layout-normal text-serif-m layout-padded\">I det historiske dramaet \u00abKing and Conqueror\u00bb spiller hun karakteren Judith. <\/p>\n<p><img alt=\"Nikolaj Coster-Waldau under premieren av filmen \u00abThe Flash\u00bb i Los Angeles i juni 2023.   Foto: MIKE BLAKE \/ Reuters \/ NTB\" class=\"_image_qp4xg_65 layout-component layout-normal\" data-fullscreen- data-track-element-type=\"Article image fullscreen\" data-track-name=\"ImageFullscreen\" decoding=\"async\" loading=\"lazy\" height=\"2829\" itemprop=\"image\"  src=\"https:\/\/www.europesays.com\/no\/wp-content\/uploads\/2025\/08\/ab7f9144-09d6-4f1f-884f-ba2dc87254cf\"  style=\"object-position:0% 0%\" width=\"4307\"\/>Nikolaj Coster-Waldau under premieren av filmen \u00abThe Flash\u00bb i Los Angeles i juni 2023.   Foto: MIKE BLAKE \/ Reuters \/ NTB<\/p>\n<p class=\"_paragraph_1bvmi_4 _paragraph_xtcu6_10 layout-component text-serif-m layout-normal text-serif-m layout-padded\">\u00abGame of Thrones\u00bb-stjernen Nikolaj Coster-Waldau spiller William the Conqueror. <\/p>\n<p class=\"_paragraph_1bvmi_4 _paragraph_xtcu6_10 layout-component text-serif-m layout-normal text-serif-m layout-padded\">Dansken deler Po\u00e9sys entusiasme overfor sin unge medskuespiller. <\/p>\n<p class=\"_paragraph_1bvmi_4 _paragraph_xtcu6_10 layout-component text-serif-m layout-normal text-serif-m layout-padded\">\u2013 Hun er utrolig. Fantastisk. En veldig imponerende ung dame, understreker 55-\u00e5ringen.<\/p>\n<p class=\"_paragraph_1bvmi_4 _paragraph_xtcu6_10 layout-component text-serif-m layout-normal text-serif-m layout-padded\"><strong class=\"_strong_1bvmi_25\">Husker du da Coster-Waldau ble \u00abangrepet\u00bb av en isbj\u00f8rn? Se video: <\/strong><\/p>\n<p class=\"_paragraph_1bvmi_4 _paragraph_xtcu6_10 layout-component text-serif-m layout-normal text-serif-m layout-padded\">H\u00f8ys\u00e6ter Asserson blir veldig glad n\u00e5r VG forteller hva stjernene har sagt.<\/p>\n<p class=\"_paragraph_1bvmi_4 _paragraph_xtcu6_10 layout-component text-serif-m layout-normal text-serif-m layout-padded\">\u2013 \u00c5 h\u00f8re det fra s\u00e5nne legender er absolutt noe som setter stort preg p\u00e5 egoet mitt, svarer hun fleipete via en tekstmelding. <\/p>\n<p class=\"_paragraph_1bvmi_4 _paragraph_xtcu6_10 layout-component text-serif-m layout-normal text-serif-m layout-padded\">24-\u00e5ringen skrur raskt om fra sp\u00f8k til alvor. <\/p>\n<p class=\"_paragraph_1bvmi_4 _paragraph_xtcu6_10 layout-component text-serif-m layout-normal text-serif-m layout-padded\">\u2013 Nei da. Det betyr jo veldig mye. B\u00e5de fordi jeg kjenner arbeidet deres fra f\u00f8r og fordi jeg har sett hvordan de jobber med egne \u00f8yne. <\/p>\n<p><img alt=\"Ines H\u00f8ys\u00e6ter Asserson i rollen som Judith i \u00abKing and Conqueror\u00bb.  Foto: HBO Max\" class=\"_image_qp4xg_65 layout-component layout-normal\" data-fullscreen- data-track-element-type=\"Article image fullscreen\" data-track-name=\"ImageFullscreen\" decoding=\"async\" loading=\"lazy\" height=\"1216\" itemprop=\"image\"  src=\"https:\/\/www.europesays.com\/no\/wp-content\/uploads\/2025\/08\/000d22cc-047e-47e3-a872-1922ba8777c2\"  style=\"object-position:0% 0%\" width=\"2290\"\/>Ines H\u00f8ys\u00e6ter Asserson i rollen som Judith i \u00abKing and Conqueror\u00bb.  Foto: HBO Max<\/p>\n<p class=\"_paragraph_1bvmi_4 _paragraph_xtcu6_10 layout-component text-serif-m layout-normal text-serif-m layout-padded\">Hun forteller at Coster-Waldau regisserte en episode hun spilte i, og at hun raskt merket hvor erfaren han er som skuespiller.<\/p>\n<p class=\"_paragraph_1bvmi_4 _paragraph_xtcu6_10 layout-component text-serif-m layout-normal text-serif-m layout-padded\">\u2013 Han bruker det til \u00e5 v\u00e6re en ordentlig dyktig, empatisk og grundig regiss\u00f8r, sier hun. <\/p>\n<p> <img alt=\"H\u00f8ys\u00e6ter Assersons avbildet under London-premieren av \u00abKing and Conqueror\u00bb.  Foto: Ben Whitley \/ Pa Photos \/ NTB\" class=\"_image_qp4xg_65 layout-component layout-normal\" data-fullscreen- data-track-element-type=\"Article image fullscreen\" data-track-name=\"ImageFullscreen\" decoding=\"async\" loading=\"lazy\" height=\"1371\" itemprop=\"image\"  src=\"https:\/\/www.europesays.com\/no\/wp-content\/uploads\/2025\/08\/fe640b01-2428-4d74-a161-97e9a5d45f70\"  style=\"object-position:0% 0%\" width=\"1906\"\/>H\u00f8ys\u00e6ter Assersons avbildet under London-premieren av \u00abKing and Conqueror\u00bb.  Foto: Ben Whitley \/ Pa Photos \/ NTB<\/p>\n<p class=\"_paragraph_1bvmi_4 _paragraph_xtcu6_10 layout-component text-serif-m layout-normal text-serif-m layout-padded\">Po\u00e9sy p\u00e5 sin side var H\u00f8ys\u00e6ter Assersons f\u00f8rste scenepartner under hele innspillingsperioden.<\/p>\n<p class=\"_paragraph_1bvmi_4 _paragraph_xtcu6_10 layout-component text-serif-m layout-normal text-serif-m layout-padded\">\u2013 Det var nervepirrende nok \u00e5 ha sin f\u00f8rste dag. Da hjalp det at hun var s\u00e5 lett \u00e5 snakke med, og ikke minst var hun opptatt av \u00e5 diskutere og utforme scenen og detaljene sammen. Det f\u00f8ler jeg ikke alltid er \u00e5 forvente, s\u00e5 det var en veldig fin og \u00e5pen velkomst.<\/p>\n<p><img alt=\"\u00abKing and Conqueror\u00bb p\u00e5 HBO Max.   Foto: Lilja Jons\" class=\"_image_qp4xg_65 layout-component layout-normal\" data-fullscreen- data-track-element-type=\"Article image fullscreen\" data-track-name=\"ImageFullscreen\" decoding=\"async\" loading=\"lazy\" height=\"2750\" itemprop=\"image\"  src=\"https:\/\/www.europesays.com\/no\/wp-content\/uploads\/2025\/08\/9ec49b41-9af1-4abd-8138-d1118eef2dfe\"  style=\"object-position:0% 0%\" width=\"4585\"\/>\u00abKing and Conqueror\u00bb p\u00e5 HBO Max.   Foto: Lilja Jons<\/p>\n<p class=\"_paragraph_1bvmi_4 _paragraph_xtcu6_10 layout-component text-serif-m layout-normal text-serif-m layout-padded\">\u2013 Hva var det morsomste med \u00e5 v\u00e6re med i serien?<\/p>\n<p class=\"_paragraph_1bvmi_4 _paragraph_xtcu6_10 layout-component text-serif-m layout-normal text-serif-m layout-padded\">\u2013 Hvor skal jeg starte? \u00c5 spille inn p\u00e5 Island? Cast og crew som var s\u00e5 morsomme og vennlige. Manuset. \u00c5 spille i en s\u00e5 spesifikk del av verdenshistorien. En 10\/10-opplevelse. <\/p>\n<p class=\"_paragraph_1bvmi_4 _paragraph_xtcu6_10 layout-component text-serif-m layout-normal text-serif-m layout-padded\">\u00abKing and Conqueror\u00bb tar for seg konflikten mellom Harold av Wessex, som senere ble konge av England, og William av Normandie, senere kjent som William Erobreren. <\/p>\n<p class=\"_paragraph_1bvmi_4 _paragraph_xtcu6_10 layout-component text-serif-m layout-normal text-serif-m layout-padded\">Handlingen leder opp til slaget ved Hastings i 1066, et av de mest avgj\u00f8rende \u00f8yeblikkene i europeisk historie.<\/p>\n<p><img alt=\"\u00abKing and Conqueror\u00bb p\u00e5 HBO Max.   Foto: Lilja Jons\" class=\"_image_qp4xg_65 layout-component layout-normal\" data-fullscreen- data-track-element-type=\"Article image fullscreen\" data-track-name=\"ImageFullscreen\" decoding=\"async\" loading=\"lazy\" height=\"4672\" itemprop=\"image\"  src=\"https:\/\/www.europesays.com\/no\/wp-content\/uploads\/2025\/08\/e3ffceff-c269-46f4-957d-8a1716ff5b51\"  style=\"object-position:0% 0%\" width=\"6224\"\/>\u00abKing and Conqueror\u00bb p\u00e5 HBO Max.   Foto: Lilja Jons<\/p>\n<p class=\"_paragraph_1bvmi_4 _paragraph_xtcu6_10 layout-component text-serif-m layout-normal text-serif-m layout-padded\">\u2013 Det mest utfordrende var kanskje dialekten. Jeg startet med skikkelige engelsk uttale, men det ble litt mye \u2013 ogs\u00e5 var de opptatt av \u00e5 bevare det litt utenlandske for \u00e5 lage noe skille mellom de p\u00e5 Normandie-siden og de p\u00e5 den engelske siden. <\/p>\n<p class=\"_paragraph_1bvmi_4 _paragraph_xtcu6_10 layout-component text-serif-m layout-normal text-serif-m layout-padded\">H\u00f8ys\u00e6ter Assersons innr\u00f8mmer at hun var litt i stuss p\u00e5 hvordan det ville h\u00f8res ut. <\/p>\n<p class=\"_paragraph_1bvmi_4 _paragraph_xtcu6_10 layout-component text-serif-m layout-normal text-serif-m layout-padded\">\u2013 Men jeg fikk god tilbakemelding fra regiss\u00f8ren p\u00e5 det, s\u00e5 det gikk veldig fint, avslutter hun forn\u00f8yd. <\/p>\n<p class=\"_paragraph_1bvmi_4 _paragraph_xtcu6_10 layout-component text-serif-m layout-normal text-serif-m layout-padded\">\u00abKing and Conqueror\u00bb har premiere p\u00e5 HBO Max 25. august. <\/p>\n<p class=\"_paragraph_1bvmi_4 _paragraph_xtcu6_10 layout-component text-serif-m layout-normal text-serif-m layout-padded\"><strong class=\"_strong_1bvmi_25\">Se flere saker fra film- og serieverdenen:<\/strong><\/p>\n","protected":false},"excerpt":{"rendered":"\u00abGame of Thrones\u00bb- og \u00abHarry Potter\u00bb-stjernene kaller norsk skuespiller \u00abfantastisk\u00bb. Ines H\u00f8ys\u00e6ter Asserson. Foto: Yellow Belly Photo Oppdatert&hellip;\n","protected":false},"author":2,"featured_media":14000,"comment_status":"","ping_status":"","sticky":false,"template":"","format":"standard","meta":{"footnotes":""},"categories":[58],"tags":[71,2740,2442,30,28,29,376,72],"class_list":{"0":"post-13999","1":"post","2":"type-post","3":"status-publish","4":"format-standard","5":"has-post-thumbnail","7":"category-underholdning","8":"tag-entertainment","9":"tag-hbo-max","10":"tag-historie","11":"tag-no","12":"tag-norge","13":"tag-norway","14":"tag-tv-serier","15":"tag-underholdning"},"share_on_mastodon":{"url":"","error":""},"_links":{"self":[{"href":"https:\/\/www.europesays.com\/no\/wp-json\/wp\/v2\/posts\/13999","targetHints":{"allow":["GET"]}}],"collection":[{"href":"https:\/\/www.europesays.com\/no\/wp-json\/wp\/v2\/posts"}],"about":[{"href":"https:\/\/www.europesays.com\/no\/wp-json\/wp\/v2\/types\/post"}],"author":[{"embeddable":true,"href":"https:\/\/www.europesays.com\/no\/wp-json\/wp\/v2\/users\/2"}],"replies":[{"embeddable":true,"href":"https:\/\/www.europesays.com\/no\/wp-json\/wp\/v2\/comments?post=13999"}],"version-history":[{"count":0,"href":"https:\/\/www.europesays.com\/no\/wp-json\/wp\/v2\/posts\/13999\/revisions"}],"wp:featuredmedia":[{"embeddable":true,"href":"https:\/\/www.europesays.com\/no\/wp-json\/wp\/v2\/media\/14000"}],"wp:attachment":[{"href":"https:\/\/www.europesays.com\/no\/wp-json\/wp\/v2\/media?parent=13999"}],"wp:term":[{"taxonomy":"category","embeddable":true,"href":"https:\/\/www.europesays.com\/no\/wp-json\/wp\/v2\/categories?post=13999"},{"taxonomy":"post_tag","embeddable":true,"href":"https:\/\/www.europesays.com\/no\/wp-json\/wp\/v2\/tags?post=13999"}],"curies":[{"name":"wp","href":"https:\/\/api.w.org\/{rel}","templated":true}]}}