{"id":140050,"date":"2026-01-17T14:10:10","date_gmt":"2026-01-17T14:10:10","guid":{"rendered":"https:\/\/www.europesays.com\/no\/140050\/"},"modified":"2026-01-17T14:10:10","modified_gmt":"2026-01-17T14:10:10","slug":"bor-kanskje-ga-opp-en-storrelse","status":"publish","type":"post","link":"https:\/\/www.europesays.com\/no\/140050\/","title":{"rendered":"\u2013 B\u00f8r kanskje g\u00e5 opp en st\u00f8rrelse"},"content":{"rendered":"\n<p class=\"_lead_o9xde_2 _lead_xtcu6_50 layout-component text-serif-m layout-normal text-serif-l layout-component layout-wide layout-padded _wide_17hqh_1 layout-padded\">29-\u00e5ringen var overlegen p\u00e5 oppl\u00f8pet, og spurtet inn til NM-gull i Steinkjer.<\/p>\n<p><img alt=\" Foto: Lise \u00c5serud  \/ NTB\" class=\"_image_qp4xg_65 layout-component layout-wide\" data-fullscreen- data-track-element-type=\"Article image fullscreen\" data-track-name=\"ImageFullscreen\" fetchpriority=\"high\" decoding=\"sync\" loading=\"eager\" height=\"4000\" itemprop=\"image\"  src=\"https:\/\/www.europesays.com\/no\/wp-content\/uploads\/2026\/01\/857d9b00-d4ab-4c45-8e87-5bfbd7cc3913.png\"  style=\"object-position:0% 0%\" width=\"6000\"\/> Foto: Lise \u00c5serud  \/ NTB<\/p>\n<ul aria-hidden=\"true\" class=\"_images_ntbth_112\">\n<li><a class=\"_link_ntbth_117\" href=\"https:\/\/www.vg.no\/forfatter\/andreas-almli\" style=\"z-index:2\" title=\"Andreas Almli\" rel=\"nofollow noopener\" target=\"_blank\"><img alt=\"Bilde av Andreas Almli\" class=\"_image_ntbth_93\" fetchpriority=\"low\" loading=\"lazy\" decoding=\"async\" itemprop=\"image\"  src=\"https:\/\/www.europesays.com\/no\/wp-content\/uploads\/2026\/01\/1768659008_703_375927d7-c3ac-45fd-a424-5db85cd85b8f.jpeg\"  width=\"480\"\/><\/a><\/li>\n<li><a class=\"_link_ntbth_117\" href=\"https:\/\/www.vg.no\/forfatter\/ntb\" style=\"z-index:1\" title=\"NTB\" rel=\"nofollow noopener\" target=\"_blank\"><img alt=\"Bilde av NTB\" class=\"_image_ntbth_93\" fetchpriority=\"low\" loading=\"lazy\" decoding=\"async\" itemprop=\"image\"  src=\"https:\/\/www.europesays.com\/no\/wp-content\/uploads\/2026\/01\/1768659008_180_c33980b0-5d07-4027-84a1-813f90a7c8d6.png\"  width=\"480\"\/><\/a><\/li>\n<\/ul>\n<p> Oppdatert l\u00f8rdag 17. januar kl. 14:44     <\/p>\n<p class=\"_paragraph_o9xde_4 _paragraph_xtcu6_10 layout-component text-serif-m layout-normal text-serif-m layout-padded\">\u2013 I dag er jeg nerv\u00f8s ja, sa Jan Thomas Jenssen til NRK rennet.<\/p>\n<p class=\"_paragraph_o9xde_4 _paragraph_xtcu6_10 layout-component text-serif-m layout-normal text-serif-m layout-padded\">Til tross for nervene var det 29-\u00e5ringen som gikk f\u00f8rst over m\u00e5lstreken i <a href=\"https:\/\/www.vg.no\/tag\/steinkjer?utm_source=vg-article&amp;utm_medium=auto-tagger&amp;utm_campaign=5p6Qwm\" class=\"_link_o9xde_39\" rel=\"nofollow noopener\" target=\"_blank\">Steinkjer<\/a>.<\/p>\n<p class=\"_paragraph_o9xde_4 _paragraph_xtcu6_10 layout-component text-serif-m layout-normal text-serif-m layout-padded\">Jenssen vant foran Andreas Fjorden Ree og Martin Kirkeborg M\u00f8rk, som m\u00e5 n\u00f8ye seg med henholdsvis s\u00f8lv og bronse.<\/p>\n<p class=\"_paragraph_o9xde_4 _paragraph_xtcu6_10 layout-component text-serif-m layout-normal text-serif-m layout-padded\">\u2013 For en avslutning av Jan Thomas Jenssen, utbr\u00f8t NRK-ekspert Fredrik Aukland etter at seieren var i boks.<\/p>\n<p><img alt=\"Foto: Lise \u00c5serud  \/ NTB\" class=\"_image_qp4xg_65 layout-component layout-normal\" data-fullscreen- data-track-element-type=\"Article image fullscreen\" data-track-name=\"ImageFullscreen\" decoding=\"async\" loading=\"lazy\" height=\"4000\" itemprop=\"image\"  src=\"https:\/\/www.europesays.com\/no\/wp-content\/uploads\/2026\/01\/6d0b6eb3-8478-43d7-a0ea-37560dcf7e34.png\"  style=\"object-position:0% 0%\" width=\"6000\"\/>Foto: Lise \u00c5serud  \/ NTB<\/p>\n<p class=\"_paragraph_o9xde_4 _paragraph_xtcu6_10 layout-component text-serif-m layout-normal text-serif-m layout-padded\">\u2013 OL har v\u00e6rt en m\u00e5l hele tiden, og jeg merker fort at det kanskje blir vanskelig. Da f\u00e5r man sette seg nye m\u00e5l. Da jeg h\u00f8rte at det var kongepokal her p\u00e5 NM i Steinkjer, da var det fort det nye m\u00e5let, sier Jenssen til kanalen etter \u00e5 ha spurtet inn til seier med bar mage.<\/p>\n<p class=\"_paragraph_o9xde_4 _paragraph_xtcu6_10 layout-component text-serif-m layout-normal text-serif-m layout-padded\">Gullvinneren gikk store deler av l\u00f8pet med navlen ute.<\/p>\n<p class=\"_paragraph_o9xde_4 _paragraph_xtcu6_10 layout-component text-serif-m layout-normal text-serif-m layout-padded\">\u2013 Han g\u00e5r lettkledd i dag, sa NRK-ekspert Aukland.<\/p>\n<p><img alt=\"Foto: Lise \u00c5serud  \/ NTB\" class=\"_image_qp4xg_65 layout-component layout-normal\" data-fullscreen- data-track-element-type=\"Article image fullscreen\" data-track-name=\"ImageFullscreen\" decoding=\"async\" loading=\"lazy\" height=\"3530\" itemprop=\"image\"  src=\"https:\/\/www.europesays.com\/no\/wp-content\/uploads\/2026\/01\/e3dc32b2-f424-4514-9f25-c05bc0322570.png\"  style=\"object-position:0% 0%\" width=\"5295\"\/>Foto: Lise \u00c5serud  \/ NTB<\/p>\n<p class=\"_paragraph_o9xde_4 _paragraph_xtcu6_10 layout-component text-serif-m layout-normal text-serif-m layout-padded\">Ekspertene konkluderte med at det var glidel\u00e5sen p\u00e5 skidressen som hadde r\u00f8ket. I m\u00e5lomr\u00e5det forklarer Jenssen garderobeglippen.<\/p>\n<p class=\"_paragraph_o9xde_4 _paragraph_xtcu6_10 layout-component text-serif-m layout-normal text-serif-m layout-padded\">\u2013 Jeg har en forholdsvis trang drakt, og glidel\u00e5sen var nede p\u00e5 skrittet etter en runde p\u00e5 klassikken. Det var bra lufting, og kanskje b\u00f8r jeg g\u00e5 opp en st\u00f8rrelse i skidress, sier Jenssen med et smil. <\/p>\n<p><img alt=\"Foto: Lise \u00c5serud  \/ NTB\" class=\"_image_qp4xg_65 layout-component layout-normal\" data-fullscreen- data-track-element-type=\"Article image fullscreen\" data-track-name=\"ImageFullscreen\" decoding=\"async\" loading=\"lazy\" height=\"3831\" itemprop=\"image\"  src=\"https:\/\/www.europesays.com\/no\/wp-content\/uploads\/2026\/01\/78e0ffa4-2b09-45af-800f-f07dd4c9c2ee.png\"  style=\"object-position:0% 0%\" width=\"5747\"\/>Foto: Lise \u00c5serud  \/ NTB<\/p>\n<p class=\"_paragraph_o9xde_4 _paragraph_xtcu6_10 layout-component text-serif-m layout-normal text-serif-m layout-padded\">Det var ingen store sprik i feltet f\u00f8r skibyttet. Simen Hegstad Kr\u00fcger var f\u00f8rst inn, og satte fart ut av stadion med Jan Thomas Jenssen og Andreas Fjorden Ree hakk i h\u00e6l.<\/p>\n<p class=\"_paragraph_o9xde_4 _paragraph_xtcu6_10 layout-component text-serif-m layout-normal text-serif-m layout-padded\">Like f\u00f8r den siste runden satte Ree fart med en tetgruppe med Jenssen, Kruger, M\u00f8rk og Kasper Herland. Sistnevnte gikk feil inne p\u00e5 stadion, men klarte \u00e5 kjempe seg tilbake i lederfeltet.<\/p>\n<p class=\"_paragraph_o9xde_4 _paragraph_xtcu6_10 layout-component text-serif-m layout-normal text-serif-m layout-padded\">P\u00e5 oppl\u00f8pet sto det mellom Jenssen og Ree, og til slutt var det f\u00f8rstnevnte som kunne l\u00f8fte kongepokalen. Tr\u00f8nderen var i m\u00e5l bare tre hundredeler foran Ree.<\/p>\n<p class=\"_paragraph_o9xde_4 _paragraph_xtcu6_10 layout-component text-serif-m layout-normal text-serif-m layout-padded\">\u2013 Det var greit. Det var s\u00e5pass vanskelig \u00e5 g\u00e5 ifra at jeg er forn\u00f8yd med avslutningen. Det er n\u00e6rt, men jeg bommer p\u00e5 noen tak p\u00e5 oppl\u00f8pet, sier Ree til NRK etter rennet.<\/p>\n<p><img alt=\"Foto: Lise \u00c5serud  \/ NTB\" class=\"_image_qp4xg_65 layout-component layout-normal\" data-fullscreen- data-track-element-type=\"Article image fullscreen\" data-track-name=\"ImageFullscreen\" decoding=\"async\" loading=\"lazy\" height=\"3754\" itemprop=\"image\"  src=\"https:\/\/www.europesays.com\/no\/wp-content\/uploads\/2026\/01\/94283ac8-7537-4321-833e-edc378ddf7c2.png\"  style=\"object-position:0% 0%\" width=\"5631\"\/>Foto: Lise \u00c5serud  \/ NTB<\/p>\n<p class=\"_paragraph_o9xde_4 _paragraph_xtcu6_10 layout-component text-serif-m layout-normal text-serif-m layout-padded\">Til tross for at det ikke ble noen gull i NM, tror NRK-ekspert P\u00e5l Golberg at Ree har gjort nok for \u00e5 sikre en OL-billett. 25-\u00e5ringen tok tidligere i mesterskapet s\u00f8lvmedalje p\u00e5 10-kilometer fri teknikk.<\/p>\n<p class=\"_paragraph_o9xde_4 _paragraph_xtcu6_10 layout-component text-serif-m layout-normal text-serif-m layout-padded\">\u2013 Jeg kan vel stikke ut haken og si at jeg tror Oskar Opstad Vike og Andreas Fjorden Ree tar de to siste plassene, sier Golberg.<\/p>\n","protected":false},"excerpt":{"rendered":"29-\u00e5ringen var overlegen p\u00e5 oppl\u00f8pet, og spurtet inn til NM-gull i Steinkjer. Foto: Lise \u00c5serud \/ NTB Oppdatert&hellip;\n","protected":false},"author":2,"featured_media":140051,"comment_status":"","ping_status":"","sticky":false,"template":"","format":"standard","meta":{"footnotes":""},"categories":[59],"tags":[7443,2976,30,28,29,83,82,984],"class_list":{"0":"post-140050","1":"post","2":"type-post","3":"status-publish","4":"format-standard","5":"has-post-thumbnail","7":"category-sport","8":"tag-jan-thomas-jenssen","9":"tag-nm","10":"tag-no","11":"tag-norge","12":"tag-norway","13":"tag-sport","14":"tag-sports","15":"tag-steinkjer"},"share_on_mastodon":{"url":"https:\/\/pubeurope.com\/@no\/115910844353815679","error":""},"_links":{"self":[{"href":"https:\/\/www.europesays.com\/no\/wp-json\/wp\/v2\/posts\/140050","targetHints":{"allow":["GET"]}}],"collection":[{"href":"https:\/\/www.europesays.com\/no\/wp-json\/wp\/v2\/posts"}],"about":[{"href":"https:\/\/www.europesays.com\/no\/wp-json\/wp\/v2\/types\/post"}],"author":[{"embeddable":true,"href":"https:\/\/www.europesays.com\/no\/wp-json\/wp\/v2\/users\/2"}],"replies":[{"embeddable":true,"href":"https:\/\/www.europesays.com\/no\/wp-json\/wp\/v2\/comments?post=140050"}],"version-history":[{"count":0,"href":"https:\/\/www.europesays.com\/no\/wp-json\/wp\/v2\/posts\/140050\/revisions"}],"wp:featuredmedia":[{"embeddable":true,"href":"https:\/\/www.europesays.com\/no\/wp-json\/wp\/v2\/media\/140051"}],"wp:attachment":[{"href":"https:\/\/www.europesays.com\/no\/wp-json\/wp\/v2\/media?parent=140050"}],"wp:term":[{"taxonomy":"category","embeddable":true,"href":"https:\/\/www.europesays.com\/no\/wp-json\/wp\/v2\/categories?post=140050"},{"taxonomy":"post_tag","embeddable":true,"href":"https:\/\/www.europesays.com\/no\/wp-json\/wp\/v2\/tags?post=140050"}],"curies":[{"name":"wp","href":"https:\/\/api.w.org\/{rel}","templated":true}]}}