{"id":140238,"date":"2026-01-17T18:15:01","date_gmt":"2026-01-17T18:15:01","guid":{"rendered":"https:\/\/www.europesays.com\/no\/140238\/"},"modified":"2026-01-17T18:15:01","modified_gmt":"2026-01-17T18:15:01","slug":"lokale-nyheter-porsgrunn-sentrum-senterleder-ble-satt-ut-da-hun-sa-rapporten","status":"publish","type":"post","link":"https:\/\/www.europesays.com\/no\/140238\/","title":{"rendered":"Lokale nyheter, Porsgrunn sentrum | Senterleder ble satt ut da hun s\u00e5 rapporten"},"content":{"rendered":"\n<p>2025 var et godt \u00e5r for kj\u00f8pesenteret, men senterlederen ble likevel overrasket da hun fikk se rapporten fra Norsk Kj\u00f8pesenterindeks.<\/p>\n<p>\u2013 Jeg ble litt satt ut, forteller hun.<\/p>\n<p>Hvert \u00e5r henter nemlig Norsk Kj\u00f8pesenterindeks inn resultatene fra alle kj\u00f8pesentrene i landet, og s\u00e5 setter de sammen en liste over de 60 sentrene med h\u00f8yest omsetning i Norge.<\/p>\n<p>Down Town havnet p\u00e5 50. plass \u2013 men der de andre sentrene hadde en vekst p\u00e5 i snitt 3,5 prosent, hadde Down Town \u00f8kt omsetningen med 11,8 prosent fra 2024.<\/p>\n<p>\u2013 Ikke bare har vi utmerket oss ved \u00e5 komme p\u00e5 lista; vi hadde ogs\u00e5 den st\u00f8rste veksten av alle. Det er jo en bekreftelse p\u00e5 at vi har lyktes med alt vi har gjort p\u00e5 senteret, sier M\u00e4ki.<\/p>\n<p>\u2013 Det er klart at det har blitt gjort en stor investering her. Bare p\u00e5 ett \u00e5r hadde vi vel gjennomf\u00f8rt 22 prosjekter. Jeg syns det er kjempeflott at vi har valgt \u00e5 satse p\u00e5 Down Town og Porsgrunn.<\/p>\n<p>Snudde utviklingen helt<\/p>\n<p>Da Scala Eiendom overtok Down Town i 2022, var senteret inne i en t\u00f8ffere periode, med en \u00e5rlig omsetning p\u00e5 981 millioner kroner og negativ utvikling, if\u00f8lge senterleder.<\/p>\n<p>Men p\u00e5 tre \u00e5r har de snudd den utviklingen helt ved \u00e5 investere i oppgraderinger av fellesarealer, endringer i butikkmiksen og tett samarbeid med butikkene.<\/p>\n<p>Dette er spesielt morsomt for M\u00e4ki, som har v\u00e6rt med p\u00e5 utviklingen av Down Town siden de nye eierne tok over.<\/p>\n<p>\u2013 Dette er et samarbeid mellom meg, eiendomssjefen og leietakerne. Det er en reise vi alle har v\u00e6rt med p\u00e5. Og som helt ny senterleder blir jeg veldig stolt over at vi har skapt noe bra, sier hun.<\/p>\n<p>Totalt var omsetningen i 2025 i underkant av 1,2 milliarder kroner, og antall bes\u00f8kende var p\u00e5 2,9 millioner.<\/p>\n<p>\u2013 Dette viser at vi har tatt gode valg og skapt opplevelser som kundene setter pris p\u00e5. Og jeg tenker at det betyr mye for Porsgrunn ogs\u00e5, for det viser at vi bidrar til at flere kommer til sentrum.<\/p>\n<p>  <a href=\"https:\/\/www.pd.no\/5-40-858743\" class=\"related-teaser has-image default-story-teaser article--c-eRUmMG article--c-eRUmMG-jKCPdD-design-default\" rel=\"nofollow noopener\" target=\"_blank\"><\/p>\n<p>    <img decoding=\"async\" loading=\"lazy\"  src=\"https:\/\/www.europesays.com\/no\/wp-content\/uploads\/2026\/01\/Svoren%2C+Mathias.jpg\" alt=\"\" class=\"brick-c-cFOWSL\" style=\"\"\/><\/p>\n<p>\n            Les ogs\u00e5<\/p>\n<p>              Ikke v\u00e6rt s\u00e5 lavt p\u00e5 10 \u00e5r: \u2013 Veldig moro for oss\n        <\/p>\n<p>  <\/a><\/p>\n","protected":false},"excerpt":{"rendered":"2025 var et godt \u00e5r for kj\u00f8pesenteret, men senterlederen ble likevel overrasket da hun fikk se rapporten fra&hellip;\n","protected":false},"author":2,"featured_media":140239,"comment_status":"","ping_status":"","sticky":false,"template":"","format":"standard","meta":{"footnotes":"","_share_on_mastodon":"0"},"categories":[56],"tags":[36,60,1373,61,2247,62,30,28,29,216,6472,1510],"class_list":["post-140238","post","type-post","status-publish","format-standard","has-post-thumbnail","category-naeringsliv","tag-art","tag-business","tag-down-town","tag-economy","tag-lokale-nyheter","tag-naeringsliv","tag-no","tag-norge","tag-norway","tag-okonomi-og-naeringsliv","tag-porsgrunn-sentrum","tag-story"],"share_on_mastodon":{"url":"https:\/\/pubeurope.com\/@no\/115911807908965352","error":""},"_links":{"self":[{"href":"https:\/\/www.europesays.com\/no\/wp-json\/wp\/v2\/posts\/140238","targetHints":{"allow":["GET"]}}],"collection":[{"href":"https:\/\/www.europesays.com\/no\/wp-json\/wp\/v2\/posts"}],"about":[{"href":"https:\/\/www.europesays.com\/no\/wp-json\/wp\/v2\/types\/post"}],"author":[{"embeddable":true,"href":"https:\/\/www.europesays.com\/no\/wp-json\/wp\/v2\/users\/2"}],"replies":[{"embeddable":true,"href":"https:\/\/www.europesays.com\/no\/wp-json\/wp\/v2\/comments?post=140238"}],"version-history":[{"count":0,"href":"https:\/\/www.europesays.com\/no\/wp-json\/wp\/v2\/posts\/140238\/revisions"}],"wp:featuredmedia":[{"embeddable":true,"href":"https:\/\/www.europesays.com\/no\/wp-json\/wp\/v2\/media\/140239"}],"wp:attachment":[{"href":"https:\/\/www.europesays.com\/no\/wp-json\/wp\/v2\/media?parent=140238"}],"wp:term":[{"taxonomy":"category","embeddable":true,"href":"https:\/\/www.europesays.com\/no\/wp-json\/wp\/v2\/categories?post=140238"},{"taxonomy":"post_tag","embeddable":true,"href":"https:\/\/www.europesays.com\/no\/wp-json\/wp\/v2\/tags?post=140238"}],"curies":[{"name":"wp","href":"https:\/\/api.w.org\/{rel}","templated":true}]}}