{"id":140487,"date":"2026-01-18T02:06:28","date_gmt":"2026-01-18T02:06:28","guid":{"rendered":"https:\/\/www.europesays.com\/no\/140487\/"},"modified":"2026-01-18T02:06:28","modified_gmt":"2026-01-18T02:06:28","slug":"store-bryster-er-ingen-spok","status":"publish","type":"post","link":"https:\/\/www.europesays.com\/no\/140487\/","title":{"rendered":"Store bryster er ingen sp\u00f8k"},"content":{"rendered":"<p>Oslo universitetssykehus, april 2021: Mats Merkesvik M\u00f8lstre og pappa Hugo stirrer ut i lufta.\u00a0<\/p>\n<p>Foran dem sitter to leger med et testresultat som potensielt kan snu livene deres p\u00e5 hodet.<\/p>\n<p class=\"font-weight-bold m-font-weight-bold\" data-lab-font_weight=\"font-weight-bold\">Den ene legen begynner \u00e5 lese. Det er s\u00e5 stille i rommet at de kunne h\u00f8rt en knappen\u00e5l falle.<\/p>\n<p class=\"font-weight-normal m-font-weight-normal\" data-lab-font_weight=\"font-weight-normal\">Mats ser t\u00e5rer trille ned farens kinn. Og med\u00a0ett blir beskjeden de lenge har fryktet, til virkelighet:\u00a0<\/p>\n<p class=\"font-weight-normal m-font-weight-normal\" data-lab-font_weight=\"font-weight-normal\">19-\u00e5ringen har f\u00e5tt en d\u00f8dsdom &#8211; og herfra blir ingenting det samme igjen.\u00a0<\/p>\n<p>50 prosent sjanse<\/p>\n<p>&#8211; Mange p\u00e5 min alder dr\u00f8mte om hund, hus og kone. Selv kunne jeg ikke tenke s\u00e5 langt fram.\u00a0<\/p>\n<p>Det sier Mats (24) til Dagbladet.\u00a0<\/p>\n<p class=\"font-weight-bold m-font-weight-bold\" data-lab-font_weight=\"font-weight-bold\">Fem \u00e5r har g\u00e5tt siden han fikk diagnosen Huntingtons &#8211; en arvelig sykdom hvor nervevev i hjernen \u00f8delegges gradvis.\u00a0Sykdommen beskrives som en blanding av ALS, Parkinson og demens.<\/p>\n<p>    <a itemprop=\"url\" href=\"https:\/\/www.dagbladet.no\/kjendis\/det-var-ekstreme-fall\/84104410\" rel=\"nofollow noopener\" target=\"_blank\"><\/p>\n<p>        <img loading=\"lazy\" decoding=\"async\" src=\"https:\/\/www.europesays.com\/no\/wp-content\/uploads\/2026\/01\/1768701980_267_84104363.webp.webp\" width=\"980\" height=\"441\" title=\"- Det var ekstreme fall\" alt=\"\" class=\"lazyload\" style=\"--aspect-ratio-image: 2.22; \"\/><\/p>\n<p>        &#8211; Det var ekstreme fall<\/p>\n<p>    <\/a><\/p>\n<p>Dersom \u00e9n forelder har Huntingtons, er det 50 prosent sjanse for at barnet arver den. Dette avklares via en DNA-test.<\/p>\n<p>Symptomer p\u00e5 Huntingtons kan v\u00e6re ukontrollerte bevegelser, depresjon, glemsomhet og konsentrasjonsvansker. Det finnes ingen kur mot sykdommen.<\/p>\n<p>    Dette er Huntingtons:<\/p>\n<ul>\n<li>Huntingtons er en arvelig sykdom som oftest starter i 30-55 \u00e5rs alder, men det er stor individuell variasjon i debutalder.<\/li>\n<li>Sykdommen er karakterisert ved ufrivillige og ukontrollerte bevegelser i hele kroppen, personlighetsforandringer, kognitive endringer, og med tida, demens.<\/li>\n<li>Typiske trekk ved bevegelsene er at de er uregelmessige, hurtige, asymmetriske og kortvarige &#8211; som en \u00f8kt uro i kroppen.<\/li>\n<li>\n<p>I Norge finnes det cirka 350 personer med Huntingtons sykdom.<\/p>\n<\/li>\n<li>\n<p>\u00c5rsaken til Huntingtons sykdom er en genfeil.<\/p>\n<\/li>\n<li>\n<p>En test av arvematerialet (DNA-test) bekrefter diagnosen.<\/p>\n<\/li>\n<li>\n<p>Det finnes i dag ingen behandling som hindrer utviklingen av Huntingtons sykdom.<\/p>\n<\/li>\n<\/ul>\n<p>Kilde: NHI.NO<\/p>\n<p>      Vis mer<br \/>\n      Vis mindre<\/p>\n<p>&#8211; Blir stoppet p\u00e5 gata  <\/p>\n<p>Den siste tida har Mats blitt et kjent fjes landet over, etter sin deltakelse i NRK-serien \u00abTabu\u00bb, som gikk av stabelen i forrige uke.\u00a0<\/p>\n<p data-lab-font_weight=\"font-weight-bold\" class=\"font-weight-bold m-font-weight-bold\">I\u00a0serien m\u00f8ter komiker og sykepleier Lars Berrum (39) mennesker som representerer ulike tabuer i samfunnet &#8211; for s\u00e5 \u00e5 lage humor p\u00e5 deres bekostning.<\/p>\n<p> Det er i andre episode om \u00abD\u00f8delig syke\u00bb at Mats dukker opp, sammen med kreftsyke Synn\u00f8ve Berget Rusten (45), ALS-syke Gaute Natland-Vik (53) og kreftsyke Rikke Whelan de Lange (32). Rikke gikk bort i oktober 2025. <\/p>\n<p>        <img loading=\"lazy\" decoding=\"async\" src=\"https:\/\/www.europesays.com\/no\/wp-content\/uploads\/2026\/01\/1768701980_667_84104855.webp.webp\" width=\"667\" height=\"381\" title=\"D\u00d8DELIG SYKE: I andre episode av \u00abTabu\u00bb m\u00f8ter Lars Berrum (midten) Synn\u00f8ve, Mats, Gaute og n\u00e5 avd\u00f8de Rikke. Foto: Vidar Josdal \/ NRK\" alt=\"\" class=\"\" style=\"--aspect-ratio-image: 1.75; \"\/><\/p>\n<p>\n        D\u00d8DELIG SYKE: I andre episode av \u00abTabu\u00bb m\u00f8ter Lars Berrum (midten) Synn\u00f8ve, Mats, Gaute og n\u00e5 avd\u00f8de Rikke. Foto: Vidar Josdal \/ NRK\n    <\/p>\n<p>Mats forteller til Dagbladet at han har f\u00e5tt haugevis av reaksjoner etter at historien hans rullet over TV-skjermen.<\/p>\n<p data-lab-font_weight=\"font-weight-bold\" class=\"font-weight-bold m-font-weight-bold\">&#8211; Jeg f\u00e5r masse tilbakemeldinger. Folk som er ber\u00f8rt av sykdommen p\u00e5 ulike m\u00e5ter har ogs\u00e5 skrevet til meg, sier han r\u00f8rt.<\/p>\n<p>24-\u00e5ringen blir ogs\u00e5 lagt merke til n\u00e5r han g\u00e5r ut d\u00f8ra:<\/p>\n<p>&#8211; Folk stopper meg p\u00e5 gata, sier at de har sett \u00abTabu\u00bb, og skryter av meg. Det er uvant, men veldig hyggelig, sier han varmt.<\/p>\n<p>        <img loading=\"lazy\" decoding=\"async\" src=\"https:\/\/www.europesays.com\/no\/wp-content\/uploads\/2026\/01\/1768701981_159_84105101.webp.webp\" width=\"667\" height=\"381\" title=\"FELLESSKAP: I NRK-serien \u00abTabu\u00bb er gjestene sammen i et feriehus ved sj\u00f8en. De bader, leker og har dype samtaler. Foto: Vidar Josdal \/ NRK\" alt=\"\" class=\"\" style=\"--aspect-ratio-image: 1.75; \"\/><\/p>\n<p>\n        FELLESSKAP: I NRK-serien \u00abTabu\u00bb er gjestene sammen i et feriehus ved sj\u00f8en. De bader, leker og har dype samtaler. Foto: Vidar Josdal \/ NRK\n    <\/p>\n<p>M\u00e5tte vite  <\/p>\n<p>For Mats var det aldri aktuelt \u00e5 ikke ta DNA-testen for Huntingtons:<\/p>\n<p class=\"font-weight-bold m-font-weight-bold\" data-lab-font_weight=\"font-weight-bold\">&#8211; Jeg trengte \u00e5 vite, forteller Haugesund-v\u00e6ringen, som testet seg kort tid etter videreg\u00e5ende.\u00a0<\/p>\n<p>Da han fikk diagnosen, var han fersk student og bodde i kollektiv. En stund etter den nedsl\u00e5ende beskjeden sluttet han imidlertid p\u00e5 skolen, og i 2024 flyttet han hjem til Haugesund.\u00a0\u00a0<\/p>\n<p>N\u00e5 g\u00e5r han andre\u00e5ret p\u00e5 et sykepleiestudie og jobber i hjemmesykepleien.\u00a0<\/p>\n<p>        <img loading=\"lazy\" decoding=\"async\" src=\"https:\/\/www.europesays.com\/no\/wp-content\/uploads\/2026\/01\/1768701982_251_84107345.webp.webp\" width=\"667\" height=\"507\" title=\"VIL HJELPE ANDRE: Mats tror erfaringen hans med sykdom er en fordel i helseyrket. Foto: Privat.\" alt=\"\" class=\"\" style=\"--aspect-ratio-image: 1.32; \"\/><\/p>\n<p>\n        VIL HJELPE ANDRE: Mats tror erfaringen hans med sykdom er en fordel i helseyrket. Foto: Privat.\n    <\/p>\n<p>Vet hva som kommer  <\/p>\n<p>For 24-\u00e5ringen har Huntingtons v\u00e6rt en stor del av livet fra barnsben av.<\/p>\n<p class=\"font-weight-bold m-font-weight-bold\" data-lab-font_weight=\"font-weight-bold\">Da han var rundt to \u00e5r, fikk nemlig moren Synn\u00f8ve diagnosen.\u00a0<\/p>\n<p class=\"font-weight-normal m-font-weight-normal\" data-lab-font_weight=\"font-weight-normal\">Hun var i midten av 20-\u00e5ra da symptomene ga seg til kjenne.<\/p>\n<p>&#8211; Jeg husker bare mamma som syk, forteller Mats, som p\u00e5 n\u00e6rt hold s\u00e5 hvordan sykdommen t\u00e6ret p\u00e5 moren.\u00a0<\/p>\n<p>&#8211; Hun d\u00f8de for tre \u00e5r siden, bare 42 \u00e5r gammel.<\/p>\n<p>        <img loading=\"lazy\" decoding=\"async\" src=\"https:\/\/www.europesays.com\/no\/wp-content\/uploads\/2026\/01\/1768701983_220_84107350.webp.webp\" width=\"667\" height=\"514\" title=\"BLE SYK: Mats mor, Synn\u00f8ve, fikk symptomer allerede i 20-\u00e5ra. Her sitter hun med Mats i fanget. Foto: Privat.\" alt=\"\" class=\"\" style=\"--aspect-ratio-image: 1.30; \"\/><\/p>\n<p>\n        BLE SYK: Mats mor, Synn\u00f8ve, fikk symptomer allerede i 20-\u00e5ra. Her sitter hun med Mats i fanget. Foto: Privat.\n    <\/p>\n<p>Onkelen til Mats har ogs\u00e5 Huntingtons. Det hadde ogs\u00e5 morfaren og oldemoren.\u00a0<\/p>\n<p class=\"font-weight-bold m-font-weight-bold\" data-lab-font_weight=\"font-weight-bold\">24-\u00e5ringen er med andre ord smertelig klar over hva han har i vente.<\/p>\n<p>&#8211; Jeg vet at jeg kommer til \u00e5 bli totalt pleietrengende til slutt. Det ser jeg virkelig ikke fram til.<\/p>\n<p>        <img loading=\"lazy\" decoding=\"async\" src=\"https:\/\/www.europesays.com\/no\/wp-content\/uploads\/2026\/01\/1768701984_715_84107351.webp.webp\" width=\"667\" height=\"501\" title=\"GLADGUTT: Mats er en blid og forn\u00f8yd gutt, til tross for en oppvekst med mye sykdom i bildet. Foto: Privat.\" alt=\"\" class=\"\" style=\"--aspect-ratio-image: 1.33; \"\/><\/p>\n<p>\n        GLADGUTT: Mats er en blid og forn\u00f8yd gutt, til tross for en oppvekst med mye sykdom i bildet. Foto: Privat.\n    <\/p>\n<p>Vil ha aktiv d\u00f8dshjelp<\/p>\n<p data-lab-font_weight=\"font-weight-normal\" class=\"font-weight-normal m-font-weight-normal\">Mats&#8217; mor kunne verken g\u00e5 eller snakke de siste \u00e5ra hun levde. Hun klarte heller ikke \u00e5 spise selvstendig, og satte fast mye mat i halsen.<\/p>\n<p class=\"font-weight-bold m-font-weight-bold\" data-lab-font_weight=\"font-weight-bold\">\u00a0Mats beskriver morens livskvalitet p\u00e5 slutten som \u00ablite verdig\u00bb.<\/p>\n<p class=\"font-weight-normal m-font-weight-normal\" data-lab-font_weight=\"font-weight-normal\">&#8211; Jeg \u00f8nsker ikke \u00e5 bli syk slik som henne. S\u00e5 jeg h\u00e5per at aktiv d\u00f8dshjelp er innf\u00f8rt i Norge innen det er \u00abmin tur\u00bb.<\/p>\n<p>        <img loading=\"lazy\" decoding=\"async\" src=\"https:\/\/www.europesays.com\/no\/wp-content\/uploads\/2026\/01\/1768701985_55_84105091.webp.webp\" width=\"667\" height=\"654\" title=\"FORTALTE IKKE MOREN: Det siste \u00e5ret moren Synn\u00f8ve levde, fikk Mats vite at ogs\u00e5 han hadde Huntingtons. Dette valgte han \u00e5 aldri fortelle moren. Foto: Privat.\" alt=\"\" class=\"\" style=\"--aspect-ratio-image: 1.02; \"\/><\/p>\n<p>\n        FORTALTE IKKE MOREN: Det siste \u00e5ret moren Synn\u00f8ve levde, fikk Mats vite at ogs\u00e5 han hadde Huntingtons. Dette valgte han \u00e5 aldri fortelle moren. Foto: Privat.\n    <\/p>\n<p>24-\u00e5ringen vet ikke hvor lenge han kommer til \u00e5 leve.\u00a0<\/p>\n<p class=\"font-weight-bold m-font-weight-bold\" data-lab-font_weight=\"font-weight-bold\">For \u00f8yeblikket har han ikke merket noen symptomer. Men det kan skje \u00abn\u00e5r som helst\u00bb, forteller han til Dagbladet:<\/p>\n<p>&#8211; Jeg vet aldri n\u00e5r det kommer snikende, men jeg m\u00e5 regne med at det kommer i l\u00f8pet av de neste ti \u00e5r. Ofte begynner symptomene noenlunde samtidig som da den syke forelderen fikk det.\u00a0<\/p>\n<p>    <a itemprop=\"url\" href=\"https:\/\/www.dagbladet.no\/kjendis\/deler-rorende-hyllest\/84101305\" rel=\"nofollow noopener\" target=\"_blank\"><\/p>\n<p>        <img loading=\"lazy\" decoding=\"async\" src=\"https:\/\/www.europesays.com\/no\/wp-content\/uploads\/2026\/01\/1768701986_138_84100245.webp.webp\" width=\"980\" height=\"441\" title=\"Deler r\u00f8rende hyllest\" alt=\"\" class=\"lazyload\" style=\"--aspect-ratio-image: 2.22; \"\/><\/p>\n<p>        Deler r\u00f8rende hyllest<\/p>\n<p>    <\/a><\/p>\n<p>I disse dager er han med p\u00e5 en studie p\u00e5 Rikshospitalet i Oslo, hvor han pr\u00f8ver ut h\u00f8ydosert vitamin B3, i h\u00e5p om \u00e5 senke sykdomsutviklingen.<\/p>\n<p>&#8211; Kanskje jeg er heldig og er frisk til jeg er 40, sier han h\u00e5pefullt.<\/p>\n<p>        <img loading=\"lazy\" decoding=\"async\" src=\"https:\/\/www.europesays.com\/no\/wp-content\/uploads\/2026\/01\/1768701986_918_84096980.webp.webp\" width=\"667\" height=\"561\" title=\"AKTIV OG SOSIAL: Mats er en aktiv type som stadig er ute p\u00e5 vift. Foto: Privat.\" alt=\"\" class=\"\" style=\"--aspect-ratio-image: 1.19; \"\/><\/p>\n<p>\n        AKTIV OG SOSIAL: Mats er en aktiv type som stadig er ute p\u00e5 vift. Foto: Privat.\n    <\/p>\n<p>R\u00f8per gladnyhet  <\/p>\n<p>Som d\u00f8delig syk er det flere bekymringsfaktorer. I \u00abTabu\u00bb forteller blant annet Mats at dating og kj\u00e6rlighetsliv kan v\u00e6re vanskelig.\u00a0<\/p>\n<p class=\"font-weight-bold m-font-weight-bold\" data-lab-font_weight=\"font-weight-bold\">I slutten av programmet overrasker han derfor b\u00e5de Lars Berrum og publikum, da han under humorshowet dukker opp med en date.<\/p>\n<p class=\"font-weight-normal m-font-weight-normal\" data-lab-font_weight=\"font-weight-normal\">Overfor Dagbladet avsl\u00f8rer 24-\u00e5ringen at daten har blitt til en kj\u00e6reste.<\/p>\n<p class=\"font-weight-bold m-font-weight-bold\" data-lab-font_weight=\"font-weight-bold\"> &#8211; Ronja og jeg har v\u00e6rt sammen i snart et halvt \u00e5r. Vi var kj\u00e6rester i en periode p\u00e5 videreg\u00e5ende ogs\u00e5, s\u00e5 hun kjenner godt til situasjonen i familien, sier han blidt.<\/p>\n<p>        KREFTSYK: Bare fire m\u00e5neder etter hun giftet seg d\u00f8de Rikke (32) av brystkreft. Video: \u00abTabu\u00bb\/ NRK TV\/ R\u00f8d L\u00f8per<\/p>\n<p class=\"font-weight-bold m-font-weight-bold italic m-italic\" data-lab-font_weight=\"font-weight-bold\" data-lab-italic=\"italic\">&#8211; Visste hun om testresultatet ditt?<\/p>\n<p class=\"font-weight-bold m-font-weight-bold\" data-lab-font_weight=\"font-weight-bold\">&#8211; Jeg tok testen etter vi gikk ut av skolen, s\u00e5 nei, hun visste ikke det. Men jeg tror hun hadde en anelse likevel, sier han, og legger til at de hadde en fin samtale rundt sykdommen da de m\u00f8ttes p\u00e5 nytt.<\/p>\n<p class=\"font-weight-bold m-font-weight-bold\" data-lab-font_weight=\"font-weight-bold\">&#8211; Hun er ogs\u00e5 med meg p\u00e5 Rikshospitalet for unders\u00f8kelser, og er en veldig god st\u00f8tte \u00e5 ha. Vi skal flytte sammen til sommeren, sier han forn\u00f8yd.<\/p>\n<p>        <img loading=\"lazy\" decoding=\"async\" src=\"https:\/\/www.europesays.com\/no\/wp-content\/uploads\/2026\/01\/1768701987_365_84096981.webp.webp\" width=\"667\" height=\"507\" title=\"FUNNET LYKKEN: Mats og Ronja har kjent hverandre lenge. De har gode samtaler om Mats' sykdom og finner god st\u00f8tte i hverandre. Foto: Privat.\" alt=\"\" class=\"\" style=\"--aspect-ratio-image: 1.32; \"\/><\/p>\n<p>\n        FUNNET LYKKEN: Mats og Ronja har kjent hverandre lenge. De har gode samtaler om Mats&#8217; sykdom og finner god st\u00f8tte i hverandre. Foto: Privat.\n    <\/p>\n<p>&#8211; Ingen vei tilbake<\/p>\n<p>For Mats gj\u00f8r d\u00f8dsdommen at han \u00f8nsker \u00e5 leve mer i nuet.<\/p>\n<p>&#8211; Jeg vil reise s\u00e5 mye som mulig, dra p\u00e5 s\u00e5 mange konserter jeg bare kan &#8211; og m\u00f8te s\u00e5 mange folk jeg kan, sier han \u00e6rlig.<\/p>\n<p class=\"italic m-italic\" data-lab-italic=\"italic\">&#8211; Tenker du mye p\u00e5 at du skal d\u00f8? <\/p>\n<p>&#8211; I motsetning til de andre gjestene i andre episode av \u00abTabu\u00bb, kommer jeg til \u00e5 leve i mange \u00e5r til. Det tar i gjennomsnitt tjue \u00e5r fra f\u00f8rste symptomer til d\u00f8den. S\u00e5 det er en lang vei dit enda, heldigvis.\u00a0<\/p>\n<p>    <a itemprop=\"url\" href=\"https:\/\/www.dagbladet.no\/kjendis\/avslorer-har-fatt-kreft\/84091589\" rel=\"nofollow noopener\" target=\"_blank\"><\/p>\n<p>        <img loading=\"lazy\" decoding=\"async\" src=\"https:\/\/www.europesays.com\/no\/wp-content\/uploads\/2026\/01\/1768701988_114_84091852.webp.webp\" width=\"980\" height=\"441\" title=\"Avsl\u00f8rer: Har f\u00e5tt kreft\" alt=\"\" class=\"lazyload\" style=\"--aspect-ratio-image: 2.22; \"\/><\/p>\n<p>        Avsl\u00f8rer: Har f\u00e5tt kreft<\/p>\n<p>    <\/a><\/p>\n<p class=\"font-weight-normal m-font-weight-normal\" data-lab-font_weight=\"font-weight-normal\">Mats tror det er vanskelig for Huntingtons-rammede \u00e5 v\u00e6re \u00e5pne om sykdommen.<\/p>\n<p>Selv er han styremedlem i Landsforeningen for Huntingtons, og \u00e5rlig deltar han p\u00e5 ungdomssamlinger og internasjonale konferanser, hvor han deler egne erfaringer.<\/p>\n<p class=\"font-weight-bold m-font-weight-bold\" data-lab-font_weight=\"font-weight-bold\">&#8211; Det er en tabubelagt, men forferdelig sykdom, som rammer b\u00e5de syke og p\u00e5r\u00f8rende p\u00e5 mange m\u00e5ter. Det \u00f8nsker jeg \u00e5 belyse, sier han:<\/p>\n<p>&#8211; Og n\u00e5 som jeg f\u00f8rst har v\u00e6rt \u00e5pen om min historie, er det ingen vei tilbake.<\/p>\n","protected":false},"excerpt":{"rendered":"Oslo universitetssykehus, april 2021: Mats Merkesvik M\u00f8lstre og pappa Hugo stirrer ut i lufta.\u00a0 Foran dem sitter to&hellip;\n","protected":false},"author":2,"featured_media":140488,"comment_status":"","ping_status":"","sticky":false,"template":"","format":"standard","meta":{"footnotes":"","_share_on_mastodon":"0"},"categories":[10],"tags":[20,21,37,24,25,15,4265,2796,22,23,156,13,30,28,29,14,16,4005,26,27],"class_list":["post-140487","post","type-post","status-publish","format-standard","has-post-thumbnail","category-norge","tag-breaking-news","tag-breakingnews","tag-debatt","tag-featured-news","tag-featurednews","tag-headlines","tag-kronikk","tag-kvinnehelse","tag-latest-news","tag-latestnews","tag-meninger","tag-news","tag-no","tag-norge","tag-norway","tag-nyheter","tag-overskrifter","tag-some","tag-top-stories","tag-topstories"],"share_on_mastodon":{"url":"https:\/\/pubeurope.com\/@no\/115913659772194799","error":""},"_links":{"self":[{"href":"https:\/\/www.europesays.com\/no\/wp-json\/wp\/v2\/posts\/140487","targetHints":{"allow":["GET"]}}],"collection":[{"href":"https:\/\/www.europesays.com\/no\/wp-json\/wp\/v2\/posts"}],"about":[{"href":"https:\/\/www.europesays.com\/no\/wp-json\/wp\/v2\/types\/post"}],"author":[{"embeddable":true,"href":"https:\/\/www.europesays.com\/no\/wp-json\/wp\/v2\/users\/2"}],"replies":[{"embeddable":true,"href":"https:\/\/www.europesays.com\/no\/wp-json\/wp\/v2\/comments?post=140487"}],"version-history":[{"count":0,"href":"https:\/\/www.europesays.com\/no\/wp-json\/wp\/v2\/posts\/140487\/revisions"}],"wp:featuredmedia":[{"embeddable":true,"href":"https:\/\/www.europesays.com\/no\/wp-json\/wp\/v2\/media\/140488"}],"wp:attachment":[{"href":"https:\/\/www.europesays.com\/no\/wp-json\/wp\/v2\/media?parent=140487"}],"wp:term":[{"taxonomy":"category","embeddable":true,"href":"https:\/\/www.europesays.com\/no\/wp-json\/wp\/v2\/categories?post=140487"},{"taxonomy":"post_tag","embeddable":true,"href":"https:\/\/www.europesays.com\/no\/wp-json\/wp\/v2\/tags?post=140487"}],"curies":[{"name":"wp","href":"https:\/\/api.w.org\/{rel}","templated":true}]}}