{"id":14054,"date":"2025-08-21T09:37:13","date_gmt":"2025-08-21T09:37:13","guid":{"rendered":"https:\/\/www.europesays.com\/no\/14054\/"},"modified":"2025-08-21T09:37:13","modified_gmt":"2025-08-21T09:37:13","slug":"en-spillbar-demo-for-trails-in-the-sky-1st-chapter-er-na-tilgjengelig","status":"publish","type":"post","link":"https:\/\/www.europesays.com\/no\/14054\/","title":{"rendered":"En spillbar demo for Trails in the Sky 1st Chapter er n\u00e5 tilgjengelig"},"content":{"rendered":"<p>Utviklerne Nihon Falcom og NIHON FALCOM CORPORATION planlegger sammen med utgiveren GungHo Online Entertainment \u00e5 lansere Trails in the Sky 1st Chapter den 19. september 2025 p\u00e5 PC, Playstation 5 og Nintendo Switch.<\/p>\n<p>Heldigvis trenger vi ikke \u00e5 vente s\u00e5 lenge, siden en spillbar demo n\u00e5 er tilgjengelig, og du kan laste den ned fra <a href=\"https:\/\/store.playstation.com\/en-gb\/product\/UP8299-PPSA31666_00-EDSORATRIAL00001\" target=\"_blank\" rel=\"nofollow noopener\">Playstation Store<\/a>. Eller, hvis du velger det, kan du laste ned demoen p\u00e5 <a href=\"https:\/\/store.steampowered.com\/app\/3375780\/Trails_in_the_Sky_1st_Chapter\/\" target=\"_blank\" rel=\"nofollow noopener\">Steam<\/a> ogs\u00e5. If\u00f8lge <a href=\"https:\/\/www.gematsu.com\/2025\/08\/trails-in-the-sky-1st-chapter-adds-switch-2-version-prologue-demo-now-available-for-ps5-switch-and-pc\" target=\"_blank\" rel=\"nofollow noopener\">Gematsu<\/a> er en demo for Switch ogs\u00e5 tilgjengelig, men forel\u00f8pig bare i Japan.<\/p>\n<p>Switch 2-versjonen av Trails in the Sky 1st Chapter kommer som en digital utgivelse, og for \u00e5 f\u00e5 fordelene med Switch 2 m\u00e5 du ogs\u00e5 kj\u00f8pe en s\u00e5kalt Upgrade Pack&#8230; etter at du har kj\u00f8pt Switch 1-eksemplaret av spillet.<\/p>\n<p>Steam-siden beskriver spillet slik :<br \/>&laquo;Trails in the Sky 1st Chapter reimaginerer det f\u00f8rste kapittelet i en elsket serie, og tilf\u00f8rer det forbedret grafikk og raffinert gameplay. Bli med Estelle og Joshua, partnere bundet sammen av skjebnen, mens de avsl\u00f8rer m\u00f8rke konspirasjoner som truer freden i Liberl Kingdom.&raquo;<\/p>\n<p><img loading=\"lazy\" decoding=\"async\" id=\"img-1844503-4422923\" data-fullsize=\"\/media\/29\/_4422923b.jpg\" data-lazy=\"\" src=\"https:\/\/www.europesays.com\/no\/wp-content\/uploads\/2025\/08\/_4422923_650x.jpg\" width=\"650\" onclick=\"if (!window.__cfRLUnblockHandlers) return false; gallery_openmodal('1844503','4422923',false,'cb251e6f29baeb1edefcd7353bf67aa1');\" height=\"366\" alt=\"Trails in the Sky 1st Chapter\" class=\"rwd_col_content lazy\" data-cf-modified-0ae7dfa5a1e4212f15a31a3e-=\"\"\/><\/p>\n","protected":false},"excerpt":{"rendered":"Utviklerne Nihon Falcom og NIHON FALCOM CORPORATION planlegger sammen med utgiveren GungHo Online Entertainment \u00e5 lansere Trails in&hellip;\n","protected":false},"author":2,"featured_media":14055,"comment_status":"","ping_status":"","sticky":false,"template":"","format":"standard","meta":{"footnotes":""},"categories":[57],"tags":[30,28,29,65,63,64,66,70,69,67,68],"class_list":{"0":"post-14054","1":"post","2":"type-post","3":"status-publish","4":"format-standard","5":"has-post-thumbnail","7":"category-vitenskap-og-teknologi","8":"tag-no","9":"tag-norge","10":"tag-norway","11":"tag-science","12":"tag-science-and-technology","13":"tag-scienceandtechnology","14":"tag-technology","15":"tag-teknologi","16":"tag-vitenskap","17":"tag-vitenskap-og-teknologi","18":"tag-vitenskapteknologi"},"share_on_mastodon":{"url":"","error":""},"_links":{"self":[{"href":"https:\/\/www.europesays.com\/no\/wp-json\/wp\/v2\/posts\/14054","targetHints":{"allow":["GET"]}}],"collection":[{"href":"https:\/\/www.europesays.com\/no\/wp-json\/wp\/v2\/posts"}],"about":[{"href":"https:\/\/www.europesays.com\/no\/wp-json\/wp\/v2\/types\/post"}],"author":[{"embeddable":true,"href":"https:\/\/www.europesays.com\/no\/wp-json\/wp\/v2\/users\/2"}],"replies":[{"embeddable":true,"href":"https:\/\/www.europesays.com\/no\/wp-json\/wp\/v2\/comments?post=14054"}],"version-history":[{"count":0,"href":"https:\/\/www.europesays.com\/no\/wp-json\/wp\/v2\/posts\/14054\/revisions"}],"wp:featuredmedia":[{"embeddable":true,"href":"https:\/\/www.europesays.com\/no\/wp-json\/wp\/v2\/media\/14055"}],"wp:attachment":[{"href":"https:\/\/www.europesays.com\/no\/wp-json\/wp\/v2\/media?parent=14054"}],"wp:term":[{"taxonomy":"category","embeddable":true,"href":"https:\/\/www.europesays.com\/no\/wp-json\/wp\/v2\/categories?post=14054"},{"taxonomy":"post_tag","embeddable":true,"href":"https:\/\/www.europesays.com\/no\/wp-json\/wp\/v2\/tags?post=14054"}],"curies":[{"name":"wp","href":"https:\/\/api.w.org\/{rel}","templated":true}]}}