{"id":14056,"date":"2025-08-21T09:40:09","date_gmt":"2025-08-21T09:40:09","guid":{"rendered":"https:\/\/www.europesays.com\/no\/14056\/"},"modified":"2025-08-21T09:40:09","modified_gmt":"2025-08-21T09:40:09","slug":"bo-ordforer-sture-pedersen-slar-kommune-alarm-mayday-mayday","status":"publish","type":"post","link":"https:\/\/www.europesays.com\/no\/14056\/","title":{"rendered":"B\u00f8-ordf\u00f8rer Sture Pedersen sl\u00e5r kommune-alarm: \u2013 Mayday, mayday!"},"content":{"rendered":"\n<ul class=\"_list_1bvmi_3 _list_1flq1_85 _unordered_1bvmi_99 text-sans-m\">\n<li class=\"_item_1bvmi_30\">B\u00f8-ordf\u00f8rer Sture Pedersen (H) varsler \u00abalvorlig krise\u00bb for Kommune-Norge.<\/li>\n<li class=\"_item_1bvmi_30\">Han mener staten er for rik, mens kommunene g\u00e5r mot underskudd. <\/li>\n<li class=\"_item_1bvmi_30\">B\u00e5de H\u00f8yre-leder Erna Solberg og kommunal- og distriktsminister Kjersti Stenseng (Ap) mener det er for mye detaljstyring. <\/li>\n<\/ul>\n<p>Vis mer <\/p>\n<p class=\"_paragraph_1bvmi_4 _paragraph_xtcu6_10 layout-component text-serif-m layout-normal text-serif-m layout-padded\">VG ringer den profilerte H\u00f8yre-ordf\u00f8reren og han kan fortelle: Han har hatt en fin sommer, g\u00e5tt mange turer i fjellet og ikke minst \u2013 tenkt mye p\u00e5 kommune\u00f8konomi. <\/p>\n<p class=\"_paragraph_1bvmi_4 _paragraph_xtcu6_10 layout-component text-serif-m layout-normal text-serif-m layout-padded\">\u2013 Kommune-Norge er rett og slett i ferd med \u00e5 g\u00e5 konkurs, sier Pedersen p\u00e5 telefon fra B\u00f8 i Vester\u00e5len. <\/p>\n<p>\u2013 Ikke sexy nok<\/p>\n<p class=\"_paragraph_1bvmi_4 _paragraph_xtcu6_10 layout-component text-serif-m layout-normal text-serif-m layout-padded\">Til n\u00e5 har valgkampen handlet mye om skatt, oljefondets investeringer i Israel og <a href=\"https:\/\/www.vg.no\/nyheter\/i\/zAmkPw\/partilederdebatten-listhaug-kastet-pistol-i-stein-saks-papir-faar-kritikk\" data-track-element-type=\"Link\" data-track-id=\"link:zAmkPw\" class=\"_link_1bvmi_39\" rel=\"nofollow noopener\" target=\"_blank\">stein, saks, papir<\/a>. <\/p>\n<p class=\"_paragraph_1bvmi_4 _paragraph_xtcu6_10 layout-component text-serif-m layout-normal text-serif-m layout-padded\">Kommune-Norge har det v\u00e6rt fullstendig tyst om, mener Pedersen. <\/p>\n<p class=\"_paragraph_1bvmi_4 _paragraph_xtcu6_10 layout-component text-serif-m layout-normal text-serif-m layout-padded\">\u2013 Det er ikke sexy nok. Og det passer ikke dagsorden, men vi i kommunene er i alvorlig krise, sier Pedersen, som n\u00e5 tar til orde for \u00e5 sette ned en \u00abhavarikommisjon\u00bb for Kommune-Norge. <\/p>\n<p><img alt=\"Sture Pedersen hjemme i B\u00f8 en vinterdag VG var p\u00e5 bes\u00f8k i 2022.   Foto: Helge Mikalsen \/ VG\" class=\"_image_qp4xg_65 layout-component layout-normal\" data-fullscreen- data-track-element-type=\"Article image fullscreen\" data-track-name=\"ImageFullscreen\" decoding=\"async\" loading=\"lazy\" height=\"5334\" itemprop=\"image\"  src=\"https:\/\/www.europesays.com\/no\/wp-content\/uploads\/2025\/08\/bcfc3468-358a-4378-a8af-b7d4f9edf8ef\"  style=\"object-position:0% 0%\" width=\"7285\"\/>Sture Pedersen hjemme i B\u00f8 en vinterdag VG var p\u00e5 bes\u00f8k i 2022.   Foto: Helge Mikalsen \/ VG<\/p>\n<p class=\"_paragraph_1bvmi_4 _paragraph_xtcu6_10 layout-component text-serif-m layout-normal text-serif-m layout-padded\">Han rykker ut etter at partifelle og Bod\u00f8-ordf\u00f8rer Odd Emil Ingebrigtsen <a href=\"https:\/\/www.vg.no\/nyheter\/i\/vgL8aw\/\" data-track-element-type=\"Link\" data-track-id=\"link:vgL8aw\" class=\"_link_1bvmi_39\" rel=\"nofollow noopener\" target=\"_blank\">ba partileder Erna Solberg l\u00e6re fra kommunene<\/a>, og v\u00e6re t\u00f8ffere og \u00e6rligere om kutt i staten \u2013 som stadig blir rikere.<\/p>\n<p class=\"_paragraph_1bvmi_4 _paragraph_xtcu6_10 layout-component text-serif-m layout-normal text-serif-m layout-padded\">Pedersen mener statens rikdom gj\u00f8r at stortingspolitikerne lever i en boble. I sterk kontrast til den harde \u00f8konomiske realiteten ute i kommunene. <\/p>\n<p class=\"_paragraph_1bvmi_4 _paragraph_xtcu6_10 layout-component text-serif-m layout-normal text-serif-m layout-padded\">\u2013 Jeg f\u00f8ler at vi ikke snakker samme spr\u00e5k, sier B\u00f8-ordf\u00f8reren, som n\u00e5 roper:<\/p>\n<p class=\"_paragraph_1bvmi_4 _paragraph_xtcu6_10 layout-component text-serif-m layout-normal text-serif-m layout-padded\">\u2013 Mayday! Mayday!<\/p>\n<p>Rik stat \u2013 fattig kommune <\/p>\n<p class=\"_paragraph_1bvmi_4 _paragraph_xtcu6_10 layout-component text-serif-m layout-normal text-serif-m layout-padded\">Kommunene har i dag ansvar for blant annet barnehage, skole, helsetjenester og sosiale tjenester. Med dyrtid \u00f8ker prisene. Mange kommuner har bruke opp sparepengene sine og <a href=\"https:\/\/www.nrk.no\/vestfoldogtelemark\/kommuner-bruker-oftere-og-mer-kassakreditt-1.17020810\" class=\"_link_1bvmi_39\" rel=\"nofollow noopener\" target=\"_blank\">lever n\u00e5 p\u00e5 l\u00e5n<\/a>. <\/p>\n<p class=\"_paragraph_1bvmi_4 _paragraph_xtcu6_10 layout-component text-serif-m layout-normal text-serif-m layout-padded\"><strong class=\"_strong_1bvmi_25\">B\u00f8-ordf\u00f8reren er tydelig p\u00e5 at kommunene ogs\u00e5 m\u00e5 gj\u00f8re sitt, snu hver stein og omstille. <\/strong><\/p>\n<p class=\"_paragraph_1bvmi_4 _paragraph_xtcu6_10 layout-component text-serif-m layout-normal text-serif-m layout-padded\">\u2013 Men vi har ikke designet Kommune-Norge for \u00e5 m\u00f8te langvarige \u00f8konomiske sjokk. N\u00e5r rentekuttene kommer tregere, l\u00f8nns- og prisstigningene biter lengre og sykefrav\u00e6ret tynger, er det katastrofalt for kommunene.<\/p>\n<p class=\"_paragraph_1bvmi_4 _paragraph_xtcu6_10 layout-component text-serif-m layout-normal text-serif-m layout-padded\">\u2014 Dere <a href=\"https:\/\/www.vg.no\/nyheter\/i\/dnqxKz\/bjoern-daehlie-selger-huset-og-forlater-skatteparadiset-boe-i-vesteraalen\" data-track-element-type=\"Link\" data-track-id=\"link:dnqxKz\" class=\"_link_1bvmi_39\" rel=\"nofollow noopener\" target=\"_blank\">kuttet jo formuesskatten<\/a> og ble kjent som \u00abNorges Monaco\u00bb. Har ikke det betydd mindre inntekter til kommunen? <\/p>\n<p class=\"_paragraph_1bvmi_4 _paragraph_xtcu6_10 layout-component text-serif-m layout-normal text-serif-m layout-padded\">\u2013 Nei tvertimot. Vi har \u00f8kt v\u00e5re skatteinntekter. Det er en katastrofe at v\u00e5re investorer flytter ut av landet. De m\u00e5 vi ta vare p\u00e5 i Norge, sier Pedersen, som er tydelig <a href=\"https:\/\/www.vg.no\/nyheter\/i\/73g2W9\/skattestrid-i-hoeyre-det-er-forskjellsbehandling\" data-track-element-type=\"Link\" data-track-id=\"link:73g2W9\" class=\"_link_1bvmi_39\" rel=\"nofollow noopener\" target=\"_blank\">motstander av formuesskatten<\/a>. <\/p>\n<p class=\"_paragraph_1bvmi_4 _paragraph_xtcu6_10 layout-component text-serif-m layout-normal text-serif-m layout-padded\">Tilbake til kommune\u00f8konomien:  <\/p>\n<p class=\"_paragraph_1bvmi_4 _paragraph_xtcu6_10 layout-component text-serif-m layout-normal text-serif-m layout-padded\">Over halvparten av landets 357 kommuner g\u00e5r mot underskudd i 2025, if\u00f8lge nettstedet <a href=\"https:\/\/www.kommunal-rapport.no\/nyheter\/over-halvparten-av-kommunedirektorene-varsler-underskudd-i-2025\/822312\" class=\"_link_1bvmi_39\" rel=\"nofollow noopener\" target=\"_blank\">Kommunal Rapport.<\/a><\/p>\n<p class=\"_paragraph_1bvmi_4 _paragraph_xtcu6_10 layout-component text-serif-m layout-normal text-serif-m layout-padded\">Samtidig har oljefondet passert 20.000 milliarder kroner.<\/p>\n<p><img alt=\"ALL MAKT I DENNE SAL!   Foto: Espen Sj\u00f8lingstad Hoen \/ VG\" class=\"_image_qp4xg_65 layout-component layout-normal\" data-fullscreen- data-track-element-type=\"Article image fullscreen\" data-track-name=\"ImageFullscreen\" decoding=\"async\" loading=\"lazy\" height=\"5464\" itemprop=\"image\"  src=\"https:\/\/www.europesays.com\/no\/wp-content\/uploads\/2025\/08\/689275d2-4858-4ed0-85e8-baab6b3e5ee6\"  style=\"object-position:0% 0%\" width=\"8192\"\/>ALL MAKT I DENNE SAL!   Foto: Espen Sj\u00f8lingstad Hoen \/ VG<\/p>\n<p class=\"_paragraph_1bvmi_4 _paragraph_xtcu6_10 layout-component text-serif-m layout-normal text-serif-m layout-padded\">\u2013 Staten har et luksusproblem, mens kommunene er fanget i en \u00f8konomifelle, som staten ogs\u00e5 delvis bidrar til. Sp\u00f8rsm\u00e5let mitt er: m\u00e5 staten v\u00e6re s\u00e5 rik samtidig som kommunene er s\u00e5 fattige? sp\u00f8r Pedersen. <\/p>\n<p class=\"_paragraph_1bvmi_4 _paragraph_xtcu6_10 layout-component text-serif-m layout-normal text-serif-m layout-padded\">Han viser til at kommunalbanken i fjor tok ut <a href=\"https:\/\/www.nrk.no\/vestfoldogtelemark\/staten-far-store-inntekter-av-kommunenes-gjeld-1.17057312#:~:text=I%20%C3%A5r%20fikk%20statskassa%20utbetalt,i%20statsbudsjettet%20i%20neste%20uke.\" class=\"_link_1bvmi_39\" rel=\"nofollow noopener\" target=\"_blank\">700 millioner kroner i utbytte<\/a>. <\/p>\n<p class=\"_paragraph_1bvmi_4 _paragraph_xtcu6_10 layout-component text-serif-m layout-normal text-serif-m layout-padded\">\u2013 Jeg reagerer veldig p\u00e5 at staten skal bli en stor vinner av at Kommune-Norge skal ta opp l\u00e5n, sier ordf\u00f8reren.<\/p>\n<p>Kritiserer Ap og sine egne <\/p>\n<p class=\"_paragraph_1bvmi_4 _paragraph_xtcu6_10 layout-component text-serif-m layout-normal text-serif-m layout-padded\">Kritikken g\u00e5r b\u00e5de mot sitt eget parti, s\u00e5 vel som Arbeiderparti-regjeringen. <\/p>\n<p class=\"_paragraph_1bvmi_4 _paragraph_xtcu6_10 layout-component text-serif-m layout-normal text-serif-m layout-padded\">\u2013 Vi skal ta v\u00e5rt ansvar for \u00e5 omstille Kommune-Norge, men vi m\u00e5 f\u00e5 mer drahjelp fra politikerne som sitter og former politikken for Norge, slik at vi kan finansiere dette, sier han og fortsetter:<\/p>\n<p class=\"_paragraph_1bvmi_4 _paragraph_xtcu6_10 layout-component text-serif-m layout-normal text-serif-m layout-padded\">\u2013 Det gjelder samtlige partier \u2013 ogs\u00e5 H\u00f8yre. Men vi har ikke f\u00f8lt en verre kommune\u00f8konomi p\u00e5 30\u201340 \u00e5r, og jeg hadde st\u00f8rre forventninger til Arbeiderpartiet, og spesielt Senterpartiet. <\/p>\n<p>Ut mot detaljstyring<\/p>\n<p class=\"_paragraph_1bvmi_4 _paragraph_xtcu6_10 layout-component text-serif-m layout-normal text-serif-m layout-padded\">H\u00f8yre-leder Erna Solberg sier hun er helt enig med partifellen. <\/p>\n<p class=\"_paragraph_1bvmi_4 _paragraph_xtcu6_10 layout-component text-serif-m layout-normal text-serif-m layout-padded\">\u2013 Sammen med over hundre andre H\u00f8yre-ordf\u00f8rere gir han meg en samlet tilbakemelding: Vi som er politikere nasjonalt m\u00e5 gi mer tillit til politikerne lokalt. De vet selv hvor skoen trykker, og trenger ikke at politikere i Oslo detaljregulerer alt hele tiden, sier Solberg. <\/p>\n<p><img alt=\"UT MOT DETALSTYRING: Erna Solberg da hun var p\u00e5 bes\u00f8k i Bod\u00f8 i B\u00f8-ordf\u00f8rerens hjemfylke i helgen.   Foto: Helge Mikalsen \/ VG\" class=\"_image_qp4xg_65 layout-component layout-normal\" data-fullscreen- data-track-element-type=\"Article image fullscreen\" data-track-name=\"ImageFullscreen\" decoding=\"async\" loading=\"lazy\" height=\"5504\" itemprop=\"image\"  src=\"https:\/\/www.europesays.com\/no\/wp-content\/uploads\/2025\/08\/3f2ee9b8-022c-42c8-a457-4977a148718a\"  style=\"object-position:0% 0%\" width=\"8256\"\/>UT MOT DETALSTYRING: Erna Solberg da hun var p\u00e5 bes\u00f8k i Bod\u00f8 i B\u00f8-ordf\u00f8rerens hjemfylke i helgen.   Foto: Helge Mikalsen \/ VG<\/p>\n<p class=\"_paragraph_1bvmi_4 _paragraph_xtcu6_10 layout-component text-serif-m layout-normal text-serif-m layout-padded\">H\u00f8yre-lederen sier hun gleder seg til \u00e5 ta fatt p\u00e5 kommune-jobben sammen med B\u00f8-ordf\u00f8reren.<\/p>\n<p class=\"_paragraph_1bvmi_4 _paragraph_xtcu6_10 layout-component text-serif-m layout-normal text-serif-m layout-padded\">\u2013 Vi m\u00e5 erkjenne at politikerne p\u00e5 Stortinget ikke har v\u00e6rt gode nok til \u00e5 holde igjen for reguleringer med gode intensjoner. Jeg tror ikke en St\u00f8re-regjering som er avhengig av R\u00f8dt, SV og MDG kommer til \u00e5 snu den trenden. <\/p>\n<p class=\"_paragraph_1bvmi_4 _paragraph_xtcu6_10 layout-component text-serif-m layout-normal text-serif-m layout-padded\">Kommunal- og distriktsminister Kjersti Stenseng (Ap) p\u00e5peker at kommunene hadde et \u00absv\u00e6rt krevende\u00bb \u00e5r i fjor og fikk <a href=\"https:\/\/www.kommunal-rapport.no\/nyheter\/kommunene-far-mellom-42-og-49-milliarder-kroner-mer-neste-ar\/814878\" class=\"_link_1bvmi_39\" rel=\"nofollow noopener\" target=\"_blank\">mer penger<\/a> b\u00e5de da og i fjor. <\/p>\n<p class=\"_paragraph_1bvmi_4 _paragraph_xtcu6_10 layout-component text-serif-m layout-normal text-serif-m layout-padded\">\u2013 B\u00f8-ordf\u00f8reren etterlyser en kommisjon for \u00e5 se p\u00e5 fremtiden til kommunene, jeg er litt overrasket over at han ikke har f\u00e5tt med seg at jeg satte ned en slik kommisjon i mai, sier hun og viser til <a href=\"https:\/\/www.regjeringen.no\/no\/aktuelt\/kommunekommisjonen-er-satt-ned\/id3099766\/\" class=\"_link_1bvmi_39\" rel=\"nofollow noopener\" target=\"_blank\">kommunekommisjonen<\/a>. <\/p>\n<p><img alt=\"Foto: Javad Parsa \/ NTB\" class=\"_image_qp4xg_65 layout-component layout-normal\" data-fullscreen- data-track-element-type=\"Article image fullscreen\" data-track-name=\"ImageFullscreen\" decoding=\"async\" loading=\"lazy\" height=\"3576\" itemprop=\"image\"  src=\"https:\/\/www.europesays.com\/no\/wp-content\/uploads\/2025\/08\/d76c2f95-f960-40f7-a6fe-340770b94862\"  style=\"object-position:0% 0%\" width=\"5360\"\/>Foto: Javad Parsa \/ NTB<\/p>\n<p class=\"_paragraph_1bvmi_4 _paragraph_xtcu6_10 layout-component text-serif-m layout-normal text-serif-m layout-padded\">Stenseng er enig med H\u00f8yre-lederen i at kommunene trenger mindre detaljstyring, men mener det er med Aps politikk at det skjer. <\/p>\n<p class=\"_paragraph_1bvmi_4 _paragraph_xtcu6_10 layout-component text-serif-m layout-normal text-serif-m layout-padded\">Kommunalbankens overskudd g\u00e5r til skole, helse og velferd, p\u00e5peker hun. <\/p>\n<p class=\"_paragraph_1bvmi_4 _paragraph_xtcu6_10 layout-component text-serif-m layout-normal text-serif-m layout-padded\">\u2013 Staten har ikke et luksusproblem, staten forvalter fellesskapets penger og m\u00e5 bruke de s\u00e5 effektivt som mulig. En ansvarlig pengebruk er og det viktigste vi kan gj\u00f8re for \u00e5 f\u00e5 renten ned som er til beste for b\u00e5de kommunene og innbyggerne sin lommebok.<\/p>\n","protected":false},"excerpt":{"rendered":"B\u00f8-ordf\u00f8rer Sture Pedersen (H) varsler \u00abalvorlig krise\u00bb for Kommune-Norge. Han mener staten er for rik, mens kommunene g\u00e5r&hellip;\n","protected":false},"author":2,"featured_media":14057,"comment_status":"","ping_status":"","sticky":false,"template":"","format":"standard","meta":{"footnotes":""},"categories":[10],"tags":[20,21,24,25,15,806,22,23,13,30,28,281,29,14,16,199,2747,26,27,205],"class_list":{"0":"post-14056","1":"post","2":"type-post","3":"status-publish","4":"format-standard","5":"has-post-thumbnail","7":"category-norge","8":"tag-breaking-news","9":"tag-breakingnews","10":"tag-featured-news","11":"tag-featurednews","12":"tag-headlines","13":"tag-kommuneokonomi","14":"tag-latest-news","15":"tag-latestnews","16":"tag-news","17":"tag-no","18":"tag-norge","19":"tag-norsk-politikk","20":"tag-norway","21":"tag-nyheter","22":"tag-overskrifter","23":"tag-stortingsvalg","24":"tag-sture-pedersen","25":"tag-top-stories","26":"tag-topstories","27":"tag-vgsamfunn"},"share_on_mastodon":{"url":"","error":""},"_links":{"self":[{"href":"https:\/\/www.europesays.com\/no\/wp-json\/wp\/v2\/posts\/14056","targetHints":{"allow":["GET"]}}],"collection":[{"href":"https:\/\/www.europesays.com\/no\/wp-json\/wp\/v2\/posts"}],"about":[{"href":"https:\/\/www.europesays.com\/no\/wp-json\/wp\/v2\/types\/post"}],"author":[{"embeddable":true,"href":"https:\/\/www.europesays.com\/no\/wp-json\/wp\/v2\/users\/2"}],"replies":[{"embeddable":true,"href":"https:\/\/www.europesays.com\/no\/wp-json\/wp\/v2\/comments?post=14056"}],"version-history":[{"count":0,"href":"https:\/\/www.europesays.com\/no\/wp-json\/wp\/v2\/posts\/14056\/revisions"}],"wp:featuredmedia":[{"embeddable":true,"href":"https:\/\/www.europesays.com\/no\/wp-json\/wp\/v2\/media\/14057"}],"wp:attachment":[{"href":"https:\/\/www.europesays.com\/no\/wp-json\/wp\/v2\/media?parent=14056"}],"wp:term":[{"taxonomy":"category","embeddable":true,"href":"https:\/\/www.europesays.com\/no\/wp-json\/wp\/v2\/categories?post=14056"},{"taxonomy":"post_tag","embeddable":true,"href":"https:\/\/www.europesays.com\/no\/wp-json\/wp\/v2\/tags?post=14056"}],"curies":[{"name":"wp","href":"https:\/\/api.w.org\/{rel}","templated":true}]}}