{"id":140642,"date":"2026-01-18T09:49:14","date_gmt":"2026-01-18T09:49:14","guid":{"rendered":"https:\/\/www.europesays.com\/no\/140642\/"},"modified":"2026-01-18T09:49:14","modified_gmt":"2026-01-18T09:49:14","slug":"vintersport-frikjoring-birk-ruud-vant-for-tredje-ar-i-laax-et-varselskudd-for-ol","status":"publish","type":"post","link":"https:\/\/www.europesays.com\/no\/140642\/","title":{"rendered":"Vintersport, Frikj\u00f8ring | Birk Ruud vant for tredje \u00e5r i Laax: \u2013 Et varselskudd f\u00f8r OL"},"content":{"rendered":"\n<p>Det var f\u00f8rste deltakelse i verdenscupen i slopestyle for Ruud denne sesongen. Ruud vant med ett poeng foran Matej Svancer fra \u00d8sterrike.<\/p>\n<p>\u2013 Det er fantastisk. Det har v\u00e6rt en veldig fin uke, og jeg har kost meg med skikj\u00f8ringen, sier Ruud til NTB.<\/p>\n<p>  <a href=\"https:\/\/www.budstikka.no\/5-55-2186301\" class=\"related-teaser has-image default-story-teaser article--c-eRUmMG article--c-eRUmMG-jKCPdD-design-default\" rel=\"nofollow noopener\" target=\"_blank\"><\/p>\n<p>    <img decoding=\"async\" loading=\"lazy\"  src=\"https:\/\/www.europesays.com\/no\/wp-content\/uploads\/2026\/01\/NTB_TEohhVdtbNA.jpg\" alt=\"\" class=\"brick-c-cFOWSL\" style=\"\"\/><\/p>\n<p>\n            Les ogs\u00e5<\/p>\n<p>              Isak banker p\u00e5 OL-d\u00f8ren etter pallplass\n        <\/p>\n<p>  <\/a><\/p>\n<p>Ruud er regjerende verdensmester i slopestyle. I forrige OL vant han gull i big air.<\/p>\n<p>Evan McEachran fra Canada endte p\u00e5 tredjeplass, men bak ham var det nordmenn \u00aboveralt\u00bb p\u00e5 resultatlisten.<\/p>\n<p>  <a href=\"https:\/\/www.budstikka.no\/5-55-2186231\" class=\"related-teaser has-image default-story-teaser article--c-eRUmMG article--c-eRUmMG-jKCPdD-design-default\" rel=\"nofollow noopener\" target=\"_blank\"><\/p>\n<p>    <img decoding=\"async\" loading=\"lazy\"  src=\"https:\/\/www.europesays.com\/no\/wp-content\/uploads\/2026\/01\/cueres_scp-gxpzjg_gxp7z43j87g.jpg\" alt=\"\" class=\"brick-c-cFOWSL\" style=\"\"\/><\/p>\n<p>\n            Les ogs\u00e5<\/p>\n<p>              Formsterke Fosn\u00e6s tok nytt NM-gull: \u2013 Sier seg selv at hun skal til OL\n        <\/p>\n<p>  <\/a><\/p>\n<p>Sebastian Schjerve ble nummer fire, mens Vebj\u00f8rn Gr\u00e5berg kom p\u00e5 6.-plass. Tormod Frostad ble nummer ni.<\/p>\n<p>\u2013 Dette er et varselskudd f\u00f8r OL i Italia, sier sportssjef Christoffer Scach.<\/p>\n<p>\u2013 Kult \u00e5 ha fire gutter i finalen, hvor alle har mulighet til \u00e5 komme opp p\u00e5 topplasseringer. Birk er som vanlig en maskin og leverer en vill prestasjon med tre strake her, fortsetter han.<\/p>\n<p>OL starter 6. februar. Friskikj\u00f8rerne skal i aksjon i Livigno.<\/p>\n<p>(\u00a9NTB)<\/p>\n<p>  <a href=\"https:\/\/www.budstikka.no\/5-55-2186222\" class=\"related-teaser has-image default-story-teaser article--c-eRUmMG article--c-eRUmMG-jKCPdD-design-default\" rel=\"nofollow noopener\" target=\"_blank\"><\/p>\n<p>    <img decoding=\"async\" loading=\"lazy\"  src=\"https:\/\/www.europesays.com\/no\/wp-content\/uploads\/2026\/01\/cueres_scp-vgtdkarm_8vGTdk-arM4.jpg\" alt=\"\" class=\"brick-c-cFOWSL\" style=\"\"\/><\/p>\n<p>\n            Les ogs\u00e5<\/p>\n<p>              Vickhoff Lie langt bak i Italia \u2013 hjemmeh\u00e5p mot seier\n        <\/p>\n<p>  <\/a><\/p>\n<p>  <a href=\"https:\/\/www.budstikka.no\/5-55-2186213\" class=\"related-teaser has-image default-story-teaser article--c-eRUmMG article--c-eRUmMG-jKCPdD-design-default\" rel=\"nofollow noopener\" target=\"_blank\"><\/p>\n<p>    <img decoding=\"async\" loading=\"lazy\"  src=\"https:\/\/www.europesays.com\/no\/wp-content\/uploads\/2026\/01\/cueres_scp-zqnvyvqydh_zQnvyVqYDH8.jpg\" alt=\"\" class=\"brick-c-cFOWSL\" style=\"\"\/><\/p>\n<p>\n            Les ogs\u00e5<\/p>\n<p>              Hagen med rekordseier i Oberhof \u2013 passerte Hansen\n        <\/p>\n<p>  <\/a><\/p>\n","protected":false},"excerpt":{"rendered":"Det var f\u00f8rste deltakelse i verdenscupen i slopestyle for Ruud denne sesongen. Ruud vant med ett poeng foran&hellip;\n","protected":false},"author":2,"featured_media":140643,"comment_status":"","ping_status":"","sticky":false,"template":"","format":"standard","meta":{"footnotes":"","_share_on_mastodon":"0"},"categories":[59],"tags":[36,9524,15952,30,28,29,15953,83,82,1510,399],"class_list":["post-140642","post","type-post","status-publish","format-standard","has-post-thumbnail","category-sport","tag-art","tag-birk-ruud","tag-frikjoring","tag-no","tag-norge","tag-norway","tag-slopestyle","tag-sport","tag-sports","tag-story","tag-vintersport"],"share_on_mastodon":{"url":"https:\/\/pubeurope.com\/@no\/115915480324698674","error":""},"_links":{"self":[{"href":"https:\/\/www.europesays.com\/no\/wp-json\/wp\/v2\/posts\/140642","targetHints":{"allow":["GET"]}}],"collection":[{"href":"https:\/\/www.europesays.com\/no\/wp-json\/wp\/v2\/posts"}],"about":[{"href":"https:\/\/www.europesays.com\/no\/wp-json\/wp\/v2\/types\/post"}],"author":[{"embeddable":true,"href":"https:\/\/www.europesays.com\/no\/wp-json\/wp\/v2\/users\/2"}],"replies":[{"embeddable":true,"href":"https:\/\/www.europesays.com\/no\/wp-json\/wp\/v2\/comments?post=140642"}],"version-history":[{"count":0,"href":"https:\/\/www.europesays.com\/no\/wp-json\/wp\/v2\/posts\/140642\/revisions"}],"wp:featuredmedia":[{"embeddable":true,"href":"https:\/\/www.europesays.com\/no\/wp-json\/wp\/v2\/media\/140643"}],"wp:attachment":[{"href":"https:\/\/www.europesays.com\/no\/wp-json\/wp\/v2\/media?parent=140642"}],"wp:term":[{"taxonomy":"category","embeddable":true,"href":"https:\/\/www.europesays.com\/no\/wp-json\/wp\/v2\/categories?post=140642"},{"taxonomy":"post_tag","embeddable":true,"href":"https:\/\/www.europesays.com\/no\/wp-json\/wp\/v2\/tags?post=140642"}],"curies":[{"name":"wp","href":"https:\/\/api.w.org\/{rel}","templated":true}]}}