{"id":141148,"date":"2026-01-18T22:20:16","date_gmt":"2026-01-18T22:20:16","guid":{"rendered":"https:\/\/www.europesays.com\/no\/141148\/"},"modified":"2026-01-18T22:20:16","modified_gmt":"2026-01-18T22:20:16","slug":"ute-av-farmen-kjendis-ble-sa-sint-at-jeg-ristet","status":"publish","type":"post","link":"https:\/\/www.europesays.com\/no\/141148\/","title":{"rendered":"Ute av \u00abFarmen kjendis\u00bb: &#8211; Ble s\u00e5 sint at jeg ristet"},"content":{"rendered":"<p>Den andre uken p\u00e5 Fredheim g\u00e5rd er ved veis ende, og i tradisjonen tro, rundes uka av med tvekamp.<\/p>\n<p>    <a itemprop=\"url\" href=\"https:\/\/www.seher.no\/kjendis\/trekker-seg-fra-farmen-kjendis\/84084561\" rel=\"nofollow noopener\" target=\"_blank\"><\/p>\n<p>        <img loading=\"lazy\" decoding=\"async\" src=\"https:\/\/www.europesays.com\/no\/wp-content\/uploads\/2026\/01\/1768774809_768_84055679.webp.webp\" width=\"980\" height=\"441\" title=\"N\u00c5: Trekker seg\" alt=\"\" class=\"lazyload\" style=\"--aspect-ratio-image: 2.22; \"\/><\/p>\n<p>        N\u00c5: Trekker seg<\/p>\n<p>    <\/a><\/p>\n<p class=\"font-weight-bold m-font-weight-bold\" data-lab-font_weight=\"font-weight-bold\">I kveldens episode blir Peder Braastad valgt til f\u00f8rstekjempe,\u00a0 hvor 30-\u00e5ringen tar med seg andrekjempe Kim Kolstad (55) inn i \u00abringen\u00bb.\u00a0<\/p>\n<p>Og etter nervepirrende runder med balanse som gren, blir det g\u00e5rdsgutten fra Hedmark som m\u00e5 takke for seg.\u00a0<\/p>\n<p>        \u00abFARMEN KJENDIS\u00bb: S\u00f8lje Bergmann forteller historien bak det ikoniske \u00f8yeblikket. Video: \u00abFarmen kjendis\u00bb\/TV 2, R\u00f8d L\u00f8per\/Nora Skavhaug<\/p>\n<p>&#8211; Skuffa\t<\/p>\n<p>&#8211; Jeg ble s\u00e5 sint at jeg ristet. Jeg klarte verken snakke eller smile p\u00e5 fem timer!<\/p>\n<p>Det utbryter Peder til Se og H\u00f8r. I full dress gestikulerer han med hendene og prater engasjert.\u00a0<\/p>\n<p>        <img loading=\"lazy\" decoding=\"async\" src=\"https:\/\/www.europesays.com\/no\/wp-content\/uploads\/2026\/01\/83895964.webp.webp\" width=\"667\" height=\"641\" title=\"SKUFFET OVER EGEN PRESTASJON: Peder trodde han skulle gj\u00f8re det bedre i \u00abFarmen\u00bb-tvekampen. Foto: Andreas Fadum \/ Se og H\u00f8r\" alt=\"\" class=\"\" style=\"--aspect-ratio-image: 1.04; \"\/><\/p>\n<p>\n        SKUFFET OVER EGEN PRESTASJON: Peder trodde han skulle gj\u00f8re det bedre i \u00abFarmen\u00bb-tvekampen. Foto: Andreas Fadum \/ Se og H\u00f8r\n    <\/p>\n<p class=\"font-weight-bold m-font-weight-bold\" data-lab-font_weight=\"font-weight-bold\">Fortsatt kan han kjenne f\u00f8lelsene utenp\u00e5 kroppen n\u00e5r han snakker om tvekampen med Kim:<\/p>\n<p class=\"font-weight-normal m-font-weight-normal\" data-lab-font_weight=\"font-weight-normal\">&#8211; Jeg er skuffet over meg selv og overrasket over hvilken grad ting gikk til hodet mitt.<\/p>\n<p>        ROMANSERYKTER: Sondre Sundby har endelig f\u00e5tt seg kj\u00e6reste, men r\u00f8per at dama kan bli sjalu p\u00e5 forholdet hans til \u00abFarmen kjendis\u00bb-kollegaen. Reporter: Thea Hope\/Nora Skavhaug. Video: Sanne Holt\/ TV 2\/ R\u00f8d L\u00f8per<\/p>\n<p>Peder forteller at han trodde han var sikker under s\u00f8ndagens episode. Det er grunnen til at han valgte \u00e5 ikke bruke immunitetskniven han hadde i bakh\u00e5nd.\u00a0<\/p>\n<p class=\"font-weight-bold m-font-weight-bold\" data-lab-font_weight=\"font-weight-bold\">&#8211; Hadde jeg bare lagt ned den kniven (&#8230;), mumler g\u00e5rdsgutten, og stryker h\u00e5nda gjennom h\u00e5ret.\u00a0<\/p>\n<p>&#8211; Da hadde jeg v\u00e6rt sikret p\u00e5 g\u00e5rden i en uke til!\u00a0<\/p>\n<p>    <a itemprop=\"url\" href=\"https:\/\/www.seher.no\/kjendis\/fikk-ikke-lese-kommentarene\/84104392\" rel=\"nofollow noopener\" target=\"_blank\"><\/p>\n<p>        <img loading=\"lazy\" decoding=\"async\" src=\"https:\/\/www.europesays.com\/no\/wp-content\/uploads\/2026\/01\/84105122.webp.webp\" width=\"147\" height=\"98\" title=\"- Fikk ikke lese kommentarene\" alt=\"\" class=\"lazyload\" style=\"--aspect-ratio-image: 1.50; \"\/><\/p>\n<p>        &#8211; Fikk ikke lese kommentarene<\/p>\n<p>    <\/a><\/p>\n<p>&#8211; Kunne sl\u00e5tt ut Kim\t<\/p>\n<p>30-\u00e5ringen sier han hadde snakket med storbonde Jonas tidligere i uken, og at han da skal ha f\u00e5tt beskjed om at han ikke blir valgt ut til f\u00f8rstekjempe.<\/p>\n<p class=\"font-weight-bold m-font-weight-bold\" data-lab-font_weight=\"font-weight-bold\">&#8211; Jeg f\u00f8lte meg s\u00e5 sikker. Jeg trodde oppriktig ikke at jeg skulle bli valgt f\u00f8rst, s\u00e5 jeg lot kniven ligge.\u00a0<\/p>\n<p>        <img loading=\"lazy\" decoding=\"async\" src=\"https:\/\/www.europesays.com\/no\/wp-content\/uploads\/2026\/01\/84055744.webp.webp\" width=\"667\" height=\"581\" title=\"LA SLAGPLAN: Peder r\u00f8per at han hadde en plan for s\u00f8ndagens tvekamp. S\u00e5 gikk ingenting som det skulle. Foto: Andreas Fadum \/ Se og H\u00f8r.\" alt=\"\" class=\"\" style=\"--aspect-ratio-image: 1.15; \"\/><\/p>\n<p>\n        LA SLAGPLAN: Peder r\u00f8per at han hadde en plan for s\u00f8ndagens tvekamp. S\u00e5 gikk ingenting som det skulle. Foto: Andreas Fadum \/ Se og H\u00f8r.\n    <\/p>\n<p class=\"italic m-italic\" data-lab-italic=\"italic\">&#8211; Hva hadde du trodd skulle skje, da?<\/p>\n<p>&#8211; Jeg antok at jeg skulle bli andrekjempe! Da kunne jeg valgt gren, sl\u00e5tt ut Kim eller hvem enn som hadde blitt valgt f\u00f8rst &#8211; og s\u00e5 kunne jeg brukt immunitetskniven uken etter. Det var planen.\u00a0<\/p>\n<p>        FORBANNA: Det ble d\u00e5rlig stemning da \u00abFarmen kjendis\u00bb-deltakerne oppdaget hva innbruddstyvene hadde tatt med seg. Reporter: Nora Skavhaug. Video: Sanne Holt\/ TV 2\/ R\u00f8d L\u00f8per<\/p>\n<p>Hedmarkingen sier han hadde hatt bedre vinnersjanse som f\u00f8rstekjempe:<\/p>\n<p>&#8211; Uavhengig av hvem som hadde blitt f\u00f8rstekjempe, hadde jeg tatt slegge eller saging &#8211; og jeg kunne nok vunnet p\u00e5 d\u00e9t. Det fysiske. Jeg hadde vunnet p\u00e5 t\u00f8mmerstokk ogs\u00e5, tror jeg!\u00a0<\/p>\n<p>        <img loading=\"lazy\" decoding=\"async\" src=\"https:\/\/www.europesays.com\/no\/wp-content\/uploads\/2026\/01\/84108693.webp.webp\" width=\"667\" height=\"474\" title=\"\u00c5RETS DELTAKERE: F.v.b: Jonas Lihaug Fredriksen (36), Heidi R\u00f8neid (42), Henriette Lien (55), Kim Kolstad (55), programleder Dorthe Skappel (64), Sondre Sundby (34), Karsten Blomvik (31), Fritz Aanes (47) , Stinius Maurstad (31) og mamma Mari Maurstad (68), Victoria Frostmann Skau (26), Trude Vasstrand (61), Kristine Arntzen (29) og Peder Braastad (30). Foto: Andreas Fadum \/ Se og H\u00f8r.\" alt=\"\" class=\"\" style=\"--aspect-ratio-image: 1.41; \"\/><\/p>\n<p>\n        \u00c5RETS DELTAKERE: F.v.b: Jonas Lihaug Fredriksen (36), Heidi R\u00f8neid (42), Henriette Lien (55), Kim Kolstad (55), programleder Dorthe Skappel (64), Sondre Sundby (34), Karsten Blomvik (31), Fritz Aanes (47) , Stinius Maurstad (31) og mamma Mari Maurstad (68), Victoria Frostmann Skau (26), Trude Vasstrand (61), Kristine Arntzen (29) og Peder Braastad (30). Foto: Andreas Fadum \/ Se og H\u00f8r.\n    <\/p>\n<p>Hadde \u00abbucketlist\u00bb\t<\/p>\n<p>Kim valgte derimot balanse-grenen, og der kom Peder til kort.<\/p>\n<p>&#8211; Jeg trodde faktisk jeg skulle vinne der ogs\u00e5. Jeg sto jo s\u00e5 st\u00f8dig til \u00e5 begynne med (&#8230;), sier 30-\u00e5ringen og trekker p\u00e5 smileb\u00e5ndet.<\/p>\n<p>    <a itemprop=\"url\" href=\"https:\/\/www.seher.no\/kjendis\/boble-av-negative-folelser\/84060614\" rel=\"nofollow noopener\" target=\"_blank\"><\/p>\n<p>        <img loading=\"lazy\" decoding=\"async\" src=\"https:\/\/www.europesays.com\/no\/wp-content\/uploads\/2026\/01\/1768774816_773_84055679.webp.webp\" width=\"147\" height=\"98\" title=\"- Boble av negative f\u00f8lelser\" alt=\"\" class=\"lazyload\" style=\"--aspect-ratio-image: 1.50; \"\/><\/p>\n<p>        &#8211; Boble av negative f\u00f8lelser<\/p>\n<p>    <\/a><\/p>\n<p>Til tross for at den tidligere \u00abJakten p\u00e5 kj\u00e6rligheten\u00bb-profilen er lite forn\u00f8yd med \u00e5 ha r\u00f8ket ut, er han glad for alt han har f\u00e5tt oppleve p\u00e5 \u00abFarmen\u00bb-g\u00e5rden.<\/p>\n<p>        \u00abFARMEN KJENDIS\u00bb: Sondre Sundby forteller at han holdt p\u00e5 \u00e5 g\u00e5 i krisemodus f\u00f8rste uken p\u00e5 \u00abFarmen kjendis\u00bb p\u00e5 grunn av dette. Video: \u00abFarmen kjendis\u00bb\/TV 2, R\u00f8d L\u00f8per\/Nora Skavhaug<\/p>\n<p>&#8211; Jeg hadde en liste over ting jeg ville f\u00e5 til der inne, sier han og ramser opp:<\/p>\n<ul>\n<li class=\"lab-bodytext-line\">Bli storbonde \u2705<\/li>\n<li class=\"lab-bodytext-line\">F\u00e5 dra p\u00e5 marked \u2705<\/li>\n<li class=\"lab-bodytext-line\">Sitte igjen med \u00abFarmen\u00bb-kniv \u2705<\/li>\n<li class=\"lab-bodytext-line\">V\u00e6re med i tvekamp \u2705 <\/li>\n<li class=\"lab-bodytext-line\">Vinne tvekamp \u274c<\/li>\n<\/ul>\n<p>&#8211; Jeg har v\u00e6rt med p\u00e5 tidenes opplevelse, hvor jeg har m\u00f8tt masse fine folk. S\u00e5 jeg er absolutt forn\u00f8yd, sier han blidt:<\/p>\n<p>&#8211; N\u00e5 er jeg dessuten mer enn klar for \u00e5 kjempe meg inn igjen via \u00abTorpet\u00bb!\u00a0<\/p>\n","protected":false},"excerpt":{"rendered":"Den andre uken p\u00e5 Fredheim g\u00e5rd er ved veis ende, og i tradisjonen tro, rundes uka av med&hellip;\n","protected":false},"author":2,"featured_media":141149,"comment_status":"","ping_status":"","sticky":false,"template":"","format":"standard","meta":{"footnotes":"","_share_on_mastodon":"0"},"categories":[58],"tags":[71,206,9467,231,15065,479,2543,30,28,29,15988,2587,15992,12942,72],"class_list":["post-141148","post","type-post","status-publish","format-standard","has-post-thumbnail","category-underholdning","tag-entertainment","tag-farmen","tag-farmen-kjendis","tag-jakten-pa-kjaerligheten","tag-kim-kolstad","tag-kjendis","tag-kjendisdesken","tag-no","tag-norge","tag-norway","tag-peder-braastad","tag-reality","tag-torpet","tag-torpet-kjendis","tag-underholdning"],"share_on_mastodon":{"url":"https:\/\/pubeurope.com\/@no\/115918433417170341","error":""},"_links":{"self":[{"href":"https:\/\/www.europesays.com\/no\/wp-json\/wp\/v2\/posts\/141148","targetHints":{"allow":["GET"]}}],"collection":[{"href":"https:\/\/www.europesays.com\/no\/wp-json\/wp\/v2\/posts"}],"about":[{"href":"https:\/\/www.europesays.com\/no\/wp-json\/wp\/v2\/types\/post"}],"author":[{"embeddable":true,"href":"https:\/\/www.europesays.com\/no\/wp-json\/wp\/v2\/users\/2"}],"replies":[{"embeddable":true,"href":"https:\/\/www.europesays.com\/no\/wp-json\/wp\/v2\/comments?post=141148"}],"version-history":[{"count":0,"href":"https:\/\/www.europesays.com\/no\/wp-json\/wp\/v2\/posts\/141148\/revisions"}],"wp:featuredmedia":[{"embeddable":true,"href":"https:\/\/www.europesays.com\/no\/wp-json\/wp\/v2\/media\/141149"}],"wp:attachment":[{"href":"https:\/\/www.europesays.com\/no\/wp-json\/wp\/v2\/media?parent=141148"}],"wp:term":[{"taxonomy":"category","embeddable":true,"href":"https:\/\/www.europesays.com\/no\/wp-json\/wp\/v2\/categories?post=141148"},{"taxonomy":"post_tag","embeddable":true,"href":"https:\/\/www.europesays.com\/no\/wp-json\/wp\/v2\/tags?post=141148"}],"curies":[{"name":"wp","href":"https:\/\/api.w.org\/{rel}","templated":true}]}}