{"id":141154,"date":"2026-01-18T22:28:13","date_gmt":"2026-01-18T22:28:13","guid":{"rendered":"https:\/\/www.europesays.com\/no\/141154\/"},"modified":"2026-01-18T22:28:13","modified_gmt":"2026-01-18T22:28:13","slug":"ble-sa-sint-at-jeg-ristet","status":"publish","type":"post","link":"https:\/\/www.europesays.com\/no\/141154\/","title":{"rendered":"&#8211; Ble s\u00e5 sint at jeg ristet"},"content":{"rendered":"<p class=\"kicker \" style=\"\">\u00abFarmen kjendis\u00bb:\u00a0<\/p>\n<p>    Nok en deltaker har takket for seg p\u00e5 Fredheim g\u00e5rd &#8211; men \u00abexiten\u00bb gikk ikke plettfritt: &#8211; Klarte verken \u00e5 snakke eller smile p\u00e5 fem timer!\u00a0<\/p>\n<p>\n    \u00c5RETS DELTAKERE: F.v.b: Jonas Lihaug Fredriksen (36), Heidi R\u00f8neid (42), Henriette Lien (55), Kim Kolstad (55), programleder Dorthe Skappel (64), Sondre Sundby (34), Karsten Blomvik (31), Fritz Aanes (47) , Stinius Maurstad (31) og mamma Mari Maurstad (68), Victoria Frostmann Skau (26), Trude Vasstrand (61), Kristine Arntzen (29) og Peder Braastad (30). Foto: Andreas Fadum \/ Se og H\u00f8r.\n  <\/p>\n<p class=\"italic m-italic\" data-lab-italic=\"italic\">OBS! Denne artikkelen omtaler hendelser fra s\u00f8ndagens episode av \u00abFarmen kjendis\u00bb.<\/p>\n<p>Den andre uka p\u00e5 Fredheim g\u00e5rd er ved veis ende, og i tradisjonen tro, rundes uka av med tvekamp.<\/p>\n<p class=\"font-weight-bold m-font-weight-bold\" data-lab-font_weight=\"font-weight-bold\">I kveldens episode blir Peder Braastad valgt til f\u00f8rstekjempe, hvor 30-\u00e5ringen tar med seg andrekjempe Kim Kolstad (55) inn i \u00abringen\u00bb.\u00a0<\/p>\n<p>Og etter nervepirrende runder med balanse som gren, blir det g\u00e5rdsgutten fra Hedmark som m\u00e5 takke for seg.\u00a0<\/p>\n<p>&#8211; Skuffa\t<\/p>\n<p>&#8211; Jeg ble s\u00e5 sint at jeg ristet. Jeg klarte verken snakke eller smile p\u00e5 fem timer!<\/p>\n<p>Det utbryter Peder Braastad til Dagbladet. I full dress gestikulerer han med hendene og prater engasjert.\u00a0<\/p>\n<p>    <a itemprop=\"url\" href=\"https:\/\/www.dagbladet.no\/kjendis\/pa-privat-tur-i-utlandet\/84108266\" rel=\"nofollow noopener\" target=\"_blank\"><\/p>\n<p>        <img loading=\"lazy\" decoding=\"async\" src=\"https:\/\/www.europesays.com\/no\/wp-content\/uploads\/2026\/01\/1768775288_288_84108115.webp.webp\" width=\"980\" height=\"441\" title=\"P\u00e5 privat tur i utlandet\" alt=\"\" class=\"lazyload\" style=\"--aspect-ratio-image: 2.22; \"\/><\/p>\n<p>        P\u00e5 privat tur i utlandet<\/p>\n<p>    <\/a><\/p>\n<p class=\"font-weight-bold m-font-weight-bold\" data-lab-font_weight=\"font-weight-bold\">Fortsatt kan han kjenne f\u00f8lelsene utenp\u00e5 kroppen n\u00e5r han snakker om tvekampen med Kolstad:<\/p>\n<p class=\"font-weight-normal m-font-weight-normal\" data-lab-font_weight=\"font-weight-normal\">&#8211; Jeg er skuffa over meg selv og overrasket over hvilken grad ting gikk til hodet mitt.<\/p>\n<p>        <img loading=\"lazy\" decoding=\"async\" src=\"https:\/\/www.europesays.com\/no\/wp-content\/uploads\/2026\/01\/1768775289_850_83895964.webp.webp\" width=\"980\" height=\"559\" title=\"SKUFFET OVER EGEN PRESTASJON: Peder trodde han skulle gj\u00f8re det bedre i \u00abFarmen\u00bb-tvekampen. Foto: Andreas Fadum \/ Se og H\u00f8r\" alt=\"\" class=\"\" style=\"--aspect-ratio-image: 1.75; \"\/><\/p>\n<p>\n        SKUFFET OVER EGEN PRESTASJON: Peder trodde han skulle gj\u00f8re det bedre i \u00abFarmen\u00bb-tvekampen. Foto: Andreas Fadum \/ Se og H\u00f8r\n    <\/p>\n<p>Braastad forteller at han trodde han var sikker under s\u00f8ndagens episode. Det er grunnen til at han valgte \u00e5 ikke bruke immunitetskniven han hadde i bakh\u00e5nd.\u00a0<\/p>\n<p class=\"font-weight-bold m-font-weight-bold\" data-lab-font_weight=\"font-weight-bold\">&#8211; Hadde jeg bare lagt ned den kniven (&#8230;), mumler g\u00e5rdsgutten, og stryker h\u00e5nda gjennom h\u00e5ret.\u00a0<\/p>\n<p>&#8211; Da hadde jeg v\u00e6rt sikret p\u00e5 g\u00e5rden i ei uke til!\u00a0<\/p>\n<p>        FORBANNA: Det ble d\u00e5rlig stemning da \u00abFarmen kjendis\u00bb-deltakerne oppdaget hva innbruddstyvene hadde tatt med seg. Reporter: Nora Skavhaug. Video: Sanne Holt\/ TV 2\/ R\u00f8d L\u00f8per<\/p>\n<p>&#8211; Kunne sl\u00e5tt ut Kim\t<\/p>\n<p>30-\u00e5ringen sier han hadde snakket med storbonde Jonas tidligere i uka, og at han da skal ha f\u00e5tt beskjed om at han ikke blir valgt ut til f\u00f8rstekjempe.<\/p>\n<p class=\"font-weight-bold m-font-weight-bold\" data-lab-font_weight=\"font-weight-bold\">&#8211; Jeg f\u00f8lte meg s\u00e5 sikker. Jeg trodde oppriktig ikke at jeg skulle bli valgt f\u00f8rst, s\u00e5 jeg lot kniven ligge.\u00a0<\/p>\n<p>    <a itemprop=\"url\" href=\"https:\/\/www.dagbladet.no\/kjendis\/jeg-savner-ham\/84105805\" rel=\"nofollow noopener\" target=\"_blank\"><\/p>\n<p>        <img loading=\"lazy\" decoding=\"async\" src=\"https:\/\/www.europesays.com\/no\/wp-content\/uploads\/2026\/01\/1768775290_786_84105832.webp.webp\" width=\"980\" height=\"441\" title=\"- Jeg savner ham\" alt=\"\" class=\"lazyload\" style=\"--aspect-ratio-image: 2.22; \"\/><\/p>\n<p>        &#8211; Jeg savner ham<\/p>\n<p>    <\/a><\/p>\n<p class=\"italic m-italic\" data-lab-italic=\"italic\">&#8211; Hva hadde du trodd skulle skje, da?<\/p>\n<p>&#8211; Jeg antok at jeg skulle bli andrekjempe! Da kunne jeg valgt gren, sl\u00e5tt ut Kim eller hvem enn som hadde blitt valgt f\u00f8rst &#8211; og s\u00e5 kunne jeg brukt immunitetskniven uka etter. Det var planen.\u00a0<\/p>\n<p>        <img loading=\"lazy\" decoding=\"async\" src=\"https:\/\/www.europesays.com\/no\/wp-content\/uploads\/2026\/01\/1768775292_287_84055744.webp.webp\" width=\"980\" height=\"559\" title=\"LA SLAGPLAN: Braastad r\u00f8per at han hadde en plan for s\u00f8ndagens tvekamp. S\u00e5 gikk ingenting som det skulle. Foto: Andreas Fadum \/ Se og H\u00f8r.\" alt=\"\" class=\"\" style=\"--aspect-ratio-image: 1.75; \"\/><\/p>\n<p>\n        LA SLAGPLAN: Braastad r\u00f8per at han hadde en plan for s\u00f8ndagens tvekamp. S\u00e5 gikk ingenting som det skulle. Foto: Andreas Fadum \/ Se og H\u00f8r.\n    <\/p>\n<p>Hedmarkingen sier han hadde hatt bedre vinnersjanse som f\u00f8rstekjempe:<\/p>\n<p>&#8211; Uavhengig av hvem som hadde blitt f\u00f8rstekjempe, hadde jeg tatt slegge eller saging &#8211; og jeg kunne nok vunnet p\u00e5 d\u00e9t. Det fysiske. Jeg hadde vunnet p\u00e5 t\u00f8mmerstokk ogs\u00e5, tror jeg!\u00a0<\/p>\n<p>Hadde \u00abbucketlist\u00bb\t<\/p>\n<p>Kim Kolstad valgte imidlertid balanse-grenen, og der kom Braastad til kort.<\/p>\n<p>&#8211; Jeg trodde faktisk jeg skulle vinne der ogs\u00e5. Jeg sto jo s\u00e5 st\u00f8dig til \u00e5 begynne med (&#8230;), sier 30-\u00e5ringen og trekker p\u00e5 smileb\u00e5ndet.<\/p>\n<p>    <a itemprop=\"url\" href=\"https:\/\/www.dagbladet.no\/kjendis\/det-var-ekstreme-fall\/84104410\" rel=\"nofollow noopener\" target=\"_blank\"><\/p>\n<p>        <img loading=\"lazy\" decoding=\"async\" src=\"https:\/\/www.europesays.com\/no\/wp-content\/uploads\/2026\/01\/1768775293_78_84104363.webp.webp\" width=\"980\" height=\"441\" title=\"- Det var ekstreme fall\" alt=\"\" class=\"lazyload\" style=\"--aspect-ratio-image: 2.22; \"\/><\/p>\n<p>        &#8211; Det var ekstreme fall<\/p>\n<p>    <\/a><\/p>\n<p>Til tross for at den tidligere \u00abJakten p\u00e5 kj\u00e6rligheten\u00bb-profilen er lite forn\u00f8yd med \u00e5 ha r\u00f8ket ut, er han glad for alt han har f\u00e5tt oppleve p\u00e5 \u00abFarmen\u00bb-g\u00e5rden.<\/p>\n<p>        \u00abFARMEN KJENDIS\u00bb: Produksjonen ga deltakerne streng beskjed om dette f\u00f8r de ankom g\u00e5rden. Video: \u00abFarmen kjendis\u00bb\/TV 2, R\u00f8d L\u00f8per\/Nora Skavhaug<\/p>\n<p>&#8211; Jeg hadde en liste over ting jeg ville f\u00e5 til der inne, sier han og ramser opp:<\/p>\n<ul>\n<li class=\"lab-bodytext-line\">Bli storbonde \u2705<\/li>\n<li class=\"lab-bodytext-line\">F\u00e5 dra p\u00e5 marked \u2705<\/li>\n<li class=\"lab-bodytext-line\">Sitte igjen med \u00abFarmen\u00bb-kniv \u2705<\/li>\n<li class=\"lab-bodytext-line\">V\u00e6re med i tvekamp \u2705 <\/li>\n<li class=\"lab-bodytext-line\">Vinne tvekamp \u274c<\/li>\n<\/ul>\n<p>&#8211; Jeg har v\u00e6rt med p\u00e5 tidenes opplevelse, hvor jeg har m\u00f8tt masse fine folk. S\u00e5 jeg er absolutt forn\u00f8yd, sier han blidt:<\/p>\n<p>&#8211; N\u00e5 er jeg dessuten mer enn klar for \u00e5 kjempe meg inn igjen via \u00abTorpet\u00bb!\u00a0<\/p>\n","protected":false},"excerpt":{"rendered":"\u00abFarmen kjendis\u00bb:\u00a0 Nok en deltaker har takket for seg p\u00e5 Fredheim g\u00e5rd &#8211; men \u00abexiten\u00bb gikk ikke plettfritt:&hellip;\n","protected":false},"author":2,"featured_media":141155,"comment_status":"","ping_status":"","sticky":false,"template":"","format":"standard","meta":{"footnotes":"","_share_on_mastodon":"0"},"categories":[5],"tags":[15993,20,21,206,9467,24,25,15,19,231,479,22,23,17,18,13,30,28,29,14,16,2587,26,27,15992,12942,208,1130],"class_list":["post-141154","post","type-post","status-publish","format-standard","has-post-thumbnail","category-overskrifter","tag-bonderomantikk","tag-breaking-news","tag-breakingnews","tag-farmen","tag-farmen-kjendis","tag-featured-news","tag-featurednews","tag-headlines","tag-hovedoppslag","tag-jakten-pa-kjaerligheten","tag-kjendis","tag-latest-news","tag-latestnews","tag-main-news","tag-mainnews","tag-news","tag-no","tag-norge","tag-norway","tag-nyheter","tag-overskrifter","tag-reality","tag-top-stories","tag-topstories","tag-torpet","tag-torpet-kjendis","tag-tv-2","tag-tv2"],"share_on_mastodon":{"url":"https:\/\/pubeurope.com\/@no\/115918464954591445","error":""},"_links":{"self":[{"href":"https:\/\/www.europesays.com\/no\/wp-json\/wp\/v2\/posts\/141154","targetHints":{"allow":["GET"]}}],"collection":[{"href":"https:\/\/www.europesays.com\/no\/wp-json\/wp\/v2\/posts"}],"about":[{"href":"https:\/\/www.europesays.com\/no\/wp-json\/wp\/v2\/types\/post"}],"author":[{"embeddable":true,"href":"https:\/\/www.europesays.com\/no\/wp-json\/wp\/v2\/users\/2"}],"replies":[{"embeddable":true,"href":"https:\/\/www.europesays.com\/no\/wp-json\/wp\/v2\/comments?post=141154"}],"version-history":[{"count":0,"href":"https:\/\/www.europesays.com\/no\/wp-json\/wp\/v2\/posts\/141154\/revisions"}],"wp:featuredmedia":[{"embeddable":true,"href":"https:\/\/www.europesays.com\/no\/wp-json\/wp\/v2\/media\/141155"}],"wp:attachment":[{"href":"https:\/\/www.europesays.com\/no\/wp-json\/wp\/v2\/media?parent=141154"}],"wp:term":[{"taxonomy":"category","embeddable":true,"href":"https:\/\/www.europesays.com\/no\/wp-json\/wp\/v2\/categories?post=141154"},{"taxonomy":"post_tag","embeddable":true,"href":"https:\/\/www.europesays.com\/no\/wp-json\/wp\/v2\/tags?post=141154"}],"curies":[{"name":"wp","href":"https:\/\/api.w.org\/{rel}","templated":true}]}}