{"id":14123,"date":"2025-08-21T11:07:10","date_gmt":"2025-08-21T11:07:10","guid":{"rendered":"https:\/\/www.europesays.com\/no\/14123\/"},"modified":"2025-08-21T11:07:10","modified_gmt":"2025-08-21T11:07:10","slug":"anmeldelse-together","status":"publish","type":"post","link":"https:\/\/www.europesays.com\/no\/14123\/","title":{"rendered":"Anmeldelse \u00abTogether\u00bb"},"content":{"rendered":"<p>   \u00abTogether\u00bb<\/p>\n<p class=\"_paragraph_1bvmi_4 _paragraph_xtcu6_10 _paragraph_16v91_10 layout-component text-serif-m layout-normal text-sans-m layout-padded\">Med: Dave Franco, Alison Brie, Damon Herriman, Mia Morrissey<\/p>\n<p class=\"_paragraph_1bvmi_4 _paragraph_xtcu6_10 _paragraph_16v91_10 layout-component text-serif-m layout-normal text-sans-m layout-padded\">Regi: Michael Shanks<\/p>\n<p class=\"_paragraph_1bvmi_4 _paragraph_xtcu6_10 _paragraph_16v91_10 layout-component text-serif-m layout-normal text-sans-m layout-padded\">Premiere p\u00e5 kino fredag 22. august<\/p>\n<p class=\"_paragraph_1bvmi_4 _paragraph_xtcu6_10 _paragraph_16v91_10 layout-component text-serif-m layout-normal text-sans-m layout-padded\">Kroppshorror. USA. 15 \u00e5r. 1 time og 42 minutter<\/p>\n<p>Vis mer<\/p>\n<p class=\"_paragraph_1bvmi_4 _paragraph_xtcu6_10 layout-component text-serif-m layout-normal text-serif-m layout-padded\">P\u00e5 1980- og 90-tallet var horror- og skrekkfilmer prim\u00e6rt noe for ten\u00e5ringer. Den viktigste jobben de gjorde, var \u00e5 bringe hormonelle mennesker \u00abn\u00e6rmere hverandre\u00bb i kinosalen.<\/p>\n<p class=\"_paragraph_1bvmi_4 _paragraph_xtcu6_10 layout-component text-serif-m layout-normal text-serif-m layout-padded\">I l\u00f8pet av de siste par ti\u00e5rene er bildet blitt mer mangefasettert. \u00ab<a href=\"https:\/\/www.vg.no\/rampelys\/i\/kJGQbL\/filmanmeldelse-the-lighthouse-galskap-i-havgapet\" data-track-element-type=\"Link\" data-track-id=\"link:kJGQbL\" class=\"_link_1bvmi_39\" rel=\"nofollow noopener\" target=\"_blank\">Elevert horror<\/a>\u00bb \u2013 skrekkfilm med <a href=\"https:\/\/www.vg.no\/rampelys\/i\/Avqbl5\/anmeldelse-nosferatu-guffen\" data-track-element-type=\"Link\" data-track-id=\"link:Avqbl5\" class=\"_link_1bvmi_39\" rel=\"nofollow noopener\" target=\"_blank\">h\u00f8ye kunsteriske ambisjoner<\/a> \u2013 er blitt et begrep (se <a href=\"https:\/\/www.vg.no\/rampelys\/i\/VR3G2r\/filmanmeldelse-hereditary-slekten-er-verst\" data-track-element-type=\"Link\" data-track-id=\"link:VR3G2r\" class=\"_link_1bvmi_39\" rel=\"nofollow noopener\" target=\"_blank\">Ari Asters samlede verker<\/a>). Horror med <a href=\"https:\/\/www.vg.no\/rampelys\/i\/vg3yww\/filmanmeldelse-the-substance-spinnvill-feminisme\" data-track-element-type=\"Link\" data-track-id=\"link:vg3yww\" class=\"_link_1bvmi_39\" rel=\"nofollow noopener\" target=\"_blank\">satirisk og samfunnsengasjert brodd<\/a>, er blitt gledelig vanlig (<a href=\"https:\/\/www.vg.no\/rampelys\/i\/Oo2Ax1\/anmeldelse-den-stygge-stesoesteren\" data-track-element-type=\"Link\" data-track-id=\"link:Oo2Ax1\" class=\"_link_1bvmi_39\" rel=\"nofollow noopener\" target=\"_blank\">til og med i Norge<\/a>). (Se <a href=\"https:\/\/www.vg.no\/rampelys\/i\/OpmzWA\/filmanmeldelse-midsommar-svenske-tilstander\" data-track-element-type=\"Link\" data-track-id=\"link:OpmzWA\" class=\"_link_1bvmi_39\" rel=\"nofollow noopener\" target=\"_blank\">Ari Asters samlede verker<\/a> igjen).<\/p>\n<p class=\"_paragraph_1bvmi_4 _paragraph_xtcu6_10 layout-component text-serif-m layout-normal text-serif-m layout-padded\">Vi har jammen f\u00e5tt familiefilm-horror ogs\u00e5, i form av ekteparet John Kransinski og Emily Blunts \u00ab<a href=\"https:\/\/www.vg.no\/rampelys\/i\/ddpv2O\/filmanmeldelse-a-quiet-place-taushet-er-gull\" data-track-element-type=\"Link\" data-track-id=\"link:ddpv2O\" class=\"_link_1bvmi_39\" rel=\"nofollow noopener\" target=\"_blank\">A Quiet Place<\/a>\u00bb-trilogi. Tre gnistrende \u00abb\u00f8!\u00bb-filmer som handler om noe s\u00e5 voksent som omsorgsevne.<\/p>\n<p><img alt=\"IKKE S\u00c5 G\u00d8Y P\u00c5 LANDET: Alison Brie (til venstre) og Dave Franco i \u00abTogether\u00bb.  Foto: Ben King \/ SF Studios\" class=\"_image_qp4xg_65 layout-component layout-normal\" data-fullscreen- data-track-element-type=\"Article image fullscreen\" data-track-name=\"ImageFullscreen\" decoding=\"async\" loading=\"lazy\" height=\"1067\" itemprop=\"image\"  src=\"https:\/\/www.europesays.com\/no\/wp-content\/uploads\/2025\/08\/c595fbe1-a23f-4840-99d8-03d7615c51c1\"  style=\"object-position:51.46875% 68.55670103092784%\" width=\"1600\"\/>IKKE S\u00c5 G\u00d8Y P\u00c5 LANDET: Alison Brie (til venstre) og Dave Franco i \u00abTogether\u00bb.  Foto: Ben King \/ SF Studios<\/p>\n<p class=\"_paragraph_1bvmi_4 _paragraph_xtcu6_10 layout-component text-serif-m layout-normal text-serif-m layout-padded\">I australske Michael Shanks \u00abTogether\u00bb er det et annet voksent par som bidrar med \u00abmeta-narrativet\u00bb. Nemlig <a href=\"https:\/\/www.vg.no\/rampelys\/i\/RRJ5Gr\/filmanmeldelse-the-rental-bondeanger-og-en-blodig-hammer\" data-track-element-type=\"Link\" data-track-id=\"link:RRJ5Gr\" class=\"_link_1bvmi_39\" rel=\"nofollow noopener\" target=\"_blank\">Alison Brie og Dave Franco<\/a>, som er gode ektefolk i det virkelige liv. At Shanks\u2019 film er s\u00e5pass interessant som den er, skyldes de to.<\/p>\n<p class=\"_paragraph_1bvmi_4 _paragraph_xtcu6_10 layout-component text-serif-m layout-normal text-serif-m layout-padded\">Millie (Brie) og Tim (Franco) har v\u00e6rt kj\u00e6rester i 10 \u00e5r, og er n\u00e5 s\u00e5 komfortable og bedagelige i tosomheten at de har begynt \u00e5 ta hverandre for gitt. De er ikke gift, har ikke barn, og har ikke hatt sex p\u00e5 m\u00e5neder. De trenger et stort, felles prosjekt \u2013 et spark i r\u00e6va \u2013 og Millie mener hun har funnet et:<\/p>\n<p class=\"_paragraph_1bvmi_4 _paragraph_xtcu6_10 layout-component text-serif-m layout-normal text-serif-m layout-padded\">Hva med \u00e5 flytte ut p\u00e5 landet, der Millie har f\u00e5tt tilbud om en l\u00e6rerjobb? (Tim er en mislykket musiker, og kan strengt tatt sitte og dille med gitaren og laptopen sin hvor som helst).<\/p>\n<p class=\"_paragraph_1bvmi_4 _paragraph_xtcu6_10 layout-component text-serif-m layout-normal text-serif-m layout-padded\">\u00abTogether\u00bb starter med avskjedsfesten som markerer starten p\u00e5 parets nye livsfase. Den blir riktig pinlig idet Millie g\u00e5r ned p\u00e5 kn\u00e6rne og frir, til en Tim som er s\u00e5 engstelig for \u00e5 forplikte seg at han ikke er i stand til \u00e5 ytre ett ord. Aller minst det han burde (alts\u00e5 \u00abja\u00bb).<\/p>\n<p class=\"_paragraph_1bvmi_4 _paragraph_xtcu6_10 layout-component text-serif-m layout-normal text-serif-m layout-padded\">Vel installert i Gokk er det tid for \u00e5 utforske den vakre naturen alle snakker s\u00e5 pent om hele tiden. Millie og Tim er p\u00e5 tur i skogen, faller ned i en grotte og bestemmer seg for \u00e5 overnatte i den. Et pussig innfall? Mange vil si det. Men det regner s\u00e5 innmari hardt der oppe, og Tim har mistet mobilen og i det hele tatt.<\/p>\n<p class=\"_paragraph_1bvmi_4 _paragraph_xtcu6_10 layout-component text-serif-m layout-normal text-serif-m layout-padded\">N\u00e5r de v\u00e5kner dagen etter, er leggene deres klistret sammen av det Tim mener er en slags klebrig mugg. De kommer seg l\u00f8s, opp og hjem. Men ting blir ikke de samme igjen. Det er <a href=\"https:\/\/www.vg.no\/rampelys\/i\/OoM8q1\/hollywood-stjerna-dave-franco-40-lente-oss-inn-smerten\" data-track-element-type=\"Link\" data-track-id=\"link:OoM8q1\" class=\"_link_1bvmi_39\" rel=\"nofollow noopener\" target=\"_blank\">Tim som begynner \u00e5 oppf\u00f8re seg merkelig f\u00f8rst<\/a>.<\/p>\n<p class=\"_paragraph_1bvmi_4 _paragraph_xtcu6_10 layout-component text-serif-m layout-normal text-serif-m layout-padded\">Underlige ting begynner \u00e5 skje. Hva er mareritt, hva er virkelighet \u2013 og hva er angstanfall (Tims slekt er ikke ukjente med psykiske lidelser)? Hvorfor er han plutselig blitt s\u00e5 hardhendt?<\/p>\n<p class=\"_paragraph_1bvmi_4 _paragraph_xtcu6_10 layout-component text-serif-m layout-normal text-serif-m layout-padded\">Det positive er at Tim gjenoppdager kj\u00f8dets lyster. Det negative er at n\u00e5r han og Millie omsider har seg igjen \u2013 vel, s\u00e5 blir de igjen klistret fast, \u00e1 la den morgenen i grotten. At det er d\u00e5rlig internettforbindelse her ute p\u00e5 bygda, og at Millies foreldre kommer til lunsj p\u00e5 s\u00f8ndag, kan ogs\u00e5 stresse noen og hver.<\/p>\n<p><img alt=\"UNDERLIG ADFERD: Dave Franco i \u00abTogether\u00bb.  Foto: Germain McMicking  \/ SF Norge\" class=\"_image_qp4xg_65 layout-component layout-normal\" data-fullscreen- data-track-element-type=\"Article image fullscreen\" data-track-name=\"ImageFullscreen\" decoding=\"async\" loading=\"lazy\" height=\"4000\" itemprop=\"image\"  src=\"https:\/\/www.europesays.com\/no\/wp-content\/uploads\/2025\/08\/b1ecfcec-e23f-4dd9-8661-3f5cd765900e\"  style=\"object-position:57.01666666666667% 56.987500000000004%\" width=\"6000\"\/>UNDERLIG ADFERD: Dave Franco i \u00abTogether\u00bb.  Foto: Germain McMicking  \/ SF Norge<\/p>\n<p class=\"_paragraph_1bvmi_4 _paragraph_xtcu6_10 layout-component text-serif-m layout-normal text-serif-m layout-padded\">Tim og Millie trekkes mot og liksom inn i hverandre, noe som i og for seg kan sies \u00e5 v\u00e6re en forutsetning for at det skrantende forholdet deres skal kunne reddes. Men m\u00e5tte det skje p\u00e5 en s\u00e5 bokstavelig m\u00e5te?<\/p>\n<p class=\"_paragraph_1bvmi_4 _paragraph_xtcu6_10 layout-component text-serif-m layout-normal text-serif-m layout-padded\">Shanks allegori kunne vanskelig v\u00e6rt mer tydelig. Dette er et par som er ment \u00e5 v\u00e6re sammen, men der bare \u00e9n av partene gj\u00f8r arbeidet som m\u00e5 til for \u00e5 f\u00e5 det til \u00e5 fungere. Hva m\u00e5 skje for at den andre skal forst\u00e5 det?<\/p>\n<p class=\"_paragraph_1bvmi_4 _paragraph_xtcu6_10 layout-component text-serif-m layout-normal text-serif-m layout-padded\">Det er en haug ting som ikke gir s\u00e5 mye mening i \u00abTogether\u00bb. De satiriske till\u00f8pene fungerer bare s\u00e5nn passe, og slutten sitter ikke. Men ingen vil ta feil av det store bildet.<\/p>\n<p><img alt=\"\u00abWHEN TWO BECOME ONE\u00bb: Alison Brie og Dave Franco i \u00abTogether\u00bb.  Foto: Germain McMicking \/ SF Studios\" class=\"_image_qp4xg_65 layout-component layout-normal\" data-fullscreen- data-track-element-type=\"Article image fullscreen\" data-track-name=\"ImageFullscreen\" decoding=\"async\" loading=\"lazy\" height=\"2400\" itemprop=\"image\"  src=\"https:\/\/www.europesays.com\/no\/wp-content\/uploads\/2025\/08\/80e2d0e8-7cb5-42d8-a8b4-1c9925605f69\"  style=\"object-position:53.37499999999999% 43.041666666666664%\" width=\"3600\"\/>\u00abWHEN TWO BECOME ONE\u00bb: Alison Brie og Dave Franco i \u00abTogether\u00bb.  Foto: Germain McMicking \/ SF Studios<\/p>\n<p class=\"_paragraph_1bvmi_4 _paragraph_xtcu6_10 layout-component text-serif-m layout-normal text-serif-m layout-padded\">Det effektive kameraarbeidet gj\u00f8r mer for filmen enn regiss\u00f8r Shanks\u2019 eget manus. Og det er ikke til \u00e5 komme fra at filmen neppe ville vakt s\u00e6rlig oppmerksomhet om det ikke var for det pirrende faktum at det er et ekte par som opptrer i den. Og med det <a href=\"https:\/\/www.vg.no\/rampelys\/i\/vgLeO4\/alison-brie-en-forferdelig-foelelse\" data-track-element-type=\"Link\" data-track-id=\"link:vgLeO4\" class=\"_link_1bvmi_39\" rel=\"nofollow noopener\" target=\"_blank\">spiller ut noe det er mulig \u00e5 oppfatte som autentisk intimitet<\/a>.<\/p>\n<p class=\"_paragraph_1bvmi_4 _paragraph_xtcu6_10 layout-component text-serif-m layout-normal text-serif-m layout-padded\">\u00abTogether\u00bb er ikke en super-minneverdig film. Men det er like fullt noe tilforlatelig ved dette fors\u00f8ket p\u00e5 \u00e5 lage kroppshorror for et segment \u2013 voksne par i 30- og 40-\u00e5rene \u2013 som sjelden st\u00e5r lengst frem i k\u00f8en n\u00e5r gr\u00f8ssene deles ut.<\/p>\n<p>Les ogs\u00e5<\/p>\n<p id=\"product-33871\" aria-expanded=\"false\" class=\"product-overview _productOverview_1m98o_134\">Et ektepar blir tvunget til \u00e5 revurdere seg selv og ekteskapet som f\u00f8lge av konsekvensene av \u00e5 bli n\u00f8dt til \u00e5 sitte hjemme under COVID-19-pandemien.<\/p>\n<p><a class=\"_imgCont_1m98o_174\" href=\"https:\/\/saga.vg.no\/show\/together-1\" rel=\"nofollow noopener\" target=\"_blank\"><img decoding=\"async\" src=\"https:\/\/www.europesays.com\/no\/wp-content\/uploads\/2025\/08\/11657418270894068653\" loading=\"lazy\" alt=\"Together\"\/><\/a>  Str\u00f8m hosKj\u00f8p eller lei<\/p>\n<p id=\"product-disclaimer\" class=\"_disclaimer_1m98o_87\">Annonselenker<\/p>\n","protected":false},"excerpt":{"rendered":"\u00abTogether\u00bb Med: Dave Franco, Alison Brie, Damon Herriman, Mia Morrissey Regi: Michael Shanks Premiere p\u00e5 kino fredag 22.&hellip;\n","protected":false},"author":2,"featured_media":14124,"comment_status":"","ping_status":"","sticky":false,"template":"","format":"standard","meta":{"footnotes":""},"categories":[58],"tags":[71,460,607,461,2753,30,28,29,2752,72],"class_list":{"0":"post-14123","1":"post","2":"type-post","3":"status-publish","4":"format-standard","5":"has-post-thumbnail","7":"category-underholdning","8":"tag-entertainment","9":"tag-film","10":"tag-filmanmeldelse","11":"tag-kino","12":"tag-kjaerester","13":"tag-no","14":"tag-norge","15":"tag-norway","16":"tag-skrekkfilm","17":"tag-underholdning"},"share_on_mastodon":{"url":"","error":""},"_links":{"self":[{"href":"https:\/\/www.europesays.com\/no\/wp-json\/wp\/v2\/posts\/14123","targetHints":{"allow":["GET"]}}],"collection":[{"href":"https:\/\/www.europesays.com\/no\/wp-json\/wp\/v2\/posts"}],"about":[{"href":"https:\/\/www.europesays.com\/no\/wp-json\/wp\/v2\/types\/post"}],"author":[{"embeddable":true,"href":"https:\/\/www.europesays.com\/no\/wp-json\/wp\/v2\/users\/2"}],"replies":[{"embeddable":true,"href":"https:\/\/www.europesays.com\/no\/wp-json\/wp\/v2\/comments?post=14123"}],"version-history":[{"count":0,"href":"https:\/\/www.europesays.com\/no\/wp-json\/wp\/v2\/posts\/14123\/revisions"}],"wp:featuredmedia":[{"embeddable":true,"href":"https:\/\/www.europesays.com\/no\/wp-json\/wp\/v2\/media\/14124"}],"wp:attachment":[{"href":"https:\/\/www.europesays.com\/no\/wp-json\/wp\/v2\/media?parent=14123"}],"wp:term":[{"taxonomy":"category","embeddable":true,"href":"https:\/\/www.europesays.com\/no\/wp-json\/wp\/v2\/categories?post=14123"},{"taxonomy":"post_tag","embeddable":true,"href":"https:\/\/www.europesays.com\/no\/wp-json\/wp\/v2\/tags?post=14123"}],"curies":[{"name":"wp","href":"https:\/\/api.w.org\/{rel}","templated":true}]}}