{"id":14125,"date":"2025-08-21T11:09:50","date_gmt":"2025-08-21T11:09:50","guid":{"rendered":"https:\/\/www.europesays.com\/no\/14125\/"},"modified":"2025-08-21T11:09:50","modified_gmt":"2025-08-21T11:09:50","slug":"investorlegende-tegn-pa-boble-i-aksjer","status":"publish","type":"post","link":"https:\/\/www.europesays.com\/no\/14125\/","title":{"rendered":"Investorlegende: Tegn p\u00e5 boble i aksjer"},"content":{"rendered":"<p><b>Den kjente investoren Howard Marks i Oaktree Capital mener det amerikanske aksjemarkedet befinner seg i\u00a0\u00abtidlige dager\u00bb av en boble.\u00a0<\/b><\/p>\n<p>Han vil ikke ringe i alarmklokkene helt enda, men poengterte i et intervju med Bloomberg TV onsdag at aksjemarkedet er dyrt, spesielt enkelte teknologiaksjer.\u00a0<\/p>\n<p>Den n\u00e5v\u00e6rende perioden minner ham om om slutten av 1990-tallet, da IT-boblen f\u00f8rte til at dav\u00e6rende sentralbanksjef Alan Greenspan advarte om \u00abirrasjonell overmot\u00bb.\u00a0 Likevel fortsatt markedet opp noen f\u00e5 ytterligere \u00e5r f\u00f8r boblen sprakk.<\/p>\n<p><b>The Buffett Indicator<\/b><\/p>\n<p>En indikator som ser p\u00e5 den samlede markedsverdien av amerikanske aksjer i forhold til det amerikanske bruttonasjonalproduktet, kjent som The Buffett Indicator, er p\u00e5 rekordh\u00f8ye niv\u00e5er. Ettersom mange selskaper hat blitt tatt av b\u00f8rs gjennom oppkj\u00f8p, og andre venter lenger enn normalt med \u00e5 g\u00e5 p\u00e5 b\u00f8rs, kan denne indikatoren v\u00e6re enda mer bekymringsfull enn den fremst\u00e5r, p\u00e5peker Marks.<\/p>\n<p>Warren Buffet har tidligere sagt at han beundrer Marks, og slipper alt han har i hendene n\u00e5r han f\u00e5r en e-post fra ham.\u00a0<\/p>\n<p><b>Anbefaler en mer defensiv portef\u00f8ljeallokering<\/b><\/p>\n<p>\u2013 Dette er tidspunktet for \u00e5 legge til mer defensive eiendeler i portef\u00f8ljen, og kreditt i stedet for aksjer er en m\u00e5te \u00e5 gj\u00f8re det p\u00e5, sa han.<\/p>\n<p>Han erkjenner at rentedifferansen er stram, men at investeringer i kreditt er uansett mer defensiv i natur enn aksjer. Han sammenligner investeringer i USA som\u00a0\u00aben flott bil til en h\u00f8y pris\u00bb.<\/p>\n<p><b>Federal Reserve-medlemmer enig<\/b><\/p>\n<p>Onsdag kveld slapp Federal Reserve sitt rentereferat fra rentem\u00f8tet i juli. De var i stor grad enig med Marks.<\/p>\n<p><b>\u00abI aksjemarkedene ligger pris-til-inntjeningsforholdet i den \u00f8vre enden av det historiske b\u00e5ndet, mens spreadene p\u00e5 h\u00f8yrenteobligasjoner har blitt betydelig mindre og var lave historisk\u00bb, kunne man lese i rapporten.<\/b><\/p>\n","protected":false},"excerpt":{"rendered":"Den kjente investoren Howard Marks i Oaktree Capital mener det amerikanske aksjemarkedet befinner seg i\u00a0\u00abtidlige dager\u00bb av en&hellip;\n","protected":false},"author":2,"featured_media":14126,"comment_status":"","ping_status":"","sticky":false,"template":"","format":"standard","meta":{"footnotes":""},"categories":[56],"tags":[60,61,2755,2754,62,30,28,29,1878],"class_list":{"0":"post-14125","1":"post","2":"type-post","3":"status-publish","4":"format-standard","5":"has-post-thumbnail","7":"category-naeringsliv","8":"tag-business","9":"tag-economy","10":"tag-federal-reserve","11":"tag-howard-marks","12":"tag-naeringsliv","13":"tag-no","14":"tag-norge","15":"tag-norway","16":"tag-warren-buffett"},"share_on_mastodon":{"url":"","error":""},"_links":{"self":[{"href":"https:\/\/www.europesays.com\/no\/wp-json\/wp\/v2\/posts\/14125","targetHints":{"allow":["GET"]}}],"collection":[{"href":"https:\/\/www.europesays.com\/no\/wp-json\/wp\/v2\/posts"}],"about":[{"href":"https:\/\/www.europesays.com\/no\/wp-json\/wp\/v2\/types\/post"}],"author":[{"embeddable":true,"href":"https:\/\/www.europesays.com\/no\/wp-json\/wp\/v2\/users\/2"}],"replies":[{"embeddable":true,"href":"https:\/\/www.europesays.com\/no\/wp-json\/wp\/v2\/comments?post=14125"}],"version-history":[{"count":0,"href":"https:\/\/www.europesays.com\/no\/wp-json\/wp\/v2\/posts\/14125\/revisions"}],"wp:featuredmedia":[{"embeddable":true,"href":"https:\/\/www.europesays.com\/no\/wp-json\/wp\/v2\/media\/14126"}],"wp:attachment":[{"href":"https:\/\/www.europesays.com\/no\/wp-json\/wp\/v2\/media?parent=14125"}],"wp:term":[{"taxonomy":"category","embeddable":true,"href":"https:\/\/www.europesays.com\/no\/wp-json\/wp\/v2\/categories?post=14125"},{"taxonomy":"post_tag","embeddable":true,"href":"https:\/\/www.europesays.com\/no\/wp-json\/wp\/v2\/tags?post=14125"}],"curies":[{"name":"wp","href":"https:\/\/api.w.org\/{rel}","templated":true}]}}