{"id":141379,"date":"2026-01-19T14:36:13","date_gmt":"2026-01-19T14:36:13","guid":{"rendered":"https:\/\/www.europesays.com\/no\/141379\/"},"modified":"2026-01-19T14:36:13","modified_gmt":"2026-01-19T14:36:13","slug":"matt-damon-avslorer-netflix-krav-til-filmer","status":"publish","type":"post","link":"https:\/\/www.europesays.com\/no\/141379\/","title":{"rendered":"Matt Damon avsl\u00f8rer Netflix-krav til filmer"},"content":{"rendered":"\n<p class=\"_lead_o9xde_2 _lead_xtcu6_50 layout-component text-serif-m layout-normal text-serif-l layout-component layout-wide layout-padded _wide_17hqh_1 layout-padded\">\u2013 Folk er p\u00e5 mobilene sine mens de ser filmer, sier skuespiller Matt Damon.<\/p>\n<p><img alt=\"Matt Damon og Ben Affleck p\u00e5 premieren av \u00abThe Rip\u00bb i New York 13. januar. Foto: Jeenah Moon \/ Reuters \/ NTB\" class=\"_image_qp4xg_65 layout-component layout-wide\" data-fullscreen- data-track-element-type=\"Article image fullscreen\" data-track-name=\"ImageFullscreen\" fetchpriority=\"high\" decoding=\"sync\" loading=\"eager\" height=\"3515\" itemprop=\"image\"  src=\"https:\/\/www.europesays.com\/no\/wp-content\/uploads\/2026\/01\/e6ce1b77-d71a-4c1e-9b3b-74b8b094b807.jpeg\"  style=\"object-position:0% 0%\" width=\"5272\"\/>Matt Damon og Ben Affleck p\u00e5 premieren av \u00abThe Rip\u00bb i New York 13. januar. Foto: Jeenah Moon \/ Reuters \/ NTB<\/p>\n<ul aria-hidden=\"true\" class=\"_images_ntbth_112\">\n<li><a class=\"_link_ntbth_117\" href=\"https:\/\/www.vg.no\/forfatter\/hanne-kretuz-hansen\" style=\"z-index:1\" title=\"Hanne Kreutz-Hansen\" rel=\"nofollow noopener\" target=\"_blank\"><img alt=\"Bilde av Hanne Kreutz-Hansen\" class=\"_image_ntbth_93\" fetchpriority=\"low\" loading=\"lazy\" decoding=\"async\" itemprop=\"image\"  src=\"https:\/\/www.europesays.com\/no\/wp-content\/uploads\/2026\/01\/1768833371_818_91499188-43f5-43fa-b038-5716eac94ffb.jpeg\"  width=\"480\"\/><\/a><\/li>\n<\/ul>\n<p> Oppdatert mandag 19. januar kl. 08:42    <\/p>\n<ul class=\"_list_o9xde_3 _list_64s2r_85 _unordered_o9xde_106 text-sans-m\">\n<li class=\"_item_o9xde_30\">Matt Damon hevder folk ser p\u00e5 mobilene sine mens de ser Netflix-filmer.<\/li>\n<li class=\"_item_o9xde_30\">Netflix krever derfor flere actionsekvenser tidlig og at handlingen gjentas flere ganger.<\/li>\n<li class=\"_item_o9xde_30\">Damon og Afflecks nye film \u00abThe Rip\u00bb viser denne trenden.<\/li>\n<\/ul>\n<p>Vis mer <\/p>\n<p class=\"_paragraph_o9xde_4 _paragraph_xtcu6_10 layout-component text-serif-m layout-normal text-serif-m layout-padded\">Derfor har Netflix endret kravene til hvordan filmene lages, hevder filmskaperen.<\/p>\n<p class=\"_paragraph_o9xde_4 _paragraph_xtcu6_10 layout-component text-serif-m layout-normal text-serif-m layout-padded\">\u2013 Netflix krever at vi m\u00e5 gjenta handlingen tre, fire ganger i dialogen.<\/p>\n<p class=\"_paragraph_o9xde_4 _paragraph_xtcu6_10 layout-component text-serif-m layout-normal text-serif-m layout-padded\">Matt Damon og <a href=\"https:\/\/www.vg.no\/tag\/ben-affleck?utm_source=vg-article&amp;utm_medium=auto-tagger&amp;utm_campaign=WvO11r\" class=\"_link_o9xde_39\" rel=\"nofollow noopener\" target=\"_blank\">Ben Affleck<\/a> er aktuelle med Netflix-filmen \u00abThe Rip\u00bb.<\/p>\n<p class=\"_paragraph_o9xde_4 _paragraph_xtcu6_10 layout-component text-serif-m layout-normal text-serif-m layout-padded\">I podkasten <a href=\"https:\/\/www.youtube.com\/watch?v=AVEZBy1uAk8\" class=\"_link_o9xde_39\" rel=\"nofollow noopener\" target=\"_blank\">\u00abJoe Rogan Experience\u00bb<\/a> fortalte duoen at str\u00f8mmetjenesten har spesielle krav til innhold og hvordan Netflix-filmer skal lages.<\/p>\n<p class=\"_paragraph_o9xde_4 _paragraph_xtcu6_10 layout-component text-serif-m layout-normal text-serif-m layout-padded\">Damon forklarte at Netflix \u00f8nsker actionsekvenser tidlig i filmene for \u00e5 holde p\u00e5 seerne hjemme. <\/p>\n<p class=\"_paragraph_o9xde_4 _paragraph_xtcu6_10 layout-component text-serif-m layout-normal text-serif-m layout-padded\">Damon og Affleck har akkurat hatt premiere p\u00e5 actionfilmen \u00abThe Rip\u00bb som handler om en gruppe politifolk i Miami som oppdager millioner av dollar i et forlatt hus, noe som f\u00f8rer til at tilliten mellom dem blir satt kraftig p\u00e5 pr\u00f8ve.<\/p>\n<p><img alt=\"Gjengen i \u00abThe Rip\u00bb, Ted Sarandos, Catalina Sandino Moreno, Sasha Calle, Ben Affleck, Matt Damon, Teyana Taylor og Lina Esco p\u00e5 premieren i januar.  Foto: Jeenah Moon \/ Reuters \/ NTB\" class=\"_image_qp4xg_65 layout-component layout-normal\" data-fullscreen- data-track-element-type=\"Article image fullscreen\" data-track-name=\"ImageFullscreen\" decoding=\"async\" loading=\"lazy\" height=\"4000\" itemprop=\"image\"  src=\"https:\/\/www.europesays.com\/no\/wp-content\/uploads\/2026\/01\/f665c289-2f27-47d7-a076-19d6c2f379e7.png\"  style=\"object-position:0% 0%\" width=\"6000\"\/>Gjengen i \u00abThe Rip\u00bb, Ted Sarandos, Catalina Sandino Moreno, Sasha Calle, Ben Affleck, Matt Damon, Teyana Taylor og Lina Esco p\u00e5 premieren i januar.  Foto: Jeenah Moon \/ Reuters \/ NTB<\/p>\n<p class=\"_paragraph_o9xde_4 _paragraph_xtcu6_10 layout-component text-serif-m layout-normal text-serif-m layout-padded\">Damon p\u00e5pekte at fordi filmpublikumet har \u00abet helt annet oppmerksomhetsniv\u00e5\u00bb til filmer hjemme sammenlignet med p\u00e5 kino, \u00f8nsker Netflix \u00e5 skyve actionscenene fremover i filmen.<\/p>\n<p class=\"_paragraph_o9xde_4 _paragraph_xtcu6_10 layout-component text-serif-m layout-normal text-serif-m layout-padded\">\u2013 De sier: \u00abKan vi f\u00e5 en stor actionsekvens i de f\u00f8rste fem minuttene? Vi vil at folk skal bli v\u00e6rende. Og det ville ikke v\u00e6rt forferdelig om dere gjentok handlingen tre eller fire ganger i dialogen, fordi folk er p\u00e5 mobilene sine mens de ser\u00bb, sa Damon if\u00f8lge <a href=\"https:\/\/variety.com\/2026\/film\/news\/matt-damon-netflix-movies-restate-plot-viewers-on-phones-1236633939\/\" class=\"_link_o9xde_39\" rel=\"nofollow noopener\" target=\"_blank\">Variety<\/a>.<\/p>\n<p class=\"_paragraph_o9xde_4 _paragraph_xtcu6_10 layout-component text-serif-m layout-normal text-serif-m layout-padded\">Kompisene har laget en rekke filmer sammen etter deres store gjennombruddet med \u00abGood Will Hunting\u00bb i 1997, og har begge lang erfaring som manusforfattere, skuespillere, regiss\u00f8rer og produsenter.<\/p>\n<p class=\"_paragraph_o9xde_4 _paragraph_xtcu6_10 layout-component text-serif-m layout-normal text-serif-m layout-padded\">\u2013 Standardm\u00e5ten \u00e5 lage en actionfilm p\u00e5, som vi l\u00e6rte, var at man vanligvis har tre deler. En i f\u00f8rste akt, en i andre, en i tredje. Man bruker mesteparten av pengene sine p\u00e5 den i tredje akt. Det er finalen. N\u00e5 sier de: \u00abKan vi f\u00e5 en scene i l\u00f8pet av de f\u00f8rste fem minuttene? Vi vil at folk skal bli\u00bb, forteller Damon. <\/p>\n<p class=\"_paragraph_o9xde_4 _paragraph_xtcu6_10 layout-component text-serif-m layout-normal text-serif-m layout-padded\">Under lanseringen av sin siste film i fjor sommer dukket begge kompisene opp med <a href=\"http:\/\/www.vg.no\/rampelys\/i\/AvnR13\/ben-affleck-fleipet-om-skjeggete-matt-damon#:~:text=Matt%20Damon%20og%20Ben%20Affleck%20dukket%20opp,sp%C3%B8kte%20om%20Damons%20skjegg%2C%20som%20han%20har\" data-track-element-type=\"Link\" data-track-id=\"link:AvnR13\" class=\"_link_o9xde_39\" rel=\"nofollow noopener\" target=\"_blank\">skjegg<\/a>.<\/p>\n<p><img alt=\"Matt Damen, Ben Affleck og Robin Williams p\u00e5 Oscar-utdeling i 1998. De ble nominert til ni og fikk to priser, Williams for sin skuespillerinnsats, og Damon og Affleck for manus.  Foto: HAL GARB \/ AFP \/ NTB\" class=\"_image_qp4xg_65 layout-component layout-normal\" data-fullscreen- data-track-element-type=\"Article image fullscreen\" data-track-name=\"ImageFullscreen\" decoding=\"async\" loading=\"lazy\" height=\"1619\" itemprop=\"image\"  src=\"https:\/\/www.europesays.com\/no\/wp-content\/uploads\/2026\/01\/c9f1d339-26da-4d05-846a-0c9faf1f1575.png\"  style=\"object-position:0% 0%\" width=\"2034\"\/>Matt Damen, Ben Affleck og Robin Williams p\u00e5 Oscar-utdeling i 1998. De ble nominert til ni og fikk to priser, Williams for sin skuespillerinnsats, og Damon og Affleck for manus.  Foto: HAL GARB \/ AFP \/ NTB<\/p>\n<p class=\"_paragraph_o9xde_4 _paragraph_xtcu6_10 layout-component text-serif-m layout-normal text-serif-m layout-padded\">Affleck mener det finnes unntak, som bekrefter at b\u00e5de Netflix og publikum klarer \u00e5 f\u00e5 med seg handlingen selv uten masse repetisjon. <\/p>\n<p class=\"_paragraph_o9xde_4 _paragraph_xtcu6_10 layout-component text-serif-m layout-normal text-serif-m layout-padded\">Han pekte p\u00e5 selskapets serie \u00abAdolescence\u00bb som et eksempel p\u00e5 at det g\u00e5r an \u00e5 lage innhold uten disse triksene.<\/p>\n<p class=\"_paragraph_o9xde_4 _paragraph_xtcu6_10 layout-component text-serif-m layout-normal text-serif-m layout-padded\">\u2013 Men s\u00e5 ser du p\u00e5 <a href=\"https:\/\/www.vg.no\/rampelys\/i\/vg14R4\/anmeldelse-adolescence\" data-track-element-type=\"Link\" data-track-id=\"link:vg14R4\" class=\"_link_o9xde_39\" rel=\"nofollow noopener\" target=\"_blank\">\u00abAdolescence\u00bb<\/a>, og den gjorde ikke noe av den dritten. Og den er j\u00e6vlig bra, sa Affleck.<\/p>\n<p class=\"_paragraph_o9xde_4 _paragraph_xtcu6_10 layout-component text-serif-m layout-normal text-serif-m layout-padded\">I Netflix-serien er hver av de fire episodene filmet i \u00e9n eneste, lang tagning uten klipping eller etterproduksjon, for \u00e5 skape en f\u00f8lelse av realisme og intensitet rundt en 13-\u00e5ring som arresteres for drap.<\/p>\n<p class=\"_paragraph_o9xde_4 _paragraph_xtcu6_10 layout-component text-serif-m layout-normal text-serif-m layout-padded\">Owen Cooper (15) ble <a href=\"https:\/\/www.vg.no\/rampelys\/i\/5EzBm1\/adolescence-skuespilleren-15-ble-stjerne-over-natten-rart\" data-track-element-type=\"Link\" data-track-id=\"link:5EzBm1\" class=\"_link_o9xde_39\" rel=\"nofollow noopener\" target=\"_blank\">stjerne over natten<\/a> etter serien.<\/p>\n<p><img alt=\"Britiske Owen Cooper fikk pris for beste birolle under Golden Globe 11. januar.  Foto: CHRIS TORRES \/ EPA \/ NTB\" class=\"_image_qp4xg_65 layout-component layout-normal\" data-fullscreen- data-track-element-type=\"Article image fullscreen\" data-track-name=\"ImageFullscreen\" decoding=\"async\" loading=\"lazy\" height=\"3333\" itemprop=\"image\"  src=\"https:\/\/www.europesays.com\/no\/wp-content\/uploads\/2026\/01\/813212a7-7551-4c8d-b771-3fb2f0e7cd8d.png\"  style=\"object-position:0% 0%\" width=\"5000\"\/>Britiske Owen Cooper fikk pris for beste birolle under Golden Globe 11. januar.  Foto: CHRIS TORRES \/ EPA \/ NTB    <\/p>\n","protected":false},"excerpt":{"rendered":"\u2013 Folk er p\u00e5 mobilene sine mens de ser filmer, sier skuespiller Matt Damon. Matt Damon og Ben&hellip;\n","protected":false},"author":2,"featured_media":141380,"comment_status":"","ping_status":"","sticky":false,"template":"","format":"standard","meta":{"footnotes":"","_share_on_mastodon":"0"},"categories":[58],"tags":[7454,71,16016,220,30,28,29,72,46],"class_list":["post-141379","post","type-post","status-publish","format-standard","has-post-thumbnail","category-underholdning","tag-ben-affleck","tag-entertainment","tag-matt-damon","tag-netflix","tag-no","tag-norge","tag-norway","tag-underholdning","tag-vgai"],"share_on_mastodon":{"url":"https:\/\/pubeurope.com\/@no\/115922271243252221","error":""},"_links":{"self":[{"href":"https:\/\/www.europesays.com\/no\/wp-json\/wp\/v2\/posts\/141379","targetHints":{"allow":["GET"]}}],"collection":[{"href":"https:\/\/www.europesays.com\/no\/wp-json\/wp\/v2\/posts"}],"about":[{"href":"https:\/\/www.europesays.com\/no\/wp-json\/wp\/v2\/types\/post"}],"author":[{"embeddable":true,"href":"https:\/\/www.europesays.com\/no\/wp-json\/wp\/v2\/users\/2"}],"replies":[{"embeddable":true,"href":"https:\/\/www.europesays.com\/no\/wp-json\/wp\/v2\/comments?post=141379"}],"version-history":[{"count":0,"href":"https:\/\/www.europesays.com\/no\/wp-json\/wp\/v2\/posts\/141379\/revisions"}],"wp:featuredmedia":[{"embeddable":true,"href":"https:\/\/www.europesays.com\/no\/wp-json\/wp\/v2\/media\/141380"}],"wp:attachment":[{"href":"https:\/\/www.europesays.com\/no\/wp-json\/wp\/v2\/media?parent=141379"}],"wp:term":[{"taxonomy":"category","embeddable":true,"href":"https:\/\/www.europesays.com\/no\/wp-json\/wp\/v2\/categories?post=141379"},{"taxonomy":"post_tag","embeddable":true,"href":"https:\/\/www.europesays.com\/no\/wp-json\/wp\/v2\/tags?post=141379"}],"curies":[{"name":"wp","href":"https:\/\/api.w.org\/{rel}","templated":true}]}}