{"id":14139,"date":"2025-08-21T11:25:08","date_gmt":"2025-08-21T11:25:08","guid":{"rendered":"https:\/\/www.europesays.com\/no\/14139\/"},"modified":"2025-08-21T11:25:08","modified_gmt":"2025-08-21T11:25:08","slug":"donald-trump-fikk-gave-av-volodymyr-zelenskyj","status":"publish","type":"post","link":"https:\/\/www.europesays.com\/no\/14139\/","title":{"rendered":"Donald Trump fikk gave av Volodymyr Zelenskyj"},"content":{"rendered":"\n<p class=\"_lead_1bvmi_2 _lead_xtcu6_50 layout-component text-serif-m layout-normal text-serif-l layout-component layout-wide layout-padded _wide_17hqh_1 layout-padded\">Ukrainas president Volodymyr Zelenskyj (47) ga Donald Trump (79) en spesiell gave under sitt bes\u00f8k i Washington denne uken.<\/p>\n<p><img alt=\" Foto: Thomas Nilsson \/ VG\" class=\"_image_qp4xg_65 layout-component layout-wide\" data-fullscreen- data-track-element-type=\"Article image fullscreen\" data-track-name=\"ImageFullscreen\" fetchpriority=\"high\" decoding=\"sync\" loading=\"eager\" height=\"2400\" itemprop=\"image\"  src=\"https:\/\/www.europesays.com\/no\/wp-content\/uploads\/2025\/08\/2f8e2d48-c738-46bd-846a-013620578114\"  style=\"object-position:0% 0%\" width=\"3600\"\/> Foto: Thomas Nilsson \/ VG<\/p>\n<ul aria-hidden=\"true\" class=\"_images_1y6fe_106\">\n<li><a class=\"_link_1y6fe_111\" href=\"https:\/\/www.vg.no\/forfatter\/hannah-solstad-klepp\" style=\"z-index:1\" title=\"Hannah Solstad Klepp\" rel=\"nofollow noopener\" target=\"_blank\"><img alt=\"Bilde av Hannah Solstad Klepp\" class=\"_image_1y6fe_88\" fetchpriority=\"low\" loading=\"lazy\" decoding=\"async\" itemprop=\"image\"  src=\"https:\/\/www.europesays.com\/no\/wp-content\/uploads\/2025\/08\/1755775508_771_f811f9c1-64f7-4c50-9133-b5735831a650\"  width=\"480\"\/><\/a><\/li>\n<\/ul>\n<p> Oppdatert torsdag 21. august kl. 12:57     <\/p>\n<p class=\"_paragraph_1bvmi_4 _paragraph_xtcu6_10 layout-component text-serif-m layout-normal text-serif-m layout-padded\">If\u00f8lge<a href=\"https:\/\/www.theguardian.com\/world\/2025\/aug\/19\/zelenskyy-ukraine-war-veteran-golf-club-gift-trump\" class=\"_link_1bvmi_39\" rel=\"nofollow noopener\" target=\"_blank\"> The Guardian <\/a>skal Zelenskyj ha gitt ham en golfk\u00f8lle.<\/p>\n<p class=\"_paragraph_1bvmi_4 _paragraph_xtcu6_10 layout-component text-serif-m layout-normal text-serif-m layout-padded\">Den skal ha tilh\u00f8rt Kostiantyn Kartavtsev, en ukrainsk soldat som mistet et ben i de f\u00f8rste m\u00e5nedene av Russlands invasjon mens han reddet sine medsoldater, opplyser Zelenskyjs kontor.<\/p>\n<p class=\"_paragraph_1bvmi_4 _paragraph_xtcu6_10 layout-component text-serif-m layout-normal text-serif-m layout-padded\">Trump, som er en ivrig golfer og eier flere golfbaner, tok imot gaven og ga Zelenskyj symbolske n\u00f8kler til Det hvite hus i retur.<\/p>\n<p class=\"_paragraph_1bvmi_4 _paragraph_xtcu6_10 layout-component text-serif-m layout-normal text-serif-m layout-padded\">Zelenskyj viste Trump en video av Kartavtsev, og senere publiserte den ukrainske veteranorganisasjonen, United by Golf, en video av Trump som holder golfk\u00f8llen.<\/p>\n<p class=\"_paragraph_1bvmi_4 _paragraph_xtcu6_10 layout-component text-serif-m layout-normal text-serif-m layout-padded\">Golf ble en del av Kartavtsevs rehabilitering og hjalp ham med \u00e5 gjenvinne b\u00e5de fysisk og f\u00f8lelsesmessig balanse, skriver\u00a0<a href=\"https:\/\/www.kyivpost.com\/post\/58557\" class=\"_link_1bvmi_39\" rel=\"nofollow noopener\" target=\"_blank\">Kyiv Post<\/a>.<\/p>\n<p class=\"_paragraph_1bvmi_4 _paragraph_xtcu6_10 layout-component text-serif-m layout-normal text-serif-m layout-padded\">\u2013 Jeg s\u00e5 nettopp svingen din. Jeg vet mye om golf og svingen din er flott, sa Trump i videoen.<\/p>\n<p class=\"_paragraph_1bvmi_4 _paragraph_xtcu6_10 layout-component text-serif-m layout-normal text-serif-m layout-padded\">\u2013 Du er en fantastisk person, og bare fortsett \u00e5 spille golf og gj\u00f8re alle de andre tingene. Landet ditt er et flott land. Vi pr\u00f8ver \u00e5 bringe det tilbake til helse, fortsatte han.<\/p>\n<p class=\"_paragraph_1bvmi_4 _paragraph_xtcu6_10 layout-component text-serif-m layout-normal layout-padded\"><strong class=\"_strong_1bvmi_25\">Les ogs\u00e5:<\/strong> <a href=\"https:\/\/www.vg.no\/i\/rPQqwe\" data-track-element-type=\"Link\" data-track-id=\"link:rPQqwe\" class=\"_link_1bvmi_39\" rel=\"nofollow noopener\" target=\"_blank\">Zelenskyj \u00e5pner opp: Slik var m\u00f8tet med Trump <\/a><\/p>\n<p class=\"_paragraph_1bvmi_4 _paragraph_xtcu6_10 layout-component text-serif-m layout-normal text-serif-m layout-padded\">Utvekslingen markerer en sterk endring fra februar, da Zelenskyj forlot Det hvite hus tidlig etter en h\u00f8ylytt krangel med Trump og visepresident JD Vance.<\/p>\n<p class=\"_paragraph_1bvmi_4 _paragraph_xtcu6_10 layout-component text-serif-m layout-normal text-serif-m layout-padded\">Siden den anspente konfrontasjonen har Zelenskyj fors\u00f8kt \u00e5 reparere forholdet ved \u00e5 smigre Trump i offentlige opptredener og rose hans fredsarbeid.<\/p>\n<p>Les ogs\u00e5<\/p>\n","protected":false},"excerpt":{"rendered":"Ukrainas president Volodymyr Zelenskyj (47) ga Donald Trump (79) en spesiell gave under sitt bes\u00f8k i Washington denne&hellip;\n","protected":false},"author":2,"featured_media":14140,"comment_status":"","ping_status":"","sticky":false,"template":"","format":"standard","meta":{"footnotes":""},"categories":[12],"tags":[20,21,73,55,24,25,15,179,22,23,13,30,28,29,14,16,26,27,42,488,43,44,45],"class_list":{"0":"post-14139","1":"post","2":"type-post","3":"status-publish","4":"format-standard","5":"has-post-thumbnail","7":"category-verden","8":"tag-breaking-news","9":"tag-breakingnews","10":"tag-det-hvite-hus","11":"tag-donald-trump","12":"tag-featured-news","13":"tag-featurednews","14":"tag-headlines","15":"tag-krigen-i-ukraina","16":"tag-latest-news","17":"tag-latestnews","18":"tag-news","19":"tag-no","20":"tag-norge","21":"tag-norway","22":"tag-nyheter","23":"tag-overskrifter","24":"tag-top-stories","25":"tag-topstories","26":"tag-verden","27":"tag-volodymyr-zelenskyj","28":"tag-world","29":"tag-world-news","30":"tag-worldnews"},"share_on_mastodon":{"url":"","error":""},"_links":{"self":[{"href":"https:\/\/www.europesays.com\/no\/wp-json\/wp\/v2\/posts\/14139","targetHints":{"allow":["GET"]}}],"collection":[{"href":"https:\/\/www.europesays.com\/no\/wp-json\/wp\/v2\/posts"}],"about":[{"href":"https:\/\/www.europesays.com\/no\/wp-json\/wp\/v2\/types\/post"}],"author":[{"embeddable":true,"href":"https:\/\/www.europesays.com\/no\/wp-json\/wp\/v2\/users\/2"}],"replies":[{"embeddable":true,"href":"https:\/\/www.europesays.com\/no\/wp-json\/wp\/v2\/comments?post=14139"}],"version-history":[{"count":0,"href":"https:\/\/www.europesays.com\/no\/wp-json\/wp\/v2\/posts\/14139\/revisions"}],"wp:featuredmedia":[{"embeddable":true,"href":"https:\/\/www.europesays.com\/no\/wp-json\/wp\/v2\/media\/14140"}],"wp:attachment":[{"href":"https:\/\/www.europesays.com\/no\/wp-json\/wp\/v2\/media?parent=14139"}],"wp:term":[{"taxonomy":"category","embeddable":true,"href":"https:\/\/www.europesays.com\/no\/wp-json\/wp\/v2\/categories?post=14139"},{"taxonomy":"post_tag","embeddable":true,"href":"https:\/\/www.europesays.com\/no\/wp-json\/wp\/v2\/tags?post=14139"}],"curies":[{"name":"wp","href":"https:\/\/api.w.org\/{rel}","templated":true}]}}