{"id":14171,"date":"2025-08-21T12:03:12","date_gmt":"2025-08-21T12:03:12","guid":{"rendered":"https:\/\/www.europesays.com\/no\/14171\/"},"modified":"2025-08-21T12:03:12","modified_gmt":"2025-08-21T12:03:12","slug":"idiotene-som-utforte-skadeverket-skal-ikke-fa-dempe-fotballgleden-adressa-no","status":"publish","type":"post","link":"https:\/\/www.europesays.com\/no\/14171\/","title":{"rendered":"\u2013 Idiotene som utf\u00f8rte skade\u00adverket skal ikke f\u00e5 dempe fotball\u00adgleden &#8211; adressa.no"},"content":{"rendered":"<ol>\n<li><a href=\"https:\/\/news.google.com\/rss\/articles\/CBMilgFBVV95cUxQZHRiUWxUd3JGMnJCMi1MZ0s1TGYzMTR5ZmtSbWVGREg2d1pqaWhrdkpHZGZiRk9nZHFMU2VHekZoVmlfTHkxb2lGQTNzU20tQXZ6SGNtSGhKb25TWVhweGMybjJONFAwUi1ESWRJVVNMUG91Z0pIMVZoM2xfUlNfOWhTZ2syMXZtVDVDMW9kZFRyREdfWEE?oc=5\" target=\"_blank\" rel=\"nofollow noopener\">\u2013 Idiotene som utf\u00f8rte skade\u00adverket skal ikke f\u00e5 dempe fotball\u00adgleden<\/a>&nbsp;&nbsp;adressa.no<\/li>\n<li><a href=\"https:\/\/news.google.com\/rss\/articles\/CBMilwFBVV95cUxOemg1SEM0WTEyZks5SFBoazlGbHFzdWhpVzNqR3VtSlhHazE1TGlrZnJVQ25aSVZBVDVscl9XMmk0Y0ZId2hTX3BFcTdqdk1VYjBib2lHSWRqTDd6a2xYZ2x5ajNackJHUzc2MlpjOFV0RlMxMWcxbG01LWpzX1dIQXFrN3h2ZWxzZm1hOTNDcWQtcEpCVlpF?oc=5\" target=\"_blank\" rel=\"nofollow noopener\">Nyhet, Sport | RBK-motstanderens buss fikk tre punkterte dekk over natta<\/a>&nbsp;&nbsp;Nidaros<\/li>\n<li><a href=\"https:\/\/news.google.com\/rss\/articles\/CBMiwAFBVV95cUxNV3M4dGFCd1Y0RlBGLThhRmFxS2ZYS2ZlbmlZVnE5aUN5VlJaSTR3VUR6aGN0Vjg1RV9ZeDdwak9kNGNrWnNGaFU3UDlCT0txbWlJNUhaWHhEeVpsREEyRDJVT1VuaFhZZk9YeFpIYVl6d0hMWDNjYWxvTXhWeFZ2MlpNaXhGUWdqSm5pdFlHb1NiV2d1OWI3UkdSc2hWZXAzcUNqS0hkWFpDcGtRUXhIMHFsRlFVc2R0eTNpZV9OcGw?oc=5\" target=\"_blank\" rel=\"nofollow noopener\">F\u00f8r viktig kvalifiseringsskamp: Rosenborg sin motstandar har f\u00e5tt bussdekka punktert<\/a>&nbsp;&nbsp;NRK<\/li>\n<li><a href=\"https:\/\/news.google.com\/rss\/articles\/CBMiggFBVV95cUxOQXRmUGdyWGJPcXBZbE9Zem1meFc1dVppVFRmeXJxNnBPSlZOVUpfbFNmMWpZcVZSSlhwWGVjdFZXMTRXd2x2dk5XVDlJR0luaDVWaEVEZDJ1dHNoWFVBY0E5REFTbE5ENHh1c3BzazVjdHVXU1FtRlVJREJ0YjllOGhn?oc=5\" target=\"_blank\" rel=\"nofollow noopener\">(+) \u2013 Tror ikke flere dekk blir \u00f8delagt p\u00e5 samme m\u00e5te av seg selv<\/a>&nbsp;&nbsp;bladet.no<\/li>\n<li><a href=\"https:\/\/news.google.com\/rss\/articles\/CBMic0FVX3lxTFBEUWh6OTYzMGFNcExIQVVHc29GdlFjMWtYSlJRTS1YV0Rld0VLS0lBMzdoYm56b1RodFVRLXVhY1hIb0FsUlVFaUxKWnNyTXVycHBZZmE5V08teVZtQzJyUXJFU0NJNlBUWFZ3eFk5RUp4Qjg?oc=5\" target=\"_blank\" rel=\"nofollow noopener\">Lista er lagt, Rosenborg!<\/a>&nbsp;&nbsp;Aftenposten<\/li>\n<\/ol>\n","protected":false},"excerpt":{"rendered":"\u2013 Idiotene som utf\u00f8rte skade\u00adverket skal ikke f\u00e5 dempe fotball\u00adgleden&nbsp;&nbsp;adressa.no Nyhet, Sport | RBK-motstanderens buss fikk tre punkterte&hellip;\n","protected":false},"author":2,"featured_media":14172,"comment_status":"","ping_status":"","sticky":false,"template":"","format":"standard","meta":{"footnotes":""},"categories":[59],"tags":[2760,2758,2759,1097,316,30,28,29,1540,2761,83,82,756,2465,270],"class_list":{"0":"post-14171","1":"post","2":"type-post","3":"status-publish","4":"format-standard","5":"has-post-thumbnail","7":"category-sport","8":"tag-buss","9":"tag-haerverk","10":"tag-hell","11":"tag-hotell","12":"tag-lerkendal","13":"tag-no","14":"tag-norge","15":"tag-norway","16":"tag-rosenborg","17":"tag-scandic","18":"tag-sport","19":"tag-sports","20":"tag-stjordal","21":"tag-tore-bjorseth-berdal","22":"tag-trondelag"},"share_on_mastodon":{"url":"","error":""},"_links":{"self":[{"href":"https:\/\/www.europesays.com\/no\/wp-json\/wp\/v2\/posts\/14171","targetHints":{"allow":["GET"]}}],"collection":[{"href":"https:\/\/www.europesays.com\/no\/wp-json\/wp\/v2\/posts"}],"about":[{"href":"https:\/\/www.europesays.com\/no\/wp-json\/wp\/v2\/types\/post"}],"author":[{"embeddable":true,"href":"https:\/\/www.europesays.com\/no\/wp-json\/wp\/v2\/users\/2"}],"replies":[{"embeddable":true,"href":"https:\/\/www.europesays.com\/no\/wp-json\/wp\/v2\/comments?post=14171"}],"version-history":[{"count":0,"href":"https:\/\/www.europesays.com\/no\/wp-json\/wp\/v2\/posts\/14171\/revisions"}],"wp:featuredmedia":[{"embeddable":true,"href":"https:\/\/www.europesays.com\/no\/wp-json\/wp\/v2\/media\/14172"}],"wp:attachment":[{"href":"https:\/\/www.europesays.com\/no\/wp-json\/wp\/v2\/media?parent=14171"}],"wp:term":[{"taxonomy":"category","embeddable":true,"href":"https:\/\/www.europesays.com\/no\/wp-json\/wp\/v2\/categories?post=14171"},{"taxonomy":"post_tag","embeddable":true,"href":"https:\/\/www.europesays.com\/no\/wp-json\/wp\/v2\/tags?post=14171"}],"curies":[{"name":"wp","href":"https:\/\/api.w.org\/{rel}","templated":true}]}}