{"id":14225,"date":"2025-08-21T12:56:11","date_gmt":"2025-08-21T12:56:11","guid":{"rendered":"https:\/\/www.europesays.com\/no\/14225\/"},"modified":"2025-08-21T12:56:11","modified_gmt":"2025-08-21T12:56:11","slug":"kjendis-nyheter-derfor-dropper-de-mette-marit-som-vitne-i-hoiby-rettssaken","status":"publish","type":"post","link":"https:\/\/www.europesays.com\/no\/14225\/","title":{"rendered":"Kjendis, Nyheter | Derfor dropper de Mette-Marit som vitne i H\u00f8iby-rettssaken"},"content":{"rendered":"\n<p>(<a href=\"https:\/\/www.nettavisen.no\/nyheter\/derfor-dropper-de-mette-marit-som-vitne-i-hoiby-rettssaken\/s\/5-95-2574719\" rel=\"Follow nofollow noopener\" target=\"_blank\">Nettavisen<\/a>): Mandag ble det klart at kronprinsesse Mette-Marits s\u00f8nn, Marius Borg H\u00f8iby, <a href=\"https:\/\/www.nettavisen.no\/kjendis\/bekrefter-dette-er-marius-borg-hoiby-tiltalt-for\/s\/5-95-2571897\" rel=\"Follow nofollow noopener\" target=\"_blank\">tiltales for voldtekt av fire ulike kvinner, mishandling av en kj\u00e6reste og to tilfeller av vold mot enda en ekskj\u00e6reste<\/a>.<\/p>\n<p>Til sammen er han anklaget for 32 straffbare forhold, men en rekke av disse er mindre alvorlige ting som trafikkforseelser.<\/p>\n<p><a href=\"https:\/\/www.nettavisen.no\/nyheter\/hoibys-forsvarere-om-tiltalen-veldig-alvorlig\/s\/5-95-2573128\" rel=\"Follow nofollow noopener\" target=\"_blank\">H\u00f8iby nekter straffskyld for de mest alvorlige anklagene<\/a>, men har innr\u00f8mmet ett tilfelle av vold mot den s\u00e5kalte Frogner-kvinnen og skadeverk i boligen hennes. Han har ogs\u00e5 innr\u00f8mmet en drapstrussel mot en mann og noen av trafikkforseelsene.<\/p>\n<p>            Dette er Marius Borg H\u00f8iby tiltalt for:<\/p>\n<p>H\u00f8iby er tiltalt for 32 forhold, det inkluderer blant annet:<\/p>\n<ul>\n<li>Fire voldtekter av fire ulike kvinner<\/li>\n<li>Mishandling i n\u00e6re relasjoner mot en tidligere samboer<\/li>\n<li>Mot en annen tidligere samboer er H\u00f8iby tiltalt for flere voldshandlinger, fredskrenkelser, skadeverk og brudd p\u00e5 bes\u00f8ksforbud.<\/li>\n<li>Ulovlig filming av en rekke kvinner, der han skal ha filmet underlivet deres uten deres viten eller samtykke.<\/li>\n<li>Drapstrusler<\/li>\n<li>Forulemping av politiet<\/li>\n<li>Trafikklovbrudd<\/li>\n<\/ul>\n<p>Den \u00f8vre strafferammen for forholdene i tiltalebeslutningen er fengsel i inntil ti \u00e5r, if\u00f8lge statsadvokaten.<\/p>\n<p>  <a href=\"https:\/\/www.rb.no\/5-43-2546741\" class=\"related-teaser has-image default-story-teaser article--c-eRUmMG article--c-eRUmMG-jKCPdD-design-default\" rel=\"nofollow noopener\" target=\"_blank\"><\/p>\n<p>    <img decoding=\"async\" loading=\"lazy\"  src=\"https:\/\/www.europesays.com\/no\/wp-content\/uploads\/2025\/08\/1755780969_997_56tmeYxMJwk.jpg\" alt=\"\" class=\"brick-c-cFOWSL\" style=\"\"\/><\/p>\n<p>\n            Les ogs\u00e5<\/p>\n<p>              Sjokkert etter H\u00f8iby-avsl\u00f8ring: \u2013 Kronprinsen har \u00e5penbart ikke forst\u00e5tt alvoret\n        <\/p>\n<p>  <\/a><br \/>\n  Mener Mette-Marit ikke har relevant informasjon<\/p>\n<p>Statsadvokat Sturla Henriksb\u00f8 informerte ogs\u00e5 om at de vil pr\u00f8ve \u00e5 f\u00e5 berammet en rettssak p\u00e5 seks uker til midten av januar neste \u00e5r, og de har langt p\u00e5 vei klart hvem de \u00f8nsker skal vitne.<\/p>\n<p>   <img decoding=\"async\" width=\"2718\" height=\"2184\" fetchpriority=\"low\"  loading=\"lazy\"  src=\"https:\/\/www.europesays.com\/no\/wp-content\/uploads\/2025\/08\/1755780969_349_NTB_3-Prhpmjk4Q.jpg\" alt=\"Oslo 20220616. &#10;Marius Borg H\u00f8iby. Regjeringens festarrangement i forbindelse med prinsesse Ingrid Alexandras myndighetsdag holdes p\u00e5 Deichman Bj\u00f8rvika, Oslos hovedbibliotek.&#10;Prinsessen Ingrid Alexandra fylte 18 \u00e5r 21. januar 2022. Markeringene av myndighetsdagen ble utsatt til juni p\u00e5 grunn av smittesituasjonen og koronarestriksjonene. Bak ses prins Sverre Magnus.&#10;Foto: Lise \u00c5serud \/ NTB \/ POOL\" class=\"brick-c-cFOWSL\" style=\"--brick-image-ratio: 2718 \/ 2184;\"\/><\/p>\n<p>    NEKTER: Marius Borg H\u00f8iby erkjenner ikke skyld for de mest alvorlige anklagene (arkivfoto).<br \/>\n    Foto: Lise \u00c5serud (NTB)\n  <\/p>\n<p>Overfor Nettavisen gjorde Henriksb\u00f8 det klart at Mette-Marit ikke blir kalt inn til vitneboksen i den omfattende rettssaken.<\/p>\n<p>\u2013 N\u00e5 er det ikke jeg som har ledet etterforskningen, men jeg har s\u00e5 klart noen meninger om vitnef\u00f8rsel under rettssaken, sier Henriksb\u00f8 til Nettavisen.<\/p>\n<p>\u2013 Men i denne saken utgj\u00f8r ikke familiemedlemmene til tiltalte (H\u00f8iby) noen sentrale bevis, slik saken er opplyst for oss.<\/p>\n<p>Blant ofrene i saken er <a href=\"https:\/\/www.nettavisen.no\/kjendis\/linni-meister-etter-tiltalen-mot-marius-borg-hoiby-trist-leit-og-vanskelig\/s\/5-95-2574131\" rel=\"Follow nofollow noopener\" target=\"_blank\">TV-profilen Linni Meister<\/a> som politiet mener er blitt voldtatt, og ekskj\u00e6resten Nora Haukland som <a href=\"https:\/\/www.nettavisen.no\/kjendis\/politiet-snur-om-nora-haukland-i-hoiby-saken-tiltalt-for-mishandling-i-nare-relasjoner\/s\/5-95-2573299\" rel=\"Follow nofollow noopener\" target=\"_blank\">politiet mener er blitt mishandlet<\/a>.<\/p>\n<p>   <img decoding=\"async\" width=\"6000\" height=\"4000\" fetchpriority=\"low\"  loading=\"lazy\"  src=\"https:\/\/www.europesays.com\/no\/wp-content\/uploads\/2025\/08\/1755780970_361_NTB_UIF3iv5kVd8.jpg\" alt=\"Oslo 20250818. &#10;Statsadvokat Sturla Henriksb\u00f8 orienterer om avgj\u00f8relse av tiltalesp\u00f8rsm\u00e5let for Marius Borg H\u00f8iby.&#10;Foto: Jonas F\u00e6ste Laksekj\u00f8n \/ NTB\" class=\"brick-c-cFOWSL\" style=\"--brick-image-ratio: 6000 \/ 4000;\"\/><\/p>\n<p>    TROR P\u00c5 DOM: Statsadvokat Sturla Henriksb\u00f8.<br \/>\n    Foto: Jonas F\u00e6ste Laksekj\u00f8n\n  <\/p>\n<p>Henriksb\u00f8 poengterer ogs\u00e5 at <a href=\"https:\/\/lovdata.no\/lov\/1981-05-22-25\/%C2%A7122\" rel=\"Follow nofollow noopener\" target=\"_blank\">foreldre ikke har noen vitneplikt<\/a> i saker som gjelder deres barn. I tillegg har Mette-Marit fritak fra \u00e5 vitne i kraft av \u00e5 v\u00e6re kronprinsesse. Dette g\u00e5r fram av <a href=\"https:\/\/lovdata.no\/lov\/1814-05-17-nn\/%C2%A737\" rel=\"Follow nofollow noopener\" target=\"_blank\">Grunnlovens \u00a7 37<\/a>.<\/p>\n<p>\u2013 N\u00e5r foreldre ikke har vitneplikt er det ikke vanlig \u00e5 avh\u00f8re dem, med mindre de har v\u00e6rt til stede og gjort noen observasjoner, eller p\u00e5 andre m\u00e5ter kan ha bevis som man ikke kan f\u00e5 lagt fram p\u00e5 noen annen m\u00e5te, sier Henriksb\u00f8.<\/p>\n<p>  <a href=\"https:\/\/www.rb.no\/5-43-2546124\" class=\"related-teaser has-image default-story-teaser article--c-eRUmMG article--c-eRUmMG-jKCPdD-design-default\" rel=\"nofollow noopener\" target=\"_blank\"><\/p>\n<p>    <img decoding=\"async\" loading=\"lazy\"  src=\"https:\/\/www.europesays.com\/no\/wp-content\/uploads\/2025\/08\/NTB_2VqBKZo87yI+%281%29.jpg\" alt=\"\" class=\"brick-c-cFOWSL\" style=\"\"\/><\/p>\n<p>\n            Les ogs\u00e5<\/p>\n<p>              Skandalebildet: Hevder posen tilh\u00f8rte Marius Borg H\u00f8iby\n        <\/p>\n<p>  <\/a><br \/>\n  Advokat fikk Mette-Marit-avslag<\/p>\n<p>Under etterforskningen av H\u00f8iby-saken ville advokat Petter Gr\u00f8dem at politiet skulle kalle inn Mette-Marit til avh\u00f8r. Dette var i oktober, selv om hun ikke har noen plikt til \u00e5 si noe. Han mente at kronprinsessen hadde opplysninger som kunne tale for hans klient, modellen og skuespilleren Juliane Snekkestad, som tidligere har v\u00e6rt samboer med H\u00f8iby i T\u00f8nsberg.<\/p>\n<p>Politiet etterforsket H\u00f8iby for den strenge bestemmelsen om mishandling av kj\u00e6rester, men henla saken fordi de mente de ikke kunne bevise skyld i retten. Snekkestad klaget heller ikke p\u00e5 avgj\u00f8relsen, <a href=\"https:\/\/www.nettavisen.no\/nyheter\/snekkestad-har-avgjort-om-hun-vil-klage-pa-hoiby-henleggelse\/s\/5-95-2533633\" rel=\"Follow nofollow noopener\" target=\"_blank\">men kom med en sterk melding i sosiale medier med sin begrunnelse<\/a>.<\/p>\n<p>   <img decoding=\"async\" width=\"1600\" height=\"900\" fetchpriority=\"low\"  loading=\"lazy\"  src=\"https:\/\/www.europesays.com\/no\/wp-content\/uploads\/2025\/08\/1755780970_938_5_95_1105789_snekkestad.jpg\" alt=\"Juliane Snekkestad klinte til p\u00e5 17. mai med ny kj\u00e6reste Influenseren og modellen viste fram kj\u00e6resten for f\u00f8rste gang etter bruddet med Marius Borg H\u00f8iby. Influenseren og modellen viste fram kj\u00e6resten for f\u00f8rste gang etter bruddet med Marius Borg H\u00f8iby.\" class=\"brick-c-cFOWSL\" style=\"--brick-image-ratio: 1600 \/ 900;\"\/><\/p>\n<p>    FIKK NEI: Ekssamboeren til H\u00f8iby, modellen og skuespilleren Juliane Snekkestad, fikk ikke gjennomslag for \u00e5 kalle Mette-Marit inn til avh\u00f8r.<br \/>\n    Foto: Nettavisen\n  <\/p>\n<p>Mette-Marit ble aldri kalt inn til avh\u00f8r, noe politiet begrunnet med at hun uansett ikke plikter \u00e5 vitne, verken som mor eller kronprinsesse. Dette kommer frem i et brev Gr\u00f8dem mottok i desember i fjor.<\/p>\n<p>\u00abI tillegg er saken i ferd med \u00e5 bli tilstrekkelig etterforsket til at sp\u00f8rsm\u00e5let om p\u00e5tale kan avgj\u00f8res. Foruten forn\u00e6rmede og siktede er det gjennomf\u00f8rt 14 vitneavh\u00f8r i saken\u00bb, skrev politiadvokat Andreas Kruszewski i et svarbrev til advokat Gr\u00f8dem.<\/p>\n<p>Videre skrev han i brevet at politiet hadde mottatt relevante skriftlige bevis som det i hovedsak var aktuelt for Mette-Marit \u00e5 forklare seg om.<\/p>\n<p>\u00abForn\u00e6rmede (Snekkestad) har ogs\u00e5 bidratt til etterforskningen med sin forklaring, og eventuelle ytterligere observasjoner som siktedes mor har gjort, vil etter v\u00e5rt syn ikke endre det konkrete utfallet av saken\u00bb.<\/p>\n<p>   <img decoding=\"async\" width=\"4032\" height=\"2268\" fetchpriority=\"low\"  loading=\"lazy\"  src=\"https:\/\/www.europesays.com\/no\/wp-content\/uploads\/2025\/08\/Advokat+Petter+Grdem.+Oslo+tingrett+14.02.25.+Foto.+Farid+Ighoubah+2.jpg\" alt=\"\" class=\"brick-c-cFOWSL\" style=\"--brick-image-ratio: 4032 \/ 2268;\"\/><\/p>\n<p>    UENIG: Advokat Petter Gr\u00f8dem mente det var grunn for \u00e5 kalle Mette-Marit inn til avh\u00f8r.<br \/>\n    Foto: Farid Ighoubah (Nettavisen)\n  <\/p>\n<p>  Dropper Ingrid Alexandra i vitneboksen<\/p>\n<p>Statsadvokat Henriksb\u00f8 sier ogs\u00e5 til Nettavisen at det ikke er aktuelt for p\u00e5talemyndigheten \u00e5 kalle inne Snekkestad til \u00e5 vitne i saken.<\/p>\n<p>Forsvarerne Petar Sekulic og Ellen Holager Anden\u00e6s utelukker ogs\u00e5 \u00e5 kalle inn Mette-Marit som vitne for deres klient.<\/p>\n<p>\u2013 Vi mener det samme som p\u00e5talemyndigheten, at hun ikke har informasjon av betydning for bevisvurderingen. Vi kommer til \u00e5 kalle inn egne vitner, men vi st\u00e5r p\u00e5 at H\u00f8ibys familie og kronprinsessen ikke vil v\u00e6re av betydning, sier Sekulic og Anden\u00e6s til Nettavisen.<\/p>\n<p>   <img decoding=\"async\" width=\"4032\" height=\"2268\" fetchpriority=\"low\"  loading=\"lazy\"  src=\"https:\/\/www.europesays.com\/no\/wp-content\/uploads\/2025\/08\/Advokatene+Ellen+Holager+Andens+og+Petar+Sekulic.bin\" alt=\"Advokatene Ellen Holager Anden\u00e6s og Petar Sekulic. Tiltale mot Marius Borg H\u00f8iby tatt ut mandag 18.08.25.&#10;&#10;Oslo &#10;18.08.25\" class=\"brick-c-cFOWSL\" style=\"--brick-image-ratio: 4032 \/ 2268;\"\/><\/p>\n<p>    T\u00d8FF JOBB: Advokatene Petar Sekulic (t.v.) og Ellen Holager Anden\u00e6s forsvarer H\u00f8iby.<br \/>\n    Foto: Farid Ighoubah (Nettavisen)\n  <\/p>\n<p>Det har skapt debatt at prinsesse Ingrid Alexandra i offentligheten har gitt ros til storebror H\u00f8iby. P\u00e5 sin 18-\u00e5rsdag i januar 2022 takket hun ham for alt hun hadde l\u00e6rt og for at han alltid beskyttet henne. I ettertid fikk hun <a href=\"https:\/\/www.nettavisen.no\/norsk-debatt\/marius-borg-hoiby-er-et-farlig-forbilde-for-ingrid-alexandra\/o\/5-95-2037314\" rel=\"Follow nofollow noopener\" target=\"_blank\">blant annet kritikk av Nettavisens kongehusekspert Tove Taalesen<\/a>.<\/p>\n<p>Selv om storebror jevnlig f\u00e5r st\u00f8tte av sin s\u00f8ster og fremtidig dronning, er det ikke aktuelt \u00e5 ha henne i vitneboksen. Som halvs\u00f8ster til H\u00f8iby har hun ikke vitneplikt, og hun har som prinsesse uansett ikke polikt til \u00e5 vitne i en rettssak.<\/p>\n<p>\u2013 Det er sv\u00e6rt sjelden det er interessant \u00e5 ha n\u00e6re familiemedlemmer som karaktervitner. Da f\u00e5r den tiltalte som regel positiv omtale og dette blir sv\u00e6rt sjelden vektlagt av retten, sier Sekulic og Anden\u00e6s.<\/p>\n<p>\u2013 Det er ikke noe annerledes i denne familien.<\/p>\n","protected":false},"excerpt":{"rendered":"(Nettavisen): Mandag ble det klart at kronprinsesse Mette-Marits s\u00f8nn, Marius Borg H\u00f8iby, tiltales for voldtekt av fire ulike&hellip;\n","protected":false},"author":2,"featured_media":13198,"comment_status":"","ping_status":"","sticky":false,"template":"","format":"standard","meta":{"footnotes":""},"categories":[10],"tags":[36,20,21,24,25,15,479,22,23,400,13,30,28,29,14,16,1510,26,27],"class_list":{"0":"post-14225","1":"post","2":"type-post","3":"status-publish","4":"format-standard","5":"has-post-thumbnail","7":"category-norge","8":"tag-art","9":"tag-breaking-news","10":"tag-breakingnews","11":"tag-featured-news","12":"tag-featurednews","13":"tag-headlines","14":"tag-kjendis","15":"tag-latest-news","16":"tag-latestnews","17":"tag-marius-borg-hoiby","18":"tag-news","19":"tag-no","20":"tag-norge","21":"tag-norway","22":"tag-nyheter","23":"tag-overskrifter","24":"tag-story","25":"tag-top-stories","26":"tag-topstories"},"share_on_mastodon":{"url":"","error":""},"_links":{"self":[{"href":"https:\/\/www.europesays.com\/no\/wp-json\/wp\/v2\/posts\/14225","targetHints":{"allow":["GET"]}}],"collection":[{"href":"https:\/\/www.europesays.com\/no\/wp-json\/wp\/v2\/posts"}],"about":[{"href":"https:\/\/www.europesays.com\/no\/wp-json\/wp\/v2\/types\/post"}],"author":[{"embeddable":true,"href":"https:\/\/www.europesays.com\/no\/wp-json\/wp\/v2\/users\/2"}],"replies":[{"embeddable":true,"href":"https:\/\/www.europesays.com\/no\/wp-json\/wp\/v2\/comments?post=14225"}],"version-history":[{"count":0,"href":"https:\/\/www.europesays.com\/no\/wp-json\/wp\/v2\/posts\/14225\/revisions"}],"wp:featuredmedia":[{"embeddable":true,"href":"https:\/\/www.europesays.com\/no\/wp-json\/wp\/v2\/media\/13198"}],"wp:attachment":[{"href":"https:\/\/www.europesays.com\/no\/wp-json\/wp\/v2\/media?parent=14225"}],"wp:term":[{"taxonomy":"category","embeddable":true,"href":"https:\/\/www.europesays.com\/no\/wp-json\/wp\/v2\/categories?post=14225"},{"taxonomy":"post_tag","embeddable":true,"href":"https:\/\/www.europesays.com\/no\/wp-json\/wp\/v2\/tags?post=14225"}],"curies":[{"name":"wp","href":"https:\/\/api.w.org\/{rel}","templated":true}]}}