{"id":142345,"date":"2026-01-20T12:23:10","date_gmt":"2026-01-20T12:23:10","guid":{"rendered":"https:\/\/www.europesays.com\/no\/142345\/"},"modified":"2026-01-20T12:23:10","modified_gmt":"2026-01-20T12:23:10","slug":"flora-vesterberg-venter-sitt-forste-barn","status":"publish","type":"post","link":"https:\/\/www.europesays.com\/no\/142345\/","title":{"rendered":"Flora Vesterberg venter sitt f\u00f8rste barn"},"content":{"rendered":"<p class=\"kicker \" style=\"\">Gladnyhet for britene:<\/p>\n<p>    \u00abVi er overlykkelige\u00bb, skriver de vordende foreldrene!<\/p>\n<p>\n    FAMILIEFOR\u00d8KELSE: Flora Vestberg venter sitt f\u00f8rste barn! Her sammen med ektemannen Timothy. Foto: Skjermdump fra Instagram\n  <\/p>\n<p>Selv om skandalene har st\u00e5tt i k\u00f8 i den britiske kongefamilien det siste \u00e5ret, er det n\u00e5 dags for \u00e5 juble litt &#8211; ogs\u00e5.<\/p>\n<p>Barnebarnet til prinsesse Alexandra, Flora Vesterberg (31) og ektemannen Timothy venter nemlig sitt f\u00f8rste barn sammen!<\/p>\n<p>    <a itemprop=\"url\" href=\"https:\/\/www.seher.no\/kongelig\/gripende-farvel\/84115339\" rel=\"nofollow noopener\" target=\"_blank\"><\/p>\n<p>        <img loading=\"lazy\" decoding=\"async\" src=\"https:\/\/www.europesays.com\/no\/wp-content\/uploads\/2026\/01\/84115349.webp.webp\" width=\"980\" height=\"441\" title=\"Gripende farvel\" alt=\"\" class=\"lazyload\" style=\"--aspect-ratio-image: 2.22; \"\/><\/p>\n<p>        Gripende farvel<\/p>\n<p>    <\/a><\/p>\n<p>Det glade budskap er det Flora selv som deler i et innlegg p\u00e5 bildedelingstjenesten Instagram.<\/p>\n<p>        R\u00d8PER: TV2 beklager etter at produksjonen \u00f8dela for flere av \u00e5rets Farmen Kjendis deltakere. Reporter: Karolina Grace. Video: TV2. <\/p>\n<p>\u00abVi er overlykkelig! Jeg og Timothy venter v\u00e5rt f\u00f8rste barn\u00bb, heter det blant annet i bildeteksten.<\/p>\n<p>Den lille hjerteknuseren vil bli det f\u00f8rste oldebarnet til prinsesse Alexandra av Kent.<\/p>\n<p>        <img loading=\"lazy\" decoding=\"async\" src=\"https:\/\/www.europesays.com\/no\/wp-content\/uploads\/2026\/01\/84121628.webp.webp\" width=\"667\" height=\"381\" title=\"GLEDE: Prinsesse Alexandra av Kent skal bli oldemor for f\u00f8rste gang! Her avbildet med sin avd\u00f8de ektemann Sir Angus Ogilvy ved en tidligere anledning. Foto: Nina Rang\u00f8y \/ SCANPIX .\" alt=\"\" class=\"\" style=\"--aspect-ratio-image: 1.75; \"\/><\/p>\n<p>\n        GLEDE: Prinsesse Alexandra av Kent skal bli oldemor for f\u00f8rste gang! Her avbildet med sin avd\u00f8de ektemann Sir Angus Ogilvy ved en tidligere anledning. Foto: Nina Rang\u00f8y \/ SCANPIX .\n    <\/p>\n<p>Prinsesse Alexandra er kusinen til avd\u00f8de dronning Elizabeth II og et arbeidende medlem av den britiske kongefamilien.<\/p>\n","protected":false},"excerpt":{"rendered":"Gladnyhet for britene: \u00abVi er overlykkelige\u00bb, skriver de vordende foreldrene! FAMILIEFOR\u00d8KELSE: Flora Vestberg venter sitt f\u00f8rste barn! Her&hellip;\n","protected":false},"author":2,"featured_media":142346,"comment_status":"","ping_status":"","sticky":false,"template":"","format":"standard","meta":{"footnotes":"","_share_on_mastodon":"0"},"categories":[58],"tags":[3068,7490,4104,71,76,30,28,29,9498,72],"class_list":["post-142345","post","type-post","status-publish","format-standard","has-post-thumbnail","category-underholdning","tag-baby","tag-babynyhet","tag-eksklusivt","tag-entertainment","tag-kongelig","tag-no","tag-norge","tag-norway","tag-prinsesse-alexandra","tag-underholdning"],"share_on_mastodon":{"url":"https:\/\/pubeurope.com\/@no\/115927410548080829","error":""},"_links":{"self":[{"href":"https:\/\/www.europesays.com\/no\/wp-json\/wp\/v2\/posts\/142345","targetHints":{"allow":["GET"]}}],"collection":[{"href":"https:\/\/www.europesays.com\/no\/wp-json\/wp\/v2\/posts"}],"about":[{"href":"https:\/\/www.europesays.com\/no\/wp-json\/wp\/v2\/types\/post"}],"author":[{"embeddable":true,"href":"https:\/\/www.europesays.com\/no\/wp-json\/wp\/v2\/users\/2"}],"replies":[{"embeddable":true,"href":"https:\/\/www.europesays.com\/no\/wp-json\/wp\/v2\/comments?post=142345"}],"version-history":[{"count":0,"href":"https:\/\/www.europesays.com\/no\/wp-json\/wp\/v2\/posts\/142345\/revisions"}],"wp:featuredmedia":[{"embeddable":true,"href":"https:\/\/www.europesays.com\/no\/wp-json\/wp\/v2\/media\/142346"}],"wp:attachment":[{"href":"https:\/\/www.europesays.com\/no\/wp-json\/wp\/v2\/media?parent=142345"}],"wp:term":[{"taxonomy":"category","embeddable":true,"href":"https:\/\/www.europesays.com\/no\/wp-json\/wp\/v2\/categories?post=142345"},{"taxonomy":"post_tag","embeddable":true,"href":"https:\/\/www.europesays.com\/no\/wp-json\/wp\/v2\/tags?post=142345"}],"curies":[{"name":"wp","href":"https:\/\/api.w.org\/{rel}","templated":true}]}}