{"id":142413,"date":"2026-01-20T13:46:08","date_gmt":"2026-01-20T13:46:08","guid":{"rendered":"https:\/\/www.europesays.com\/no\/142413\/"},"modified":"2026-01-20T13:46:08","modified_gmt":"2026-01-20T13:46:08","slug":"laget-spleis-for-trebarnsfamilie-som-mistet-alt-i-brann","status":"publish","type":"post","link":"https:\/\/www.europesays.com\/no\/142413\/","title":{"rendered":"Laget Spleis for trebarnsfamilie som mistet alt i brann"},"content":{"rendered":"<p>    <img width=\"980\" height=\"653\" src=\"https:\/\/www.europesays.com\/no\/wp-content\/uploads\/2026\/01\/brann-9-980x653.jpg\" class=\"attachment-featured size-featured wp-post-image\" alt=\"\" decoding=\"async\" fetchpriority=\"high\"  \/>    Foto: Mariann Vatne  <\/p>\n<p>            <img loading=\"lazy\" alt=\"\" src=\"https:\/\/www.europesays.com\/no\/wp-content\/uploads\/2026\/01\/mystery.jpg\"  class=\"avatar avatar-100 photo\" height=\"100\" width=\"100\" decoding=\"async\"\/><\/p>\n<p>Publisert: 20. januar 2026 kl. 10:59<\/p>\n<p>Oppdatert: 20. januar 2026 kl. 11:32<\/p>\n<p>Trebarnsfamilien mistet alt de eide da boligen deres i Sandnessj\u00f8en brant mandag ettermiddag. N\u00e5 samles det inn penger for \u00e5 hjelpe familien i akuttfasen.<\/p>\n<p>\u2013 Alle pengene som samles inn vil g\u00e5 til \u00e5 dekke n\u00f8dvendige og akutte utgifter for familien etter husbrannen, som kl\u00e6r, utstyr til barna, midlertidig bolig og andre grunnleggende behov i tiden fremover.<\/p>\n<p>Artikkelen fortsetter under annonsen<\/p>\n<p>Artikkelen fortsetter under annonsen<\/p>\n<p>Det skriver Cecilie Marie J\u00f8lstad som har opprettet Spleisen. <a href=\"https:\/\/www.spleis.no\/project\/479847\" rel=\"nofollow noopener\" target=\"_blank\"><strong>Lenke til Spleisen ligger her<\/strong><\/a>.<\/p>\n<p>Mistet alt<\/p>\n<p>Til alt hell var ingen hjemme da brannen br\u00f8t ut i boligen familien leier i Bj\u00f8rnsonsgate i Sandnessj\u00f8en.<\/p>\n<p>Men ekteparet Johannes og Therese Konstanse Ottestad og de tre sm\u00e5 barna deres mistet alt de eide i brannen. Navnene brukes i samr\u00e5d med familien.<\/p>\n<p>Cecilie Marie J\u00f8lstad opprettet Spleisen for \u00e5 st\u00f8tte familien i akuttfasen etter brannen.<\/p>\n<p>I skrivende stund er det kommet inn n\u00e6rmere 40.000 kroner av et m\u00e5l p\u00e5 20.000 kroner. S\u00e5 langt har 139 givere gitt penger til form\u00e5let.<\/p>\n<p>St\u00f8tte<\/p>\n<p>\u2013 Dette er en sm\u00e5barnsfamilie som n\u00e5 st\u00e5r uten hjem, kl\u00e6r, m\u00f8bler og helt hverdagslige ting som mange av oss tar for gitt. Midt i sjokket og sorgen over det som er tapt, m\u00e5 de samtidig skape trygghet og stabilitet for barna sine, skriver J\u00f8lstad i beskrivelsen av form\u00e5let, og tilf\u00f8yer:<\/p>\n<p>\u2013 Denne spleisen er ment som en h\u00e5ndsrekning i en ekstremt vanskelig tid. Bidragene vil g\u00e5 til helt n\u00f8dvendige utgifter i tiden fremover \u2013 som kl\u00e6r, utstyr til barna, og andre grunnleggende behov, slik at familien kan f\u00e5 litt st\u00f8tte i det de st\u00e5r i n\u00e5.<\/p>\n","protected":false},"excerpt":{"rendered":"Foto: Mariann Vatne Publisert: 20. januar 2026 kl. 10:59 Oppdatert: 20. januar 2026 kl. 11:32 Trebarnsfamilien mistet alt&hellip;\n","protected":false},"author":2,"featured_media":142414,"comment_status":"","ping_status":"","sticky":false,"template":"","format":"standard","meta":{"footnotes":"","_share_on_mastodon":"0"},"categories":[10],"tags":[7876,20,21,24,25,15,22,23,13,30,28,29,14,16,1953,7670,16080,26,27],"class_list":["post-142413","post","type-post","status-publish","format-standard","has-post-thumbnail","category-norge","tag-boligbrann","tag-breaking-news","tag-breakingnews","tag-featured-news","tag-featurednews","tag-headlines","tag-latest-news","tag-latestnews","tag-news","tag-no","tag-norge","tag-norway","tag-nyheter","tag-overskrifter","tag-sandnessjoen","tag-spleis","tag-stotte","tag-top-stories","tag-topstories"],"share_on_mastodon":{"url":"https:\/\/pubeurope.com\/@no\/115927736849910015","error":""},"_links":{"self":[{"href":"https:\/\/www.europesays.com\/no\/wp-json\/wp\/v2\/posts\/142413","targetHints":{"allow":["GET"]}}],"collection":[{"href":"https:\/\/www.europesays.com\/no\/wp-json\/wp\/v2\/posts"}],"about":[{"href":"https:\/\/www.europesays.com\/no\/wp-json\/wp\/v2\/types\/post"}],"author":[{"embeddable":true,"href":"https:\/\/www.europesays.com\/no\/wp-json\/wp\/v2\/users\/2"}],"replies":[{"embeddable":true,"href":"https:\/\/www.europesays.com\/no\/wp-json\/wp\/v2\/comments?post=142413"}],"version-history":[{"count":0,"href":"https:\/\/www.europesays.com\/no\/wp-json\/wp\/v2\/posts\/142413\/revisions"}],"wp:featuredmedia":[{"embeddable":true,"href":"https:\/\/www.europesays.com\/no\/wp-json\/wp\/v2\/media\/142414"}],"wp:attachment":[{"href":"https:\/\/www.europesays.com\/no\/wp-json\/wp\/v2\/media?parent=142413"}],"wp:term":[{"taxonomy":"category","embeddable":true,"href":"https:\/\/www.europesays.com\/no\/wp-json\/wp\/v2\/categories?post=142413"},{"taxonomy":"post_tag","embeddable":true,"href":"https:\/\/www.europesays.com\/no\/wp-json\/wp\/v2\/tags?post=142413"}],"curies":[{"name":"wp","href":"https:\/\/api.w.org\/{rel}","templated":true}]}}