{"id":14270,"date":"2025-08-21T13:52:10","date_gmt":"2025-08-21T13:52:10","guid":{"rendered":"https:\/\/www.europesays.com\/no\/14270\/"},"modified":"2025-08-21T13:52:10","modified_gmt":"2025-08-21T13:52:10","slug":"zelenskyj-onsker-amerikansk-vapen-til-nesten-1000-milliarder-kroner","status":"publish","type":"post","link":"https:\/\/www.europesays.com\/no\/14270\/","title":{"rendered":"Zelenskyj \u00f8nsker amerikansk v\u00e5pen til nesten 1000 milliarder kroner"},"content":{"rendered":"\n<ul class=\"_list_1bvmi_3 _list_1flq1_85 _unordered_1bvmi_99 text-sans-m\">\n<li class=\"_item_1bvmi_30\">Zelenskyj vil kj\u00f8pe amerikanske v\u00e5pen for 90 mrd. dollar for \u00e5 sikre amerikanske sikkerhetsgarantier.<\/li>\n<li class=\"_item_1bvmi_30\">Financial Time sier at Europa tar regningen.<\/li>\n<li class=\"_item_1bvmi_30\">Sjef\u00f8konom Andreassen mener at det ikke er nye penger; det kan f\u00f8res som Nato-utgifter og er \u00abpiece of cake\u00bb.<\/li>\n<li class=\"_item_1bvmi_30\">St\u00f8re sier Norge m\u00e5 forholde seg til hva Trump sier.<\/li>\n<\/ul>\n<p>Vis mer <\/p>\n<p class=\"_paragraph_1bvmi_4 _paragraph_xtcu6_10 layout-component text-serif-m layout-normal text-serif-m layout-padded\">Volodymyr Zelenskyj hadde med seg syv europeiske ledere og en milliardtung pengesekk til Washington, D.C. mandag denne uken.<\/p>\n<p class=\"_paragraph_1bvmi_4 _paragraph_xtcu6_10 layout-component text-serif-m layout-normal text-serif-m layout-padded\">Ukrainas president vil kj\u00f8pe amerikansk v\u00e5pen. <a href=\"https:\/\/www.vg.no\/nyheter\/i\/2526MB\/ekspert-etter-moete-mellom-trump-og-zelenskyj-kan-aldri-stole-paa-trump\" data-track-element-type=\"Link\" data-track-id=\"link:2526MB\" class=\"_link_1bvmi_39\" rel=\"nofollow noopener\" target=\"_blank\">Prislappen: 90 milliarder dollar, omtrent 950 milliarder kroner<\/a>. <\/p>\n<p class=\"_paragraph_1bvmi_4 _paragraph_xtcu6_10 layout-component text-serif-m layout-normal text-serif-m layout-padded\">Og hvem skal betale? Onkel Skrue heter i dette tilfellet Europa, if\u00f8lge <a href=\"https:\/\/www.ft.com\/content\/8dad9c67-59da-4f38-b43a-3d6ba5f1df57\" class=\"_link_1bvmi_39\" rel=\"nofollow noopener\" target=\"_blank\">Financial Times<\/a>, som har sett interne dokumenter.<\/p>\n<p class=\"_paragraph_1bvmi_4 _paragraph_xtcu6_10 layout-component text-serif-m layout-normal text-serif-m layout-padded\"><strong class=\"_strong_1bvmi_25\">M\u00e5let er \u00e5 sikre amerikanske sikkerhetsgarantiersikkerhetsgarantierL\u00f8fter fra et annet land \u2013 i dette tilfellet USA \u2013 om \u00e5 beskytte Ukraina milit\u00e6rt eller politisk dersom landet blir angrepet. for Ukraina.<\/strong><\/p>\n<p class=\"_paragraph_1bvmi_4 _paragraph_xtcu6_10 layout-component text-serif-m layout-normal text-serif-m layout-padded\">Men hvor skal Europa hente pengene?<\/p>\n<p><img alt=\"\u00abMo money? No problem\u00bb.  Foto: ANDREW CABALLERO-REYNOLDS \/ AFP \/ NTB\" class=\"_image_qp4xg_65 layout-component layout-normal\" data-fullscreen- data-track-element-type=\"Article image fullscreen\" data-track-name=\"ImageFullscreen\" decoding=\"async\" loading=\"lazy\" height=\"3201\" itemprop=\"image\"  src=\"https:\/\/www.europesays.com\/no\/wp-content\/uploads\/2025\/08\/52acc038-bcca-42be-afc7-405b20703578\"  style=\"object-position:0% 0%\" width=\"4880\"\/>\u00abMo money? No problem\u00bb.  Foto: ANDREW CABALLERO-REYNOLDS \/ AFP \/ NTB<\/p>\n<p class=\"_paragraph_1bvmi_4 _paragraph_xtcu6_10 layout-component text-serif-m layout-normal text-serif-m layout-padded\">Detaljene om v\u00e5penkj\u00f8pet er enn\u00e5 ikke offisielt bekreftet. Likevel er sjef\u00f8konom Harald Magnus Andreassen i Sparebank1 Markets trygg p\u00e5 \u00e9n ting: Dette er neppe friske midler.<\/p>\n<p class=\"_paragraph_1bvmi_4 _paragraph_xtcu6_10 layout-component text-serif-m layout-normal text-serif-m layout-padded\">\u2013 Det er helt usannsynlig at det er nye penger. Definitivt ikke, sier han til VG.<\/p>\n<p class=\"_paragraph_1bvmi_4 _paragraph_xtcu6_10 layout-component text-serif-m layout-normal text-serif-m layout-padded\">Andreassen mener den mulige utgiften bokf\u00f8res i Nato-utgiftene til Europa.<\/p>\n<p><img decoding=\"async\" alt=\"Bilde av Harald Magnus Andreassen\" class=\"_image_ygndg_42\" height=\"27\" itemprop=\"image\" loading=\"lazy\"  src=\"https:\/\/www.europesays.com\/no\/wp-content\/uploads\/2025\/08\/61ee8e75-076a-49e7-bac1-65c655acc90d\"  width=\"40\"\/><strong class=\"_name_ygndg_51 title-serif-xs\">Harald Magnus Andreassen<\/strong><\/p>\n<p class=\"_paragraph_1bvmi_4 text-sans-m _description_ygndg_56\">Sjef\u00f8konom Sparebank1 Markets<\/p>\n<p class=\"_paragraph_1bvmi_4 _paragraph_xtcu6_10 layout-component text-serif-m layout-normal text-serif-m layout-padded\">Han peker p\u00e5 at europeiske Nato-land allerede har vedtatt \u00e5 <a href=\"https:\/\/www.vg.no\/nyheter\/i\/OoK84A\/nato-landene-har-vedtatt-5-prosentmaalet\" data-track-element-type=\"Link\" data-track-id=\"link:OoK84A\" class=\"_link_1bvmi_39\" rel=\"nofollow noopener\" target=\"_blank\">trappe opp forsvarsutgiftene kraftig<\/a> \u2013 fra dagens niv\u00e5 p\u00e5 rundt 2 prosent av BNP til 5 prosent5 prosent3,5 prosent er \u00f8remerket rene forsvarsutgifter, mens 1,5 prosent skal brukes p\u00e5 tiltak som styrker landets sikkerhet, som sivil beredskap, infrastruktur, energisikkerhet og forsyningssikkerhet.. <\/p>\n<p class=\"_paragraph_1bvmi_4 _paragraph_xtcu6_10 layout-component text-serif-m layout-normal text-serif-m layout-padded\">Og her kommer regnestykket hans:<\/p>\n<ul class=\"_list_1bvmi_3 _list_xtcu6_9 _unordered_1bvmi_99 layout-component text-serif-m layout-normal text-serif-m layout-padded\">\n<li class=\"_item_1bvmi_30\">\u00c5 g\u00e5 fra 2 til 5 prosent betyr rundt 750 milliarder dollar ekstra i forsvarsutgifter hvert \u00e5r for europeiske medlemsland.<\/li>\n<li class=\"_item_1bvmi_30\">Hvis Europa i tillegg skal kj\u00f8pe amerikanske v\u00e5pen til Ukraina for 90 milliarder dollar fordelt over for eksempel fem \u00e5r, utgj\u00f8r det rundt 18 milliarder dollar i \u00e5ret.<\/li>\n<li class=\"_item_1bvmi_30\">Det tilsvarer 2,4 prosent av \u00f8kningen som uansett kommer.<\/li>\n<\/ul>\n<p class=\"_paragraph_1bvmi_4 _paragraph_xtcu6_10 layout-component text-serif-m layout-normal text-serif-m layout-padded\">\u2013 Det er en \u00abpiece of cake\u00bb for europeerne, som allerede har bestemt seg for \u00e5 trappe opp, oppsummerer Andreassen.<\/p>\n<p class=\"_paragraph_1bvmi_4 _paragraph_xtcu6_10 layout-component text-serif-m layout-normal text-serif-m layout-padded\">Dermed blir v\u00e5penkj\u00f8pet som Zelenskyj har tilbudt, if\u00f8lge sjef\u00f8konomen, enkelt \u00e5 bokf\u00f8re i regnskapene \u2013 uten at det fremst\u00e5r som en ny utgift.<\/p>\n<p><img decoding=\"async\" alt=\"Bilde av St\u00e5le Ulriksen\" class=\"_image_ygndg_42\" height=\"53\" itemprop=\"image\" loading=\"lazy\"  src=\"https:\/\/www.europesays.com\/no\/wp-content\/uploads\/2025\/08\/fc49b181-c5b3-476e-8f3a-7580c7cff854\"  width=\"40\"\/><strong class=\"_name_ygndg_51 title-serif-xs\">St\u00e5le Ulriksen<\/strong><\/p>\n<p class=\"_paragraph_1bvmi_4 text-sans-m _description_ygndg_56\">Forsker og l\u00e6rer p\u00e5 FHS\/Sj\u00f8krigsskolen<\/p>\n<p class=\"_paragraph_1bvmi_4 _paragraph_xtcu6_10 layout-component text-serif-m layout-normal text-serif-m layout-padded\">VG har forelagt Andreassens regnestykke for St\u00e5le Ulriksen, forsker ved Sj\u00f8krigsskolen. Han st\u00f8tter beregningene.<\/p>\n<p class=\"_paragraph_1bvmi_4 _paragraph_xtcu6_10 layout-component text-serif-m layout-normal text-serif-m layout-padded\">\u2013 Da handelsavtalen med EU ble inng\u00e5tt, sa ogs\u00e5 Trump at Europa skulle kj\u00f8pe v\u00e5pen for en slik sum fra USA. For Europa kan dette v\u00e6re det samme \u2013 ikke n\u00f8dvendigvis dobbelt opp, skriver Ulriksen til VG.<\/p>\n<p class=\"_paragraph_1bvmi_4 _paragraph_xtcu6_10 layout-component text-serif-m layout-normal text-serif-m layout-padded\">Han understreker at et slikt kj\u00f8p heller ikke trenger \u00e5 g\u00e5 utover europeisk forsvarsindustri.<\/p>\n<p class=\"_paragraph_1bvmi_4 _paragraph_xtcu6_10 layout-component text-serif-m layout-normal text-serif-m layout-padded\">\u2013 Ettersp\u00f8rselen er stor. For Norges del er det dessuten slik at Kongsberg tjener n\u00e5r Raytheon selger NASAMSNASAMSNASAMS st\u00e5r for Norwegian Advanced Surface-to-Air Missile System. Utviklet av Kongsberg Gruppen i samarbeid med amerikanske Raytheon. N\u00e5r Raytheon selger raketter og utskytningssystemer, tjener Kongsberg p\u00e5 produksjon og teknologi. til europeiske land som sender dem videre til Ukraina.<\/p>\n<p>St\u00f8re: \u2013 M\u00e5 forholde oss til hva Trump sier<\/p>\n<p class=\"_paragraph_1bvmi_4 _paragraph_xtcu6_10 layout-component text-serif-m layout-normal text-serif-m layout-padded\">Under et frokostintervju med VG tirsdag ble statsminister Jonas Gahr St\u00f8re spurt om det mulige v\u00e5penkj\u00f8pet.<\/p>\n<p class=\"_paragraph_1bvmi_4 _paragraph_xtcu6_10 layout-component text-serif-m layout-normal text-serif-m layout-padded\">Der pekte St\u00f8re p\u00e5 at Norge allerede bidrar p\u00e5 flere m\u00e5ter:<\/p>\n<ul class=\"_list_1bvmi_3 _list_xtcu6_9 _unordered_1bvmi_99 layout-component text-serif-m layout-normal text-serif-m layout-padded\">\n<li class=\"_item_1bvmi_30\"><strong class=\"_strong_1bvmi_25\">Patriot-systemer:<\/strong> Sammen med Tyskland har Norge kj\u00f8pt amerikanske luftvernmissiler til Ukraina.<\/li>\n<li class=\"_item_1bvmi_30\"><strong class=\"_strong_1bvmi_25\">St\u00f8ttepakke:<\/strong> I samarbeid med Danmark og Sverige har Norge finansiert \u00e9n pakke med amerikansk forsvarsmateriell. Den norske andelen er 1,5 milliarder kroner. Det planlegges flere st\u00f8ttepakker.<\/li>\n<li class=\"_item_1bvmi_30\"><strong class=\"_strong_1bvmi_25\">Industri:<\/strong> Norge er i dialog med Ukraina om st\u00f8tte til landets egen industri \u2013 s\u00e6rlig innen droneteknologi.<\/li>\n<\/ul>\n<p><img alt=\"St\u00f8re etter TV 2 sitt partilederdebatt i Bergen tirsdag kveld.  Foto: Paul S. Amundsen \/ NTB\" class=\"_image_qp4xg_65 layout-component layout-normal\" data-fullscreen- data-track-element-type=\"Article image fullscreen\" data-track-name=\"ImageFullscreen\" decoding=\"async\" loading=\"lazy\" height=\"5358\" itemprop=\"image\"  src=\"https:\/\/www.europesays.com\/no\/wp-content\/uploads\/2025\/08\/615b3742-f3ab-4668-bede-823fc677c4f3\"  style=\"object-position:0% 0%\" width=\"8038\"\/>St\u00f8re etter TV 2 sitt partilederdebatt i Bergen tirsdag kveld.  Foto: Paul S. Amundsen \/ NTB<\/p>\n<p class=\"_paragraph_1bvmi_4 _paragraph_xtcu6_10 layout-component text-serif-m layout-normal text-serif-m layout-padded\">\u2013 Trump har stanset pengestr\u00f8mmen til Ukraina og sier Europa m\u00e5 ta regningen?<\/p>\n<p class=\"_paragraph_1bvmi_4 _paragraph_xtcu6_10 layout-component text-serif-m layout-normal text-serif-m layout-padded\">\u2013 Her m\u00e5 vi forholde oss til hva Trump sier, svarer St\u00f8re.<\/p>\n<p class=\"_paragraph_1bvmi_4 _paragraph_xtcu6_10 layout-component text-serif-m layout-normal text-serif-m layout-padded\">Han viser til at Trump under m\u00f8tet med Zelenskyj gjorde det klart at USA holder igjen p\u00e5 \u00f8konomisk st\u00f8tte, men vil bidra milit\u00e6rt \u2013 mens Europa skal betale.<\/p>\n<p class=\"_paragraph_1bvmi_4 _paragraph_xtcu6_10 layout-component text-serif-m layout-normal text-serif-m layout-padded\">\u2013 Det er hovedlinjen, sier statsministeren.<\/p>\n<p class=\"_paragraph_1bvmi_4 _paragraph_xtcu6_10 layout-component text-serif-m layout-normal text-serif-m layout-padded\">Statssekret\u00e6r i Forsvarsdepartementet, Marte Gerhardsen (Ap), skriver i en e-post til VG onsdag kveld at \u00abregjeringen fortl\u00f8pende vil vurdere ytterligere st\u00f8tte til Ukraina, i tr\u00e5d med deres behov og i samr\u00e5d med v\u00e5re allierte\u00bb.<\/p>\n<p class=\"_paragraph_1bvmi_4 _paragraph_xtcu6_10 layout-component text-serif-m layout-normal text-serif-m layout-padded\">Sjef\u00f8konom Harald Magnus Andreassen understreker at et europeisk v\u00e5penkj\u00f8p p\u00e5 nesten 100 milliarder dollar uansett ikke vil merkes p\u00e5 norsk \u00f8konomi.<\/p>\n<p class=\"_paragraph_1bvmi_4 _paragraph_xtcu6_10 layout-component text-serif-m layout-normal text-serif-m layout-padded\">\u2013 For Norge ville dette tilsvart tre\u2013fire milliarder kroner i \u00e5ret. Det syns jo, men det er ogs\u00e5 et bel\u00f8p som er veldig lite.<\/p>\n<p><img alt=\"Zelenskyj sammen med St\u00f8re i Norge.  Foto: Gisle Oddstad \/ VG\" class=\"_image_qp4xg_65 layout-component layout-normal\" data-fullscreen- data-track-element-type=\"Article image fullscreen\" data-track-name=\"ImageFullscreen\" decoding=\"async\" loading=\"lazy\" height=\"5047\" itemprop=\"image\"  src=\"https:\/\/www.europesays.com\/no\/wp-content\/uploads\/2025\/08\/e3a57ec7-4858-446b-a56d-7fd53a9c0cda\"  style=\"object-position:0% 0%\" width=\"7567\"\/>Zelenskyj sammen med St\u00f8re i Norge.  Foto: Gisle Oddstad \/ VG<\/p>\n<p class=\"_paragraph_1bvmi_4 _paragraph_xtcu6_10 layout-component text-serif-m layout-normal text-serif-m layout-padded\">Han peker p\u00e5 at Norge i 2025 allerede bidrar med 85 milliarder kroner til Ukraina \u2013 langt mer enn hva en eventuell andel av v\u00e5penkj\u00f8pet vil koste.<\/p>\n<p class=\"_paragraph_1bvmi_4 _paragraph_xtcu6_10 layout-component text-serif-m layout-normal text-serif-m layout-padded\">Likevel mener Andreassen at summen ikke er dramatisk.<\/p>\n<p class=\"_paragraph_1bvmi_4 _paragraph_xtcu6_10 layout-component text-serif-m layout-normal text-serif-m layout-padded\">\u2013 Hvis man mener at dette ville berge Ukraina og redusere faren for et milit\u00e6rt angrep p\u00e5 Europa senere, s\u00e5 er bel\u00f8pet veldig lite. En billig forsikring, sier han.<\/p>\n<p class=\"_paragraph_1bvmi_4 _paragraph_xtcu6_10 layout-component text-serif-m layout-normal text-serif-m layout-padded\">Ogs\u00e5 i europeisk m\u00e5lestokk er dette sm\u00e5penger. \u00abLommerusk\u00bb, kaller sjef\u00f8konomen det.<\/p>\n<p>Skeptisk til Trump-tall<\/p>\n<p class=\"_paragraph_1bvmi_4 _paragraph_xtcu6_10 layout-component text-serif-m layout-normal text-serif-m layout-padded\">Sjef\u00f8konomen minner samtidig om at erfaringene med Donald Trump gir grunn til \u00e5 se p\u00e5 de store tallene med skepsis.<\/p>\n<p class=\"_paragraph_1bvmi_4 _paragraph_xtcu6_10 layout-component text-serif-m layout-normal text-serif-m layout-padded\">\u2013 Erfaringene med Trump viser at han ofte lanserer store avtaler som aldri blir fulgt opp, eller som ikke er reelle i utgangspunktet, sier han.<\/p>\n<p class=\"_paragraph_1bvmi_4 _paragraph_xtcu6_10 layout-component text-serif-m layout-normal text-serif-m layout-padded\">Han mener Trump ofte presenterer tall som f\u00f8rst og fremst ser pene ut p\u00e5 TV.<\/p>\n<p class=\"_paragraph_1bvmi_4 _paragraph_xtcu6_10 layout-component text-serif-m layout-normal text-serif-m layout-padded\">\u2013 Det er ingen som tar det p\u00e5 alvor. Han kan slenge p\u00e5 et tall, og da er han happy.<\/p>\n<p class=\"_paragraph_1bvmi_4 _paragraph_xtcu6_10 layout-component text-serif-m layout-normal text-serif-m layout-padded\">If\u00f8lge Andreassen bidrar dette til \u00e5 skape et feilaktig bilde av hvem som faktisk har st\u00f8ttet Ukraina mest.<\/p>\n<p class=\"_paragraph_1bvmi_4 _paragraph_xtcu6_10 layout-component text-serif-m layout-normal text-serif-m layout-padded\">\u2013 Trump sier at Ukraina har mottatt mer i v\u00e5penst\u00f8tte fra USA enn fra Europa. Men sannheten er at europeerne faktisk har gitt mer st\u00f8tte til Ukraina enn USA har gjort.<\/p>\n","protected":false},"excerpt":{"rendered":"Zelenskyj vil kj\u00f8pe amerikanske v\u00e5pen for 90 mrd. dollar for \u00e5 sikre amerikanske sikkerhetsgarantier. Financial Time sier at&hellip;\n","protected":false},"author":2,"featured_media":14271,"comment_status":"","ping_status":"","sticky":false,"template":"","format":"standard","meta":{"footnotes":""},"categories":[5],"tags":[20,21,55,274,24,25,15,19,179,22,23,17,18,13,30,28,29,14,16,26,27,488],"class_list":{"0":"post-14270","1":"post","2":"type-post","3":"status-publish","4":"format-standard","5":"has-post-thumbnail","7":"category-overskrifter","8":"tag-breaking-news","9":"tag-breakingnews","10":"tag-donald-trump","11":"tag-europa","12":"tag-featured-news","13":"tag-featurednews","14":"tag-headlines","15":"tag-hovedoppslag","16":"tag-krigen-i-ukraina","17":"tag-latest-news","18":"tag-latestnews","19":"tag-main-news","20":"tag-mainnews","21":"tag-news","22":"tag-no","23":"tag-norge","24":"tag-norway","25":"tag-nyheter","26":"tag-overskrifter","27":"tag-top-stories","28":"tag-topstories","29":"tag-volodymyr-zelenskyj"},"share_on_mastodon":{"url":"","error":""},"_links":{"self":[{"href":"https:\/\/www.europesays.com\/no\/wp-json\/wp\/v2\/posts\/14270","targetHints":{"allow":["GET"]}}],"collection":[{"href":"https:\/\/www.europesays.com\/no\/wp-json\/wp\/v2\/posts"}],"about":[{"href":"https:\/\/www.europesays.com\/no\/wp-json\/wp\/v2\/types\/post"}],"author":[{"embeddable":true,"href":"https:\/\/www.europesays.com\/no\/wp-json\/wp\/v2\/users\/2"}],"replies":[{"embeddable":true,"href":"https:\/\/www.europesays.com\/no\/wp-json\/wp\/v2\/comments?post=14270"}],"version-history":[{"count":0,"href":"https:\/\/www.europesays.com\/no\/wp-json\/wp\/v2\/posts\/14270\/revisions"}],"wp:featuredmedia":[{"embeddable":true,"href":"https:\/\/www.europesays.com\/no\/wp-json\/wp\/v2\/media\/14271"}],"wp:attachment":[{"href":"https:\/\/www.europesays.com\/no\/wp-json\/wp\/v2\/media?parent=14270"}],"wp:term":[{"taxonomy":"category","embeddable":true,"href":"https:\/\/www.europesays.com\/no\/wp-json\/wp\/v2\/categories?post=14270"},{"taxonomy":"post_tag","embeddable":true,"href":"https:\/\/www.europesays.com\/no\/wp-json\/wp\/v2\/tags?post=14270"}],"curies":[{"name":"wp","href":"https:\/\/api.w.org\/{rel}","templated":true}]}}