{"id":14278,"date":"2025-08-21T13:58:11","date_gmt":"2025-08-21T13:58:11","guid":{"rendered":"https:\/\/www.europesays.com\/no\/14278\/"},"modified":"2025-08-21T13:58:11","modified_gmt":"2025-08-21T13:58:11","slug":"avdode-funnet-i-glomma-identifisert-som-jerry-lemmetty","status":"publish","type":"post","link":"https:\/\/www.europesays.com\/no\/14278\/","title":{"rendered":"Avd\u00f8de funnet i Glomma identifisert som Jerry Lemmetty"},"content":{"rendered":"\n<p class=\"_lead_1bvmi_2 _lead_xtcu6_50 layout-component text-serif-m layout-normal text-serif-l layout-component layout-wide layout-padded _wide_17hqh_1 layout-padded\">Det melder politiet i Innlandet. <\/p>\n<p><img alt=\" Jerry Mikael Lemmetty (32) har v\u00e6rt savnet siden november i fjor.  Foto: Politiet \/ Politiet\" class=\"_image_qp4xg_65 layout-component layout-wide\" data-fullscreen- data-track-element-type=\"Article image fullscreen\" data-track-name=\"ImageFullscreen\" fetchpriority=\"high\" decoding=\"sync\" loading=\"eager\" height=\"451\" itemprop=\"image\"  src=\"https:\/\/www.europesays.com\/no\/wp-content\/uploads\/2025\/08\/10180dce-f569-4736-aa93-10505f45f5bb\"  style=\"object-position:0% 0%\" width=\"395\"\/> Jerry Mikael Lemmetty (32) har v\u00e6rt savnet siden november i fjor.  Foto: Politiet \/ Politiet<\/p>\n<ul aria-hidden=\"true\" class=\"_images_1y6fe_106\">\n<li><a class=\"_link_1y6fe_111\" href=\"https:\/\/www.vg.no\/forfatter\/synne-eggum-myrvang\" style=\"z-index:2\" title=\"Synne Eggum Myrvang\" rel=\"nofollow noopener\" target=\"_blank\"><img alt=\"Bilde av Synne Eggum Myrvang\" class=\"_image_1y6fe_88\" fetchpriority=\"low\" loading=\"lazy\" decoding=\"async\" itemprop=\"image\"  src=\"https:\/\/www.europesays.com\/no\/wp-content\/uploads\/2025\/08\/1755784688_775_cb0de739-d6fc-42ac-b090-963b122bad0d\"  width=\"480\"\/><\/a><\/li>\n<li><a class=\"_link_1y6fe_111\" href=\"https:\/\/www.vg.no\/forfatter\/intisaar-ali\" style=\"z-index:1\" title=\"Intisaar Ali\" rel=\"nofollow noopener\" target=\"_blank\"><img alt=\"Bilde av Intisaar Ali\" class=\"_image_1y6fe_88\" fetchpriority=\"low\" loading=\"lazy\" decoding=\"async\" itemprop=\"image\"  src=\"https:\/\/www.europesays.com\/no\/wp-content\/uploads\/2025\/08\/1755784689_346_31e1a332-7865-4acc-a24e-ae6d6674f722\"  width=\"480\"\/><\/a><\/li>\n<\/ul>\n<p> Oppdatert torsdag 21. august kl. 15:54     <\/p>\n<p class=\"_paragraph_1bvmi_4 _paragraph_xtcu6_10 layout-component text-serif-m layout-normal text-serif-m layout-padded\">Mandag gjorde politiet s\u00f8k i Glomma etter 32-\u00e5ringen. Torsdag bekrefter politiet at det er den savnede Jerry Lemmetty, som ble funnet i Glomma mandag. <\/p>\n<p class=\"_paragraph_1bvmi_4 _paragraph_xtcu6_10 layout-component text-serif-m layout-normal text-serif-m layout-padded\">Han er n\u00e5 identifisert etter obduksjonen, og hans svenske p\u00e5r\u00f8rende er varslet.<\/p>\n<p class=\"_paragraph_1bvmi_4 _paragraph_xtcu6_10 layout-component text-serif-m layout-normal text-serif-m layout-padded\">Den forel\u00f8pige obduksjonsrapporten p\u00e5viser ingen entydig d\u00f8ds\u00e5rsak, men det er ikke tegn til at d\u00f8ds\u00e5rsaken er drukning. <\/p>\n<p class=\"_paragraph_1bvmi_4 _paragraph_xtcu6_10 layout-component text-serif-m layout-normal text-serif-m layout-padded\"><strong class=\"_strong_1bvmi_25\">Erfaringsvis vil det ta flere m\u00e5neder f\u00f8r den endelige obduksjonsrapporten kommer, skriver politiet i en pressemelding. <\/strong><\/p>\n<p class=\"_paragraph_1bvmi_4 _paragraph_xtcu6_10 layout-component text-serif-m layout-normal text-serif-m layout-padded\">\u2013 I forbindelse med etterforskingen er det fortsatt behov for \u00e5 f\u00e5 de siktedes forklaring om en rekke punkter. Ingen av dem har plikt til \u00e5 forklare seg for politiet, men vi vil tilby dem dette i l\u00f8pet av kort tid, sier politiinspekt\u00f8r Henning Klauseie.<\/p>\n<p class=\"_paragraph_1bvmi_4 _paragraph_xtcu6_10 layout-component text-serif-m layout-normal text-serif-m layout-padded\">Politiet vil skriver i pressemeldingen at de vil v\u00e6re forsiktige med hva de sier rundt funnet av Lemmetty f\u00f8r de siktede har blitt gitt muligheten til \u00e5 forklare seg. <\/p>\n<p class=\"_paragraph_1bvmi_4 _paragraph_xtcu6_10 layout-component text-serif-m layout-normal text-serif-m layout-padded\"><strong class=\"_strong_1bvmi_25\"> \u2013\u2060\u00a0Det er f\u00f8rst i den endelige obduksjonsrapporten vi kan p\u00e5regne \u00e5 f\u00e5 svar p\u00e5 flere sp\u00f8rsm\u00e5l om d\u00f8dsfallet, sier Klauseie<\/strong>.<\/p>\n<p class=\"_paragraph_1bvmi_4 _paragraph_xtcu6_10 layout-component text-serif-m layout-normal text-serif-m layout-padded\">Politiet etterforsker saken som et antatt drap. <\/p>\n<p class=\"_paragraph_1bvmi_4 _paragraph_xtcu6_10 layout-component text-serif-m layout-normal text-serif-m layout-padded\">Innlandet politidistrikt har siktet tre personer for drap eller medvirkning til drap i saken.<\/p>\n<p><img alt=\"Foto: Ismail Burak Akkan \/ NRK\" class=\"_image_qp4xg_65 layout-component layout-normal\" data-fullscreen- data-track-element-type=\"Article image fullscreen\" data-track-name=\"ImageFullscreen\" decoding=\"async\" loading=\"lazy\" height=\"838\" itemprop=\"image\"  src=\"https:\/\/www.europesays.com\/no\/wp-content\/uploads\/2025\/08\/0235b701-bd9a-4c94-85e8-cb43ddf1a005\"  style=\"object-position:0% 0%\" width=\"1496\"\/>Foto: Ismail Burak Akkan \/ NRK<\/p>\n<p class=\"_paragraph_1bvmi_4 _paragraph_xtcu6_10 layout-component text-serif-m layout-normal text-serif-m layout-padded\">I november i fjor skal svenske Lemmetty ha reist til en g\u00e5rd i Kongsvinger for \u00e5 bes\u00f8ke en g\u00e5rdeier i 50-\u00e5rene og for en sosial sammenkomstmed en annen mann i 20-\u00e5rene, har VG tidligere f\u00e5tt opplyst.<\/p>\n<p class=\"_paragraph_1bvmi_4 _paragraph_xtcu6_10 layout-component text-serif-m layout-normal text-serif-m layout-padded\">Senere samme m\u00e5ned sendte han en melding hjem til et familiemedlem i Sverige &#8211; som politiet mener er det aller siste livstegnet fra ham<strong class=\"_strong_1bvmi_25\">.<\/strong><\/p>\n<p class=\"_paragraph_1bvmi_4 _paragraph_xtcu6_10 layout-component text-serif-m layout-normal text-serif-m layout-padded\"><strong class=\"_strong_1bvmi_25\">Etter dette var det ingen som hverken s\u00e5 eller h\u00f8rte fra ham.<\/strong><\/p>\n<p class=\"_paragraph_1bvmi_4 _paragraph_xtcu6_10 layout-component text-serif-m layout-normal text-serif-m layout-padded\">F\u00f8rst 29. april ble to menn p\u00e5grepet og siktet for frihetsber\u00f8velse. Dagen etterp\u00e5 ble de varetektsfengslet.<\/p>\n<p class=\"_paragraph_1bvmi_4 _paragraph_xtcu6_10 layout-component text-serif-m layout-normal text-serif-m layout-padded\">Senere ble siktelsene endret til \u00e5 gjelde drap eller medvirkning til drap.<\/p>\n<p>    <img decoding=\"async\" alt=\"Tips oss illustrasjon\" width=\"62px\" height=\"auto\" src=\"https:\/\/www.europesays.com\/no\/wp-content\/uploads\/2025\/08\/1754784428_95_W9avJzE.png\"\/>    <\/p>\n<p class=\"title-serif-s\">Har du tips til oss?<\/p>\n<p class=\"text-sans-m\">Send oss informasjon, bilder eller video<\/p>\n<p>  <a href=\"https:\/\/www.vg.no\/tips-oss\" rel=\"nofollow noopener\" target=\"_blank\"> Tips oss <\/a>      <\/p>\n","protected":false},"excerpt":{"rendered":"Det melder politiet i Innlandet. Jerry Mikael Lemmetty (32) har v\u00e6rt savnet siden november i fjor. Foto: Politiet&hellip;\n","protected":false},"author":2,"featured_media":14279,"comment_status":"","ping_status":"","sticky":false,"template":"","format":"standard","meta":{"footnotes":""},"categories":[10],"tags":[31,20,21,24,25,15,22,23,13,30,28,29,14,16,26,27],"class_list":{"0":"post-14278","1":"post","2":"type-post","3":"status-publish","4":"format-standard","5":"has-post-thumbnail","7":"category-norge","8":"tag-breaking","9":"tag-breaking-news","10":"tag-breakingnews","11":"tag-featured-news","12":"tag-featurednews","13":"tag-headlines","14":"tag-latest-news","15":"tag-latestnews","16":"tag-news","17":"tag-no","18":"tag-norge","19":"tag-norway","20":"tag-nyheter","21":"tag-overskrifter","22":"tag-top-stories","23":"tag-topstories"},"share_on_mastodon":{"url":"","error":""},"_links":{"self":[{"href":"https:\/\/www.europesays.com\/no\/wp-json\/wp\/v2\/posts\/14278","targetHints":{"allow":["GET"]}}],"collection":[{"href":"https:\/\/www.europesays.com\/no\/wp-json\/wp\/v2\/posts"}],"about":[{"href":"https:\/\/www.europesays.com\/no\/wp-json\/wp\/v2\/types\/post"}],"author":[{"embeddable":true,"href":"https:\/\/www.europesays.com\/no\/wp-json\/wp\/v2\/users\/2"}],"replies":[{"embeddable":true,"href":"https:\/\/www.europesays.com\/no\/wp-json\/wp\/v2\/comments?post=14278"}],"version-history":[{"count":0,"href":"https:\/\/www.europesays.com\/no\/wp-json\/wp\/v2\/posts\/14278\/revisions"}],"wp:featuredmedia":[{"embeddable":true,"href":"https:\/\/www.europesays.com\/no\/wp-json\/wp\/v2\/media\/14279"}],"wp:attachment":[{"href":"https:\/\/www.europesays.com\/no\/wp-json\/wp\/v2\/media?parent=14278"}],"wp:term":[{"taxonomy":"category","embeddable":true,"href":"https:\/\/www.europesays.com\/no\/wp-json\/wp\/v2\/categories?post=14278"},{"taxonomy":"post_tag","embeddable":true,"href":"https:\/\/www.europesays.com\/no\/wp-json\/wp\/v2\/tags?post=14278"}],"curies":[{"name":"wp","href":"https:\/\/api.w.org\/{rel}","templated":true}]}}