{"id":14297,"date":"2025-08-21T14:35:09","date_gmt":"2025-08-21T14:35:09","guid":{"rendered":"https:\/\/www.europesays.com\/no\/14297\/"},"modified":"2025-08-21T14:35:09","modified_gmt":"2025-08-21T14:35:09","slug":"stanset-stjalet-bil-pa-e6-stygg-sikksakk-kjoring","status":"publish","type":"post","link":"https:\/\/www.europesays.com\/no\/14297\/","title":{"rendered":"Stanset stj\u00e5let bil p\u00e5 E6: \u2013 Stygg sikksakk-kj\u00f8ring"},"content":{"rendered":"\n<p class=\"_lead_1bvmi_2 _lead_xtcu6_50 layout-component text-serif-m layout-normal text-serif-l layout-component layout-wide layout-padded _wide_17hqh_1 layout-padded\">To mindre\u00e5rige stjal en bil og ble senere observert med det politiet beskriver som veldig stygg kj\u00f8ring p\u00e5 E6.<\/p>\n<ul aria-hidden=\"true\" class=\"_images_1y6fe_106\">\n<li><a class=\"_link_1y6fe_111\" href=\"https:\/\/www.vg.no\/forfatter\/synne-eggum-myrvang\" style=\"z-index:1\" title=\"Synne Eggum Myrvang\" rel=\"nofollow noopener\" target=\"_blank\"><img alt=\"Bilde av Synne Eggum Myrvang\" class=\"_image_1y6fe_88\" fetchpriority=\"low\" loading=\"lazy\" decoding=\"async\" itemprop=\"image\"  src=\"https:\/\/www.europesays.com\/no\/wp-content\/uploads\/2025\/08\/1755786908_575_cb0de739-d6fc-42ac-b090-963b122bad0d\"  width=\"480\"\/><\/a><\/li>\n<\/ul>\n<p> Oppdatert torsdag 21. august kl. 16:07     <\/p>\n<p class=\"_paragraph_1bvmi_4 _paragraph_xtcu6_10 layout-component text-serif-m layout-normal text-serif-m layout-padded\">Politiet fikk f\u00f8rste melding om den stj\u00e5lne bilen klokken 14.54. Fordi de fikk beskjed om at det var to mindre\u00e5rige som hadde stj\u00e5let den, prioriterete de \u00e5 samle ressurser for \u00e5 stanse den, forteller operasjonsleder Gisle Sveen i \u00d8st politidistrikt til VG. <\/p>\n<p class=\"_paragraph_1bvmi_4 _paragraph_xtcu6_10 layout-component text-serif-m layout-normal text-serif-m layout-padded\">En rekke ressurser og politihelikopteret ble brukt i jakten p\u00e5 \u00e5 f\u00e5 stanset bilen &#8211; som ble observert med sv\u00e6rt stygg kj\u00f8ring og stor risikovilje p\u00e5 motorveien. <\/p>\n<p class=\"_paragraph_1bvmi_4 _paragraph_xtcu6_10 layout-component text-serif-m layout-normal text-serif-m layout-padded\"><strong class=\"_strong_1bvmi_25\">\u2013 Det har v\u00e6rt stygg sikksakk-kj\u00f8ring og bare flaks at de ikke har meid ned blant annet en MC-f\u00f8rer, har vi f\u00e5tt opplysninger om. De har kollidert i en bil bakfra i h\u00f8y hastighet p\u00e5 E6, og den bilen m\u00e5 berges fordi den ikke lenger er kj\u00f8rbar. F\u00f8reren har noe nakkesmerter. Mange er nok ber\u00f8rt av eller har lagt merke til denne kj\u00f8reatferden, forteller operasjonslederen. <\/strong><\/p>\n<p class=\"_paragraph_1bvmi_4 _paragraph_xtcu6_10 layout-component text-serif-m layout-normal text-serif-m layout-padded\">P\u00e5 ferden har bilen ogs\u00e5 kj\u00f8rt inn i en patruljebil for \u00e5 unng\u00e5 en stopp-post politiet hadde satt ut. <\/p>\n<p class=\"_paragraph_1bvmi_4 _paragraph_xtcu6_10 layout-component text-serif-m layout-normal text-serif-m layout-padded\">Klokken 15.35, en dr\u00f8y halvtime etter at bilen ble stj\u00e5let, fikk politiet stanset den langs Solliveien i <a href=\"https:\/\/www.vg.no\/tag\/fredrikstad?utm_source=vg-article&amp;utm_medium=auto-tagger&amp;utm_campaign=zAnLVr\" class=\"_link_1bvmi_39\" rel=\"nofollow noopener\" target=\"_blank\">Fredrikstad<\/a>. <\/p>\n<p>    <img decoding=\"async\" alt=\"Tips oss illustrasjon\" width=\"62px\" height=\"auto\" src=\"https:\/\/www.europesays.com\/no\/wp-content\/uploads\/2025\/08\/1754784428_95_W9avJzE.png\"\/>    <\/p>\n<p class=\"title-serif-s\">Har du tips til oss?<\/p>\n<p class=\"text-sans-m\">Send oss informasjon, bilder eller video<\/p>\n<p>  <a href=\"https:\/\/www.vg.no\/tips-oss\" rel=\"nofollow noopener\" target=\"_blank\"> Tips oss <\/a>      <\/p>\n","protected":false},"excerpt":{"rendered":"To mindre\u00e5rige stjal en bil og ble senere observert med det politiet beskriver som veldig stygg kj\u00f8ring p\u00e5&hellip;\n","protected":false},"author":2,"featured_media":14298,"comment_status":"","ping_status":"","sticky":false,"template":"","format":"standard","meta":{"footnotes":""},"categories":[10],"tags":[31,20,21,24,25,757,15,22,23,13,30,28,29,14,16,26,27,224],"class_list":{"0":"post-14297","1":"post","2":"type-post","3":"status-publish","4":"format-standard","5":"has-post-thumbnail","7":"category-norge","8":"tag-breaking","9":"tag-breaking-news","10":"tag-breakingnews","11":"tag-featured-news","12":"tag-featurednews","13":"tag-fredrikstad","14":"tag-headlines","15":"tag-latest-news","16":"tag-latestnews","17":"tag-news","18":"tag-no","19":"tag-norge","20":"tag-norway","21":"tag-nyheter","22":"tag-overskrifter","23":"tag-top-stories","24":"tag-topstories","25":"tag-trafikk"},"share_on_mastodon":{"url":"","error":""},"_links":{"self":[{"href":"https:\/\/www.europesays.com\/no\/wp-json\/wp\/v2\/posts\/14297","targetHints":{"allow":["GET"]}}],"collection":[{"href":"https:\/\/www.europesays.com\/no\/wp-json\/wp\/v2\/posts"}],"about":[{"href":"https:\/\/www.europesays.com\/no\/wp-json\/wp\/v2\/types\/post"}],"author":[{"embeddable":true,"href":"https:\/\/www.europesays.com\/no\/wp-json\/wp\/v2\/users\/2"}],"replies":[{"embeddable":true,"href":"https:\/\/www.europesays.com\/no\/wp-json\/wp\/v2\/comments?post=14297"}],"version-history":[{"count":0,"href":"https:\/\/www.europesays.com\/no\/wp-json\/wp\/v2\/posts\/14297\/revisions"}],"wp:featuredmedia":[{"embeddable":true,"href":"https:\/\/www.europesays.com\/no\/wp-json\/wp\/v2\/media\/14298"}],"wp:attachment":[{"href":"https:\/\/www.europesays.com\/no\/wp-json\/wp\/v2\/media?parent=14297"}],"wp:term":[{"taxonomy":"category","embeddable":true,"href":"https:\/\/www.europesays.com\/no\/wp-json\/wp\/v2\/categories?post=14297"},{"taxonomy":"post_tag","embeddable":true,"href":"https:\/\/www.europesays.com\/no\/wp-json\/wp\/v2\/tags?post=14297"}],"curies":[{"name":"wp","href":"https:\/\/api.w.org\/{rel}","templated":true}]}}