{"id":142971,"date":"2026-01-21T04:01:14","date_gmt":"2026-01-21T04:01:14","guid":{"rendered":"https:\/\/www.europesays.com\/no\/142971\/"},"modified":"2026-01-21T04:01:14","modified_gmt":"2026-01-21T04:01:14","slug":"fredrikstad-sentrum-gagata-skulle-ha-apnet-i-desember-venter-pa-serveringsbevilling","status":"publish","type":"post","link":"https:\/\/www.europesays.com\/no\/142971\/","title":{"rendered":"Fredrikstad sentrum, G\u00e5gata | Skulle ha \u00e5pnet i desember: \u2013 Venter p\u00e5 serveringsbevilling"},"content":{"rendered":"\n<p>I september i 2025 kunne Tollef Myrvang Jensen i Jensen Eiendom fortelle at Whytes Coffee skulle etablere seg i bygningen som har adresse Farmanns gate 1, der <a href=\"https:\/\/www.f-b.no\/flytter-ut-av-lokalene-i-gagata-skal-inn-pa-varstetorvet\/s\/5-59-3386403\" rel=\"Follow nofollow noopener\" target=\"_blank\">Japan Photo l\u00e5<\/a> f\u00f8r de flyttet til V\u00e6rstetorvet i fjor h\u00f8st.<\/p>\n<p>Whytes Coffee serverer varme og kalde drikker, kaker og boller i \u00c5s og p\u00e5 Tista Senter i Halden.<\/p>\n<p>P\u00e5 menyen st\u00e5r ogs\u00e5 mat som sm\u00f8rbr\u00f8d, scones, lasagne, bagels og sandwicher.<\/p>\n<p>De har ogs\u00e5 holdt til p\u00e5 <a href=\"https:\/\/www.vestbyavis.no\/na-er-det-slutt-oslo-fashion-outlet-vil-gjore-endringer\/s\/5-53-984219\" rel=\"Follow nofollow noopener\" target=\"_blank\">Oslo Fashion Outlet<\/a> i Vestby, men er n\u00e5 ute derfra.<\/p>\n<p>If\u00f8lge Jensen <a href=\"https:\/\/www.f-b.no\/her-blir-det-ny-kaf-dette-er-noe-vi-tror-pa\/s\/5-59-3690884\" rel=\"Follow nofollow noopener\" target=\"_blank\">kunne kafeen \u00e5pne i desember.<\/a><\/p>\n<p>   <img decoding=\"async\" width=\"5472\" height=\"3648\" fetchpriority=\"low\"  loading=\"lazy\"  src=\"https:\/\/www.europesays.com\/no\/wp-content\/uploads\/2026\/01\/DSC01137.JPG\" alt=\"\" class=\"brick-c-cFOWSL\" style=\"--brick-image-ratio: 5472 \/ 3648;\"\/><\/p>\n<p>      Whytes Coffee holder til i \u00c5s (bildet) og i Halden.<br \/>\n      Foto: Anders Brekke\/\u00c5s avis\n    <\/p>\n<p>  \u2013 Har betalt l\u00f8nninger siden 1. desember<\/p>\n<p>N\u00e5 har vi lagt bak oss to tredeler av januar. Og kaf\u00e9en har fortsatt ikke \u00e5pnet d\u00f8rene.<\/p>\n<p>\u2013 Vi venter p\u00e5 serveringsbevilling, forteller Mohammad Ayyaz Akhtar i Whytes Coffee.<\/p>\n<p>Han forteller at s\u00f8knad ble sendt inn i fjor.<\/p>\n<p>\u2013 Men Fredrikstad kommune ville ikke starte behandling f\u00f8r bruksendring og ferdigattest forel\u00e5, sier han til Fredriksstad Blad.<\/p>\n<p>Forsinkelsen koster kjeden dyrt.<\/p>\n<p>\u2013 Vi har rekruttert daglig leder og ansatte, b\u00e5de hel- og deltidsansatte. Som alle har f\u00e5tt oppl\u00e6ring. Og de ble ansatt fra 1. desember, s\u00e5 vi har l\u00f8nnsutgifter uten inntekter fra drift, forteller han.<\/p>\n<p>Britisk kaf\u00e9stemning<\/p>\n<p>   <img decoding=\"async\" width=\"768\" height=\"1024\" fetchpriority=\"low\"  loading=\"lazy\"  src=\"https:\/\/www.europesays.com\/no\/wp-content\/uploads\/2026\/01\/1db07f1d-694c-405c-a816-534da94809d8.jpeg\" alt=\"\" class=\"brick-c-cFOWSL\" style=\"--brick-image-ratio: 768 \/ 1024;\"\/><\/p>\n<p>      Nasreen Kausar skal drive Whytes Coffee p\u00e5 hj\u00f8rnet av g\u00e5gata.<br \/>\n      Foto: Privat\n    <\/p>\n<p>\u2013 Vi kombinerer britisk kaf\u00e9stemning med norske r\u00e5varer og varme m\u00e5ltider, forteller Nasreen Kausar i Whytes Coffee.<\/p>\n<p>\u2013 Vi serverer blant annet te fra Ronnefeldt (Tyskland) og kaffe fra Hausbrandt (Italia).<\/p>\n<p>  <a href=\"https:\/\/www.f-b.no\/5-59-3687583\" class=\"related-teaser has-image default-story-teaser article--c-eRUmMG article--c-eRUmMG-jKCPdD-design-default\" rel=\"nofollow noopener\" target=\"_blank\"><\/p>\n<p>    <img decoding=\"async\" loading=\"lazy\"  src=\"https:\/\/www.europesays.com\/no\/wp-content\/uploads\/2026\/01\/City+burger+4.jpg\" alt=\"\" class=\"brick-c-cFOWSL\" style=\"\"\/><\/p>\n<p>\n            Les ogs\u00e5<\/p>\n<p>              N\u00e5 blir det nytt liv i disse sentrumslokalene\n        <\/p>\n<p>  <\/a><br \/>\n  Flere konkurrenter<\/p>\n<p>Kjeden er imidlertid ikke den eneste i og ved g\u00e5gata som driver kaf\u00e9.<\/p>\n<p>Rett i n\u00e6rheten ligger Espresso House, Kaffebrenneriet og Backstube.<\/p>\n<p><b>\u2013 Hvordan skal dere klare dere i konkurranse med de andre?<\/b><\/p>\n<p>\u2013 Konkurransen inspirerer oss, svarer Nasreen Kausar.<\/p>\n<p>\u2013 Vi skiller oss ut med lidenskap for kvalitet og ekte gjestfrihet. Vi tror folk kjenner forskjellen n\u00e5r noe er laget med omtanke \u2013 og det er nettopp det vi tilbyr.<\/p>\n<p>Lokalet som Whytes Coffee skal inn i, er p\u00e5 cirka 120 kvadratmeter. I tillegg er det en kjeller med blant annet lagerplass.<\/p>\n<p>   <img decoding=\"async\" width=\"4032\" height=\"3024\" fetchpriority=\"low\"  loading=\"lazy\"  src=\"https:\/\/www.europesays.com\/no\/wp-content\/uploads\/2026\/01\/Japanfoto.jpg\" alt=\"\" class=\"brick-c-cFOWSL\" style=\"--brick-image-ratio: 4032 \/ 3024;\"\/><\/p>\n<p>      Hvis alle n\u00f8dvendige s\u00f8knader og tillatelser blir godkjent, kan kafeen st\u00e5 klar i desember.<br \/>\n      Foto: Tonje Holter\n    <\/p>\n","protected":false},"excerpt":{"rendered":"I september i 2025 kunne Tollef Myrvang Jensen i Jensen Eiendom fortelle at Whytes Coffee skulle etablere seg&hellip;\n","protected":false},"author":2,"featured_media":142972,"comment_status":"","ping_status":"","sticky":false,"template":"","format":"standard","meta":{"footnotes":"","_share_on_mastodon":"0"},"categories":[56],"tags":[36,60,61,1595,12735,2036,62,30,28,29,1510],"class_list":["post-142971","post","type-post","status-publish","format-standard","has-post-thumbnail","category-naeringsliv","tag-art","tag-business","tag-economy","tag-fredrikstad-sentrum","tag-gagata","tag-mat-og-drikke","tag-naeringsliv","tag-no","tag-norge","tag-norway","tag-story"],"share_on_mastodon":{"url":"https:\/\/pubeurope.com\/@no\/115931098845301187","error":""},"_links":{"self":[{"href":"https:\/\/www.europesays.com\/no\/wp-json\/wp\/v2\/posts\/142971","targetHints":{"allow":["GET"]}}],"collection":[{"href":"https:\/\/www.europesays.com\/no\/wp-json\/wp\/v2\/posts"}],"about":[{"href":"https:\/\/www.europesays.com\/no\/wp-json\/wp\/v2\/types\/post"}],"author":[{"embeddable":true,"href":"https:\/\/www.europesays.com\/no\/wp-json\/wp\/v2\/users\/2"}],"replies":[{"embeddable":true,"href":"https:\/\/www.europesays.com\/no\/wp-json\/wp\/v2\/comments?post=142971"}],"version-history":[{"count":0,"href":"https:\/\/www.europesays.com\/no\/wp-json\/wp\/v2\/posts\/142971\/revisions"}],"wp:featuredmedia":[{"embeddable":true,"href":"https:\/\/www.europesays.com\/no\/wp-json\/wp\/v2\/media\/142972"}],"wp:attachment":[{"href":"https:\/\/www.europesays.com\/no\/wp-json\/wp\/v2\/media?parent=142971"}],"wp:term":[{"taxonomy":"category","embeddable":true,"href":"https:\/\/www.europesays.com\/no\/wp-json\/wp\/v2\/categories?post=142971"},{"taxonomy":"post_tag","embeddable":true,"href":"https:\/\/www.europesays.com\/no\/wp-json\/wp\/v2\/tags?post=142971"}],"curies":[{"name":"wp","href":"https:\/\/api.w.org\/{rel}","templated":true}]}}