{"id":143046,"date":"2026-01-21T06:55:08","date_gmt":"2026-01-21T06:55:08","guid":{"rendered":"https:\/\/www.europesays.com\/no\/143046\/"},"modified":"2026-01-21T06:55:08","modified_gmt":"2026-01-21T06:55:08","slug":"nyheter-riksveg-3-vogntog-og-personbil-involvert-i-trafikkulykke-pa-riksveg-3-en-person-alvorlig-skadet","status":"publish","type":"post","link":"https:\/\/www.europesays.com\/no\/143046\/","title":{"rendered":"Nyheter, Riksveg 3 | Vogntog og personbil involvert i trafikkulykke p\u00e5 riksveg 3 \u2013 en person alvorlig skadet"},"content":{"rendered":"\n<p>Klokka 23.41 melder politiet at n\u00f8detatene har rykket ut til en trafikkulykke p\u00e5 riksveg 3.<\/p>\n<p>Ulykkesstedet er ved Storfjellet s\u00f8r for Alvdal.<\/p>\n<p>\u2013 En personbil og et vogntog er involvert. To personer er meldt involvert, opplyser operasjonsleder B\u00e5rd Einar Hoft i Innlandet politidistrikt.<\/p>\n<p>Videre opplyser politiet at det er meldt om personskader, men at skadegraden er ukjent.<\/p>\n<p>\u2013 Vegen vil bli stengt i lang tid, varslet politet.<\/p>\n<p>Klokka 00.13 oppdaterer politiet at f\u00f8reren av personbilen er frigjort fra kj\u00f8ret\u00f8yet og kj\u00f8res til sykehus for behandling.<\/p>\n<p>\u2013 Skadene fremst\u00e5r som alvorlig, opplyser politiet.<\/p>\n<p>Den skadde ble f\u00f8rst kj\u00f8rt til Tynset sjukehus for behandling, og deretter fl\u00f8yet ti St. Olavs hospital i Trondheim.<\/p>\n<p>F\u00f8reren av vogntoget er fysisk uskadd og ivaretas p\u00e5 ulykkesstedet.<\/p>\n<p>   <img decoding=\"async\" width=\"2696\" height=\"1957\" fetchpriority=\"low\"  loading=\"lazy\"  src=\"https:\/\/www.europesays.com\/no\/wp-content\/uploads\/2026\/01\/Kvisle.jpeg\" alt=\"\" class=\"brick-c-cFOWSL\" style=\"--brick-image-ratio: 2696 \/ 1957;\"\/><\/p>\n<p>      STENGT RIKSVEG 3: Politiets innsatsleder Lars Andreas Kvisle fortalte ned ett-tiden natt til tirsdag at riksveg 3 blir stengt i lang tid framover etter ei alvorlig trafikkulykke.<br \/>\n      Foto: Jan Kristoffersen\n    <\/p>\n<p>Klokken 01.00 natt til onsdag sier politiets innsatsleder p\u00e5 ulykkesstedet, Lars Andreas Kvisle, at det de s\u00e5 langt vet om ulykken er at vogntoget kom kj\u00f8rende nordover riksveg 3, og at personbilen var p\u00e5 tur s\u00f8rover.<\/p>\n<p>Kvisle sier at Statens vegvesens ulykkesgruppe er p\u00e5 veg til ulykkesstedet.<\/p>\n<p>Rilsveg 3 ble \u00e5pnet for trafikk igjen tidlig onsdag morgen.<\/p>\n","protected":false},"excerpt":{"rendered":"Klokka 23.41 melder politiet at n\u00f8detatene har rykket ut til en trafikkulykke p\u00e5 riksveg 3. Ulykkesstedet er ved&hellip;\n","protected":false},"author":2,"featured_media":143047,"comment_status":"","ping_status":"","sticky":false,"template":"","format":"standard","meta":{"footnotes":"","_share_on_mastodon":"0"},"categories":[10],"tags":[4178,36,20,21,24,25,15,22,23,13,30,28,29,14,16,6546,1510,26,27,666],"class_list":["post-143046","post","type-post","status-publish","format-standard","has-post-thumbnail","category-norge","tag-alvdal","tag-art","tag-breaking-news","tag-breakingnews","tag-featured-news","tag-featurednews","tag-headlines","tag-latest-news","tag-latestnews","tag-news","tag-no","tag-norge","tag-norway","tag-nyheter","tag-overskrifter","tag-riksveg-3","tag-story","tag-top-stories","tag-topstories","tag-trafikkulykke"],"share_on_mastodon":{"url":"https:\/\/pubeurope.com\/@no\/115931783021723723","error":""},"_links":{"self":[{"href":"https:\/\/www.europesays.com\/no\/wp-json\/wp\/v2\/posts\/143046","targetHints":{"allow":["GET"]}}],"collection":[{"href":"https:\/\/www.europesays.com\/no\/wp-json\/wp\/v2\/posts"}],"about":[{"href":"https:\/\/www.europesays.com\/no\/wp-json\/wp\/v2\/types\/post"}],"author":[{"embeddable":true,"href":"https:\/\/www.europesays.com\/no\/wp-json\/wp\/v2\/users\/2"}],"replies":[{"embeddable":true,"href":"https:\/\/www.europesays.com\/no\/wp-json\/wp\/v2\/comments?post=143046"}],"version-history":[{"count":0,"href":"https:\/\/www.europesays.com\/no\/wp-json\/wp\/v2\/posts\/143046\/revisions"}],"wp:featuredmedia":[{"embeddable":true,"href":"https:\/\/www.europesays.com\/no\/wp-json\/wp\/v2\/media\/143047"}],"wp:attachment":[{"href":"https:\/\/www.europesays.com\/no\/wp-json\/wp\/v2\/media?parent=143046"}],"wp:term":[{"taxonomy":"category","embeddable":true,"href":"https:\/\/www.europesays.com\/no\/wp-json\/wp\/v2\/categories?post=143046"},{"taxonomy":"post_tag","embeddable":true,"href":"https:\/\/www.europesays.com\/no\/wp-json\/wp\/v2\/tags?post=143046"}],"curies":[{"name":"wp","href":"https:\/\/api.w.org\/{rel}","templated":true}]}}