{"id":14305,"date":"2025-08-21T14:41:12","date_gmt":"2025-08-21T14:41:12","guid":{"rendered":"https:\/\/www.europesays.com\/no\/14305\/"},"modified":"2025-08-21T14:41:12","modified_gmt":"2025-08-21T14:41:12","slug":"svenske-vattenfall-skal-bygge-sma-atomreaktorer-2","status":"publish","type":"post","link":"https:\/\/www.europesays.com\/no\/14305\/","title":{"rendered":"Svenske Vattenfall skal bygge sm\u00e5 atomreaktorer"},"content":{"rendered":"<p class=\"txt-ind\">Det opplyser selskapet i en pressemelding torsdag.<\/p>\n<p class=\"txt-ind\">Helt siden Sveriges borgerlige regjering tiltr\u00e5dte i 2022, er det blitt jobbet hardt for \u00e5 innfri valgl\u00f8ftet om utbygging av ny kjernekraft i Sverige.<\/p>\n<p class=\"txt-ind\">I f\u00f8rste omgang ble det lovet at spadetaket for nye reaktorer skulle tas f\u00f8r regjerings mandatperiode g\u00e5r ut, det vil si neste \u00e5r, men tidsplanen har allerede sprukket.<\/p>\n<p class=\"txt-ind\">Torsdagens beskjed inneb\u00e6rer at statseide Vattenfall har tatt enda et skritt i planene om \u00e5 ha ny svensk kjernekraft p\u00e5 plass p\u00e5 midten av 2030-tallet.<\/p>\n<p class=\"txt-ind\">Vattenfall har forel\u00f8pig ikke tatt noen beslutning om hvilken leverand\u00f8r de skal velge, og fram til torsdag heller ikke hvilken teknikk de \u00f8nsker \u00e5 bruke.<\/p>\n<p><a class=\"group clear-both w-full !no-underline my-8 sm:my-12 bg-stone-50 dark:bg-brandStone-700 dark:text-brandNeutral-100 flex items-stretch flex-nowrap\" href=\"https:\/\/www.tu.no\/artikler\/ukrainas-nasjonalforsamling-gir-gront-lys-til-mineralavtalen-med-usa\/558518\" rel=\"nofollow noopener\" target=\"_blank\"><img decoding=\"async\" class=\" object-cover h-full w-full transition-transform duration-700 ease-in-out group-hover:scale-[1.05] will-change-transform\" src=\"https:\/\/www.europesays.com\/no\/wp-content\/uploads\/2025\/08\/NTB_PvUBYfRlSk8.jpg\"  alt=\"Volodymyr Zelenskyj og Donald Trump under m\u00f8tet i Det hvite hus i februar, da det absolutt ikke ble noen avtale.\" loading=\"lazy\"\/><\/p>\n<p>Les ogs\u00e5:<\/p>\n<p class=\"group-hover:underline text-brandNeutral-900 dark:text-brandNeutral-100 mt-2 text-base sm:text-xl leading-5 sm:leading-6 font-bold\">Ukraina gir gr\u00f8nt lys til mineral\u00adavtalen med USA<\/p>\n<p><\/a><\/p>\n","protected":false},"excerpt":{"rendered":"Det opplyser selskapet i en pressemelding torsdag. Helt siden Sveriges borgerlige regjering tiltr\u00e5dte i 2022, er det blitt&hellip;\n","protected":false},"author":2,"featured_media":14306,"comment_status":"","ping_status":"","sticky":false,"template":"","format":"standard","meta":{"footnotes":""},"categories":[12],"tags":[2779,20,21,382,24,25,15,22,23,13,30,28,29,14,16,26,27,42,43,44,45],"class_list":{"0":"post-14305","1":"post","2":"type-post","3":"status-publish","4":"format-standard","5":"has-post-thumbnail","7":"category-verden","8":"tag-atomreaktor","9":"tag-breaking-news","10":"tag-breakingnews","11":"tag-energi","12":"tag-featured-news","13":"tag-featurednews","14":"tag-headlines","15":"tag-latest-news","16":"tag-latestnews","17":"tag-news","18":"tag-no","19":"tag-norge","20":"tag-norway","21":"tag-nyheter","22":"tag-overskrifter","23":"tag-top-stories","24":"tag-topstories","25":"tag-verden","26":"tag-world","27":"tag-world-news","28":"tag-worldnews"},"share_on_mastodon":{"url":"","error":""},"_links":{"self":[{"href":"https:\/\/www.europesays.com\/no\/wp-json\/wp\/v2\/posts\/14305","targetHints":{"allow":["GET"]}}],"collection":[{"href":"https:\/\/www.europesays.com\/no\/wp-json\/wp\/v2\/posts"}],"about":[{"href":"https:\/\/www.europesays.com\/no\/wp-json\/wp\/v2\/types\/post"}],"author":[{"embeddable":true,"href":"https:\/\/www.europesays.com\/no\/wp-json\/wp\/v2\/users\/2"}],"replies":[{"embeddable":true,"href":"https:\/\/www.europesays.com\/no\/wp-json\/wp\/v2\/comments?post=14305"}],"version-history":[{"count":0,"href":"https:\/\/www.europesays.com\/no\/wp-json\/wp\/v2\/posts\/14305\/revisions"}],"wp:featuredmedia":[{"embeddable":true,"href":"https:\/\/www.europesays.com\/no\/wp-json\/wp\/v2\/media\/14306"}],"wp:attachment":[{"href":"https:\/\/www.europesays.com\/no\/wp-json\/wp\/v2\/media?parent=14305"}],"wp:term":[{"taxonomy":"category","embeddable":true,"href":"https:\/\/www.europesays.com\/no\/wp-json\/wp\/v2\/categories?post=14305"},{"taxonomy":"post_tag","embeddable":true,"href":"https:\/\/www.europesays.com\/no\/wp-json\/wp\/v2\/tags?post=14305"}],"curies":[{"name":"wp","href":"https:\/\/api.w.org\/{rel}","templated":true}]}}