{"id":14321,"date":"2025-08-21T14:53:08","date_gmt":"2025-08-21T14:53:08","guid":{"rendered":"https:\/\/www.europesays.com\/no\/14321\/"},"modified":"2025-08-21T14:53:08","modified_gmt":"2025-08-21T14:53:08","slug":"oppdatering-til-iphone","status":"publish","type":"post","link":"https:\/\/www.europesays.com\/no\/14321\/","title":{"rendered":"Oppdatering til iPhone"},"content":{"rendered":"<p class=\"kicker bg-teal color_mobile_bg-teal text-black color_mobile_text-black hasTextPadding mobile-hasTextPadding\" style=\"\">Apple:<\/p>\n<p>  Har kommet med hasteoppdatering til de fleste Apple-dingser.<\/p>\n<p>\n    OPPDATERING: Det har kommet en oppdatering til blant annet iPhone, som man b\u00f8r laste ned umiddelbart. Foto: NTB\n  <\/p>\n<p>Apple har n\u00e5 sluppet en hasteoppdatering til alle iPhone-modeller fra og med 2018. Det melder flere medier, deriblant <a href=\"https:\/\/www.forbes.com\/sites\/davidphelan\/2025\/08\/20\/ios-1862-apple-releases-unexpected-iphone-update-with-urgent-fixes-for-all-users-update-now-warning\/\" rel=\"nofollow noopener\" target=\"_blank\">Forbes<\/a>.\u00a0<\/p>\n<p>Den heter iOS 16.6.2, og kommer kort tid etter forrige oppdatering.\u00a0<\/p>\n<p>        KAN \u00d8DELEGGE: Du lar kanskje mobilen din lade gjennom hele natten? Denne tabben kan i verste fall \u00f8delegge batteriet til mobilen din. Video: Embla Hjort-Larsen\/Storyblocks. <\/p>\n<p>If\u00f8lge Apple dreier den siste oppdateringen seg om \u00abviktige sikkerhetsforbedringer\u00bb,\u00a0 og retter spesielt en s\u00e5rbarhet som p\u00e5virker ImageIO-systemrammeverket, som h\u00e5ndterer bilder. <\/p>\n<p>&#8211; Denne feilen kan ha blitt utnyttet i et ekstremt sofistikert angrep mot spesifikke, m\u00e5lrettede individer, melder Apple if\u00f8lge egne sikkerhetsnotater, gjengitt av nettstedet.\u00a0<\/p>\n<p class=\"font-weight-bold m-font-weight-bold\" data-lab-font_weight=\"font-weight-bold\">&#8211; Selv om denne s\u00e5rbarheten sannsynligvis kun blir utnyttet i m\u00e5lrettede angrep, anbefales det p\u00e5 det sterkeste \u00e5 installere dagens sikkerhetsoppdateringer umiddelbart for \u00e5 forhindre eventuelle p\u00e5g\u00e5ende angrep, skriver the anerkjente teknologinettstedet <a href=\"https:\/\/www.bleepingcomputer.com\/news\/apple\/apple-emergency-updates-fix-new-actively-exploited-zero-day\/\" rel=\"nofollow noopener\" target=\"_blank\">Bleeping Computer<\/a>.<\/p>\n<p class=\"font-weight-normal m-font-weight-normal\" data-lab-font_weight=\"font-weight-normal\"> Oppdateringen kan lastes ned via \u00abInnstillinger &gt; Generelt &gt; Programvareoppdatering\u00bb. <\/p>\n<p>    Oppdateringen gjelder disse enhetene:<\/p>\n<ul>\n<li>iPhone XS og nyere.<\/li>\n<li>iPad Pro 13-tommer, iPad Pro 12.9-tommer. tredjegenerasjon og senere, iPad Pro 11-tommer f\u00f8rstegenerasjon og nyere, iPad Air tredjegenerasjon og nyere, iPad sjuendegenerasjon og nyere, iPad mini femtegenerasjon og nyere, iPad Pro 12.9-tommer andregenerasjon, iPad Pro 10.5-tommer, and iPad sjettegenerasjon.<\/li>\n<li>Macer som kj\u00f8rer macOS Sequoia, Sonoma, og Ventura.<\/li>\n<\/ul>\n<p>      Vis mer<br \/>\n      Vis mindre<\/p>\n","protected":false},"excerpt":{"rendered":"Apple: Har kommet med hasteoppdatering til de fleste Apple-dingser. OPPDATERING: Det har kommet en oppdatering til blant annet&hellip;\n","protected":false},"author":2,"featured_media":14322,"comment_status":"","ping_status":"","sticky":false,"template":"","format":"standard","meta":{"footnotes":""},"categories":[57],"tags":[30,28,29,65,63,64,66,70,69,67,68],"class_list":{"0":"post-14321","1":"post","2":"type-post","3":"status-publish","4":"format-standard","5":"has-post-thumbnail","7":"category-vitenskap-og-teknologi","8":"tag-no","9":"tag-norge","10":"tag-norway","11":"tag-science","12":"tag-science-and-technology","13":"tag-scienceandtechnology","14":"tag-technology","15":"tag-teknologi","16":"tag-vitenskap","17":"tag-vitenskap-og-teknologi","18":"tag-vitenskapteknologi"},"share_on_mastodon":{"url":"","error":""},"_links":{"self":[{"href":"https:\/\/www.europesays.com\/no\/wp-json\/wp\/v2\/posts\/14321","targetHints":{"allow":["GET"]}}],"collection":[{"href":"https:\/\/www.europesays.com\/no\/wp-json\/wp\/v2\/posts"}],"about":[{"href":"https:\/\/www.europesays.com\/no\/wp-json\/wp\/v2\/types\/post"}],"author":[{"embeddable":true,"href":"https:\/\/www.europesays.com\/no\/wp-json\/wp\/v2\/users\/2"}],"replies":[{"embeddable":true,"href":"https:\/\/www.europesays.com\/no\/wp-json\/wp\/v2\/comments?post=14321"}],"version-history":[{"count":0,"href":"https:\/\/www.europesays.com\/no\/wp-json\/wp\/v2\/posts\/14321\/revisions"}],"wp:featuredmedia":[{"embeddable":true,"href":"https:\/\/www.europesays.com\/no\/wp-json\/wp\/v2\/media\/14322"}],"wp:attachment":[{"href":"https:\/\/www.europesays.com\/no\/wp-json\/wp\/v2\/media?parent=14321"}],"wp:term":[{"taxonomy":"category","embeddable":true,"href":"https:\/\/www.europesays.com\/no\/wp-json\/wp\/v2\/categories?post=14321"},{"taxonomy":"post_tag","embeddable":true,"href":"https:\/\/www.europesays.com\/no\/wp-json\/wp\/v2\/tags?post=14321"}],"curies":[{"name":"wp","href":"https:\/\/api.w.org\/{rel}","templated":true}]}}