{"id":14325,"date":"2025-08-21T14:58:09","date_gmt":"2025-08-21T14:58:09","guid":{"rendered":"https:\/\/www.europesays.com\/no\/14325\/"},"modified":"2025-08-21T14:58:09","modified_gmt":"2025-08-21T14:58:09","slug":"finnmark-vaermelding-na-er-det-kaldere-enn-normalt-men-restene-av-orkanen-kan-dytte-hoytrykk-inn-mot-finnmark","status":"publish","type":"post","link":"https:\/\/www.europesays.com\/no\/14325\/","title":{"rendered":"Finnmark, V\u00e6rmelding | N\u00e5 er det kaldere enn normalt: \u2013 Men restene av orkanen kan dytte h\u00f8ytrykk inn mot Finnmark"},"content":{"rendered":"\n<p>Temperaturen i Kirkenes var 2,7 grader kaldere enn normalt for \u00e5rstiden. Dette gjelder faktisk for hele Fastlands-Norge, melder Meteorologisk institutt p\u00e5 <a href=\"https:\/\/twitter.com\/Meteorologene\/status\/1958452786753875993\" rel=\"noopener nofollow\" target=\"_blank\">X<\/a>.<\/p>\n<p>Kartet nedenfor viser avviket fra normalen i g\u00e5r, onsdag. Eksempelvis hadde Midt-Norge over 4 grader lavere temperatur enn normalt, mens Troms\u00f8 hadde 3,1 grader lavere.<\/p>\n<p>N\u00e6r h\u00f8st<\/p>\n<p>Vi snakket med vakthavende meteorolog ved Vervarslinga for Nord-Norge, Marek Ratajczak, om v\u00e6ret vi har i vente.<\/p>\n<p>\u2013 N\u00e5 ser det ganske gr\u00e5tt og kj\u00f8lig ut framover. Det er det allerede i store deler av Finnmark i dag, sier han.<\/p>\n<p>Et lavtrykk i Barentshavet drar inn nordavind over Finnmark og har med seg fuktighet og regn.<\/p>\n<p>\u2013 Vi klarer kanskje \u00e5 komme opp i tosifret temperatur. Det er det som gjelder i dag, og det er mye av det samme i morgen, sier han torsdag ettermiddag.<\/p>\n<p>N\u00e6rmere helga, i alle fall tidlig l\u00f8rdag og s\u00f8ndag, kan det bli mer oppholdsv\u00e6r \u2013 f\u00f8r det p\u00e5 nytt kommer en runde med regn s\u00f8ndag.<\/p>\n<p>\u2013 Det er en liten mulighet for litt sol i l\u00f8pet av helgen, s\u00e6rlig hvis man bor n\u00e6rmere kysten. Hvis sola kommer fram, kan det bli litt h\u00f8yere temperaturer \u2013 tosifret, men uansett ikke de h\u00f8ye sommertemperaturene, sier Ratajczak.<\/p>\n<p>      H\u00e5p om sol<\/p>\n<p>Meteorologen sier at h\u00f8sten n\u00e5 er i anmarsj. Men videre inn i neste uke er det mulighet for litt mer oppholdsv\u00e6r.<\/p>\n<p>\u2013 S\u00e5 sp\u00f8rs det om det kan bli litt sol ogs\u00e5 utover neste uke, men forel\u00f8pig ser det gr\u00e5tt ut. Men n\u00e5r vi kommer til andre halvdel av neste uke, kan det kanskje bli litt varmere og st\u00f8rre sjanse for sol, forteller han.<\/p>\n<p>Rester av en tropisk orkan utenfor USA skaper uforutsigbarhet i v\u00e6rsystemene i Europa og p\u00e5virker v\u00e6ret Finnmark f\u00e5r.<\/p>\n<p>\u2013 Forel\u00f8pig er det tegn p\u00e5 at restene av orkanen vil dytte h\u00f8ytrykk inn mot Nord-Norge som kan gi lettere v\u00e6r og stigende temperaturer, sier Marek Ratajczak.<\/p>\n<p>Og legger til:<\/p>\n<p>\u2013 Det er ikke satt endelig punktum for sommeren enn\u00e5. Det er en liten mulighet for at det kan komme sommerdager i m\u00e5nedsskiftet.<\/p>\n<p><script async src=\"https:\/\/platform.twitter.com\/widgets.js\" charset=\"utf-8\"><\/script><\/p>\n","protected":false},"excerpt":{"rendered":"Temperaturen i Kirkenes var 2,7 grader kaldere enn normalt for \u00e5rstiden. Dette gjelder faktisk for hele Fastlands-Norge, melder&hellip;\n","protected":false},"author":2,"featured_media":14326,"comment_status":"","ping_status":"","sticky":false,"template":"","format":"standard","meta":{"footnotes":""},"categories":[10],"tags":[36,20,21,24,25,32,15,22,23,13,30,28,29,447,14,16,1510,26,27,101],"class_list":{"0":"post-14325","1":"post","2":"type-post","3":"status-publish","4":"format-standard","5":"has-post-thumbnail","7":"category-norge","8":"tag-art","9":"tag-breaking-news","10":"tag-breakingnews","11":"tag-featured-news","12":"tag-featurednews","13":"tag-finnmark","14":"tag-headlines","15":"tag-latest-news","16":"tag-latestnews","17":"tag-news","18":"tag-no","19":"tag-norge","20":"tag-norway","21":"tag-nyhet","22":"tag-nyheter","23":"tag-overskrifter","24":"tag-story","25":"tag-top-stories","26":"tag-topstories","27":"tag-vaermelding"},"share_on_mastodon":{"url":"","error":""},"_links":{"self":[{"href":"https:\/\/www.europesays.com\/no\/wp-json\/wp\/v2\/posts\/14325","targetHints":{"allow":["GET"]}}],"collection":[{"href":"https:\/\/www.europesays.com\/no\/wp-json\/wp\/v2\/posts"}],"about":[{"href":"https:\/\/www.europesays.com\/no\/wp-json\/wp\/v2\/types\/post"}],"author":[{"embeddable":true,"href":"https:\/\/www.europesays.com\/no\/wp-json\/wp\/v2\/users\/2"}],"replies":[{"embeddable":true,"href":"https:\/\/www.europesays.com\/no\/wp-json\/wp\/v2\/comments?post=14325"}],"version-history":[{"count":0,"href":"https:\/\/www.europesays.com\/no\/wp-json\/wp\/v2\/posts\/14325\/revisions"}],"wp:featuredmedia":[{"embeddable":true,"href":"https:\/\/www.europesays.com\/no\/wp-json\/wp\/v2\/media\/14326"}],"wp:attachment":[{"href":"https:\/\/www.europesays.com\/no\/wp-json\/wp\/v2\/media?parent=14325"}],"wp:term":[{"taxonomy":"category","embeddable":true,"href":"https:\/\/www.europesays.com\/no\/wp-json\/wp\/v2\/categories?post=14325"},{"taxonomy":"post_tag","embeddable":true,"href":"https:\/\/www.europesays.com\/no\/wp-json\/wp\/v2\/tags?post=14325"}],"curies":[{"name":"wp","href":"https:\/\/api.w.org\/{rel}","templated":true}]}}