{"id":14362,"date":"2025-08-21T15:32:32","date_gmt":"2025-08-21T15:32:32","guid":{"rendered":"https:\/\/www.europesays.com\/no\/14362\/"},"modified":"2025-08-21T15:32:32","modified_gmt":"2025-08-21T15:32:32","slug":"beskjeden-norges-bank-trengte-finansavisen","status":"publish","type":"post","link":"https:\/\/www.europesays.com\/no\/14362\/","title":{"rendered":"Beskjeden Norges Bank trengte | Finansavisen"},"content":{"rendered":"<p>I forrige runde av Norges Banks forventningsunders\u00f8kelse ventet \u00f8konomene og partene i arbeidslivet en l\u00f8nnsvekst n\u00f8yaktig lik rammen som ble avtalt i l\u00f8nnsoppgj\u00f8ret, 4,4 prosent. \u00d8konomene ventet en inflasjon p\u00e5 2,9 prosent, mens partene ventet 2,8 prosent.<\/p>\n<p><b>Nye tall for tredje kvartal viser at andre indikasjoner p\u00e5 \u00f8kt l\u00f8nnsvekst og inflasjon ikke har f\u00e5tt fotfeste i \u00f8konomenes eller partene i arbeidslivets forventninger.<\/b><\/p>\n<p>\u00d8konomene har ikke hevet sin prognose for \u00e5rets l\u00f8nnsvekst. Tvert imot, er anslaget senket fra 4,4 til 4,3 prosent. De tror heller ikke p\u00e5 h\u00f8yere inflasjon, og har tvert imot senket anslaget for i \u00e5r marginalt, til 2,8 prosent.<\/p>\n<p>Bildet er likt for partene i arbeidslivet, som senker sin inflasjonsforventning til 2,7 prosent og l\u00f8nnsvekstanslaget til 4,3 prosent.<\/p>\n<p>Bak Norges Banks signaler om to rentekutt i \u00e5r og ytterligere et par neste \u00e5r ligger blant annet forventningen om at l\u00f8nnsveksten i \u00e5r blir 4,5 prosent, og at den s\u00e5 faller til 4,1 prosent neste \u00e5r. Inflasjonen ventes \u00e5 havne p\u00e5 3,0-3,1 prosent i \u00e5r og henholdsvis 2,2 og 2,7 prosent for KPI og KPI-JAE neste \u00e5r.<\/p>\n<p class=\"subhead\" data-element-type=\"subhead\" data-element-label=\"Mellomtittel\">\u2013 Septemberkutt<\/p>\n<p><b>\u2013 Isolert sett st\u00f8tter disse tallene opp under et mulig rentekutt i september, mener senior\u00f8konom Kyrre Aamdal i DNB Carnegie.<\/b><\/p>\n<p>Han mener det er som forventet at unders\u00f8kelsen viser omtrent samme l\u00f8nnsvekst som i forrige kvartal.<\/p>\n<p>\u2013 Vi har f\u00e5tt l\u00f8nnsstatistikk som tyder p\u00e5 at faktisk l\u00f8nnsvekst blir h\u00f8yere enn den avtalte rammen p\u00e5 4,4 prosent, men de fleste som svarer i denne unders\u00f8kelsen legger stor vekt p\u00e5 rammen, og har begrenset informasjon som kunne f\u00e5 dem til \u00e5 skifte syn, sier han.<\/p>\n<p><img decoding=\"async\" class=\"lazyload \" src=\"https:\/\/www.europesays.com\/no\/wp-content\/uploads\/2025\/08\/1755790352_742_pipe\"  data- alt=\"\"\/><\/p>\n<p>SLAPP BOMBE: Kyrre Aamdal tror l\u00f8nnsveksten er i ferd med \u00e5 stige, men tror Norges Bank vil legge vekt p\u00e5 tallene som forel\u00f8pig ikke viser dette. <strong>Foto: Are Haram<\/strong><\/p>\n<p>\u2013 Det er kanskje mer overraskende at inflasjonsforventningene ikke er endret?<\/p>\n","protected":false},"excerpt":{"rendered":"I forrige runde av Norges Banks forventningsunders\u00f8kelse ventet \u00f8konomene og partene i arbeidslivet en l\u00f8nnsvekst n\u00f8yaktig lik rammen&hellip;\n","protected":false},"author":2,"featured_media":14363,"comment_status":"","ping_status":"","sticky":false,"template":"","format":"standard","meta":{"footnotes":""},"categories":[56],"tags":[60,61,2788,2789,1345,62,30,28,29],"class_list":{"0":"post-14362","1":"post","2":"type-post","3":"status-publish","4":"format-standard","5":"has-post-thumbnail","7":"category-naeringsliv","8":"tag-business","9":"tag-economy","10":"tag-ida-wolden-bache","11":"tag-kyrre-aamdal","12":"tag-marius-gonsholt-hov","13":"tag-naeringsliv","14":"tag-no","15":"tag-norge","16":"tag-norway"},"share_on_mastodon":{"url":"","error":""},"_links":{"self":[{"href":"https:\/\/www.europesays.com\/no\/wp-json\/wp\/v2\/posts\/14362","targetHints":{"allow":["GET"]}}],"collection":[{"href":"https:\/\/www.europesays.com\/no\/wp-json\/wp\/v2\/posts"}],"about":[{"href":"https:\/\/www.europesays.com\/no\/wp-json\/wp\/v2\/types\/post"}],"author":[{"embeddable":true,"href":"https:\/\/www.europesays.com\/no\/wp-json\/wp\/v2\/users\/2"}],"replies":[{"embeddable":true,"href":"https:\/\/www.europesays.com\/no\/wp-json\/wp\/v2\/comments?post=14362"}],"version-history":[{"count":0,"href":"https:\/\/www.europesays.com\/no\/wp-json\/wp\/v2\/posts\/14362\/revisions"}],"wp:featuredmedia":[{"embeddable":true,"href":"https:\/\/www.europesays.com\/no\/wp-json\/wp\/v2\/media\/14363"}],"wp:attachment":[{"href":"https:\/\/www.europesays.com\/no\/wp-json\/wp\/v2\/media?parent=14362"}],"wp:term":[{"taxonomy":"category","embeddable":true,"href":"https:\/\/www.europesays.com\/no\/wp-json\/wp\/v2\/categories?post=14362"},{"taxonomy":"post_tag","embeddable":true,"href":"https:\/\/www.europesays.com\/no\/wp-json\/wp\/v2\/tags?post=14362"}],"curies":[{"name":"wp","href":"https:\/\/api.w.org\/{rel}","templated":true}]}}