{"id":14369,"date":"2025-08-21T15:36:08","date_gmt":"2025-08-21T15:36:08","guid":{"rendered":"https:\/\/www.europesays.com\/no\/14369\/"},"modified":"2025-08-21T15:36:08","modified_gmt":"2025-08-21T15:36:08","slug":"ragnhild-mowinckel-har-blitt-mor","status":"publish","type":"post","link":"https:\/\/www.europesays.com\/no\/14369\/","title":{"rendered":"Ragnhild Mowinckel har blitt mor"},"content":{"rendered":"\n<p class=\"_lead_1bvmi_2 _lead_xtcu6_50 layout-component text-serif-m layout-normal text-serif-l layout-component layout-wide layout-padded _wide_17hqh_1 layout-padded\">\u2013 Og s\u00e5 var vi tre, skriver den tidligere alpinisten p\u00e5 Instagram.<\/p>\n<p><img alt=\" Foto: Geir Olsen \/ NTB\" class=\"_image_qp4xg_65 layout-component layout-wide\" data-fullscreen- data-track-element-type=\"Article image fullscreen\" data-track-name=\"ImageFullscreen\" fetchpriority=\"high\" decoding=\"sync\" loading=\"eager\" height=\"4423\" itemprop=\"image\"  src=\"https:\/\/www.europesays.com\/no\/wp-content\/uploads\/2025\/08\/1da4d6ed-2e35-44d5-90f3-67f7f45cfeb7\"  style=\"object-position:0% 0%\" width=\"7002\"\/> Foto: Geir Olsen \/ NTB<\/p>\n<ul aria-hidden=\"true\" class=\"_images_1y6fe_106\">\n<li><a class=\"_link_1y6fe_111\" href=\"https:\/\/www.vg.no\/forfatter\/christian-dehlie-lokoey\" style=\"z-index:1\" title=\"Christian Dehlie Lok\u00f8y\" rel=\"nofollow noopener\" target=\"_blank\"><img alt=\"Bilde av Christian Dehlie Lok\u00f8y\" class=\"_image_1y6fe_88\" fetchpriority=\"low\" loading=\"lazy\" decoding=\"async\" itemprop=\"image\"  src=\"https:\/\/www.europesays.com\/no\/wp-content\/uploads\/2025\/08\/1755790568_909_3c6ff500-4946-4c05-8cb3-f8ec25b35214\"  width=\"480\"\/><\/a><\/li>\n<\/ul>\n<p> Oppdatert torsdag 21. august kl. 17:08     <\/p>\n<p class=\"_paragraph_1bvmi_4 _paragraph_xtcu6_10 layout-component text-serif-m layout-normal text-serif-m layout-padded\">Gratulasjonene str\u00f8mmer inn p\u00e5 Instagram-posten til Mowinckel.<\/p>\n<p class=\"_paragraph_1bvmi_4 _paragraph_xtcu6_10 layout-component text-serif-m layout-normal text-serif-m layout-padded\">\u2013 Takk til Ullev\u00e5l sykehus og f\u00f8deavdelingen for fantastisk hjelp, st\u00e5r det videre.<\/p>\n<p class=\"_paragraph_1bvmi_4 _paragraph_xtcu6_10 layout-component text-serif-m layout-normal text-serif-m layout-padded\">Mowinckel annonserte gladnyheten om at hun <a href=\"https:\/\/www.vg.no\/sport\/i\/eMoodR\/ragnhild-mowinckel-er-gravid\" data-track-element-type=\"Link\" data-track-id=\"link:eMoodR\" class=\"_link_1bvmi_39\" rel=\"nofollow noopener\" target=\"_blank\">ventet barn i april.<\/a> Det er hennes f\u00f8rste barn.<\/p>\n<p class=\"_paragraph_1bvmi_4 _paragraph_xtcu6_10 layout-component text-serif-m layout-normal text-serif-m layout-padded\">32-\u00e5ringen la opp som alpinist etter fjor\u00e5rssesongen. Hun st\u00e5r med to OL-s\u00f8lv og to VM-bronser og vant fire verdenscuprenn i karrieren.<\/p>\n","protected":false},"excerpt":{"rendered":"\u2013 Og s\u00e5 var vi tre, skriver den tidligere alpinisten p\u00e5 Instagram. Foto: Geir Olsen \/ NTB Oppdatert&hellip;\n","protected":false},"author":2,"featured_media":14370,"comment_status":"","ping_status":"","sticky":false,"template":"","format":"standard","meta":{"footnotes":""},"categories":[59],"tags":[249,30,28,29,2790,83,82],"class_list":{"0":"post-14369","1":"post","2":"type-post","3":"status-publish","4":"format-standard","5":"has-post-thumbnail","7":"category-sport","8":"tag-alpint","9":"tag-no","10":"tag-norge","11":"tag-norway","12":"tag-ragnhild-mowinckel","13":"tag-sport","14":"tag-sports"},"share_on_mastodon":{"url":"","error":""},"_links":{"self":[{"href":"https:\/\/www.europesays.com\/no\/wp-json\/wp\/v2\/posts\/14369","targetHints":{"allow":["GET"]}}],"collection":[{"href":"https:\/\/www.europesays.com\/no\/wp-json\/wp\/v2\/posts"}],"about":[{"href":"https:\/\/www.europesays.com\/no\/wp-json\/wp\/v2\/types\/post"}],"author":[{"embeddable":true,"href":"https:\/\/www.europesays.com\/no\/wp-json\/wp\/v2\/users\/2"}],"replies":[{"embeddable":true,"href":"https:\/\/www.europesays.com\/no\/wp-json\/wp\/v2\/comments?post=14369"}],"version-history":[{"count":0,"href":"https:\/\/www.europesays.com\/no\/wp-json\/wp\/v2\/posts\/14369\/revisions"}],"wp:featuredmedia":[{"embeddable":true,"href":"https:\/\/www.europesays.com\/no\/wp-json\/wp\/v2\/media\/14370"}],"wp:attachment":[{"href":"https:\/\/www.europesays.com\/no\/wp-json\/wp\/v2\/media?parent=14369"}],"wp:term":[{"taxonomy":"category","embeddable":true,"href":"https:\/\/www.europesays.com\/no\/wp-json\/wp\/v2\/categories?post=14369"},{"taxonomy":"post_tag","embeddable":true,"href":"https:\/\/www.europesays.com\/no\/wp-json\/wp\/v2\/tags?post=14369"}],"curies":[{"name":"wp","href":"https:\/\/api.w.org\/{rel}","templated":true}]}}