{"id":143877,"date":"2026-01-22T03:54:10","date_gmt":"2026-01-22T03:54:10","guid":{"rendered":"https:\/\/www.europesays.com\/no\/143877\/"},"modified":"2026-01-22T03:54:10","modified_gmt":"2026-01-22T03:54:10","slug":"jordskred-traff-campingplass-flere-barn-savnet","status":"publish","type":"post","link":"https:\/\/www.europesays.com\/no\/143877\/","title":{"rendered":"Jordskred traff campingplass \u2013 flere barn savnet"},"content":{"rendered":"\n<p class=\"_lead_o9xde_2 _lead_xtcu6_50 layout-component text-serif-m layout-normal text-serif-l layout-component layout-wide layout-padded _wide_17hqh_1 layout-padded\">Flere personer savnet etter at jord og stein traff feriested.Redningsarbeidere har h\u00f8rt stemmer i ruinene.<\/p>\n<p><img alt=\" Foto: Amy Till \/ Reuters \/ NTB\" class=\"_image_qp4xg_65 layout-component layout-wide\" data-fullscreen- data-track-element-type=\"Article image fullscreen\" data-track-name=\"ImageFullscreen\" fetchpriority=\"high\" decoding=\"sync\" loading=\"eager\" height=\"1692\" itemprop=\"image\"  src=\"https:\/\/www.europesays.com\/no\/wp-content\/uploads\/2026\/01\/a3e48590-2a60-4002-a705-9a14b9bbe465.jpeg\"  style=\"object-position:0% 0%\" width=\"949\"\/> Foto: Amy Till \/ Reuters \/ NTB<\/p>\n<ul aria-hidden=\"true\" class=\"_images_ntbth_112\">\n<li><a class=\"_link_ntbth_117\" href=\"https:\/\/www.vg.no\/forfatter\/kari-aarstad-aase\" style=\"z-index:1\" title=\"Kari Aarstad Aase\" rel=\"nofollow noopener\" target=\"_blank\"><img alt=\"Bilde av Kari Aarstad Aase\" class=\"_image_ntbth_93\" fetchpriority=\"low\" loading=\"lazy\" decoding=\"async\" itemprop=\"image\"  src=\"https:\/\/www.europesays.com\/no\/wp-content\/uploads\/2026\/01\/1769054049_419_0dbde33e-6d8e-4680-8e4f-e2a64281e2b8.jpeg\"  width=\"480\"\/><\/a><\/li>\n<\/ul>\n<p> Oppdatert torsdag 22. januar kl. 04:35     <\/p>\n<p class=\"_paragraph_o9xde_4 _paragraph_xtcu6_10 layout-component text-serif-m layout-normal text-serif-m layout-padded\">Et kraftig jordskred traff en popul\u00e6r campingplass p\u00e5 <a href=\"https:\/\/www.vg.no\/tag\/new-zealand?utm_source=vg-article&amp;utm_medium=auto-tagger&amp;utm_campaign=Rj9LBJ\" class=\"_link_o9xde_39\" rel=\"nofollow noopener\" target=\"_blank\">New Zealand<\/a> torsdag morgen. Flere personer, inkludert barn, er fortsatt savnet etter at steinmasser veltet ned over omr\u00e5det.<\/p>\n<p class=\"_paragraph_o9xde_4 _paragraph_xtcu6_10 layout-component text-serif-m layout-normal text-serif-m layout-padded\">Skredet skjedde klokken 9.30 lokal tid p\u00e5 Mount Maunganui, et popul\u00e6rt turiststed p\u00e5 nordkysten av New Zealand, melder Reuters.<\/p>\n<p class=\"_paragraph_o9xde_4 _paragraph_xtcu6_10 layout-component text-serif-m layout-normal text-serif-m layout-padded\">\u00d8yenvitnet Nix Jaques fortalte Radio NZ at hun h\u00f8rte en utrolig h\u00f8y lyd.<\/p>\n<p class=\"_paragraph_o9xde_4 _paragraph_xtcu6_10 layout-component text-serif-m layout-normal text-serif-m layout-padded\">\u2013 Jeg snudde meg og kunne se at jorden komme. Det var noen kj\u00f8ret\u00f8y som ble flyttet. Det kom ned p\u00e5 et toalettbygg \u2013 jeg tror det var noen folk i dusjene \u2013 og det flyttet en campingvogn, sa hun.<\/p>\n<p class=\"_paragraph_o9xde_4 _paragraph_xtcu6_10 layout-component text-serif-m layout-normal text-serif-m layout-padded\">Hundrevis av familier p\u00e5 stedet ble evakuert. Politiets distriktssjef Tim Anderson sa at antallet savnede er i \u00abensifrede tall\u00bb.<\/p>\n<p><img alt=\"Foto: STUFF \/ AP \/ NTB\" class=\"_image_qp4xg_65 layout-component layout-normal\" data-fullscreen- data-track-element-type=\"Article image fullscreen\" data-track-name=\"ImageFullscreen\" decoding=\"async\" loading=\"lazy\" height=\"2688\" itemprop=\"image\"  src=\"https:\/\/www.europesays.com\/no\/wp-content\/uploads\/2026\/01\/7dd67ee2-2aa1-41f5-9050-df66d70626b2.png\"  style=\"object-position:0% 0%\" width=\"4032\"\/>Foto: STUFF \/ AP \/ NTB<\/p>\n<p class=\"_paragraph_o9xde_4 _paragraph_xtcu6_10 layout-component text-serif-m layout-normal text-serif-m layout-padded\">\u2013 Det er mulig vi kan finne noen i live, sa han.<\/p>\n<p class=\"_paragraph_o9xde_4 _paragraph_xtcu6_10 layout-component text-serif-m layout-normal text-serif-m layout-padded\">Brannvesenet opplyser at redningsarbeidere har h\u00f8rt tegn til liv i ruinene, men m\u00e5tte trekke seg tilbake p\u00e5 grunn av fare for nye ras.<\/p>\n<p class=\"_paragraph_o9xde_4 _paragraph_xtcu6_10 layout-component text-serif-m layout-normal text-serif-m layout-padded\">\u2013 V\u00e5rt f\u00f8rste mannskap ankom og kunne h\u00f8re det samme. Kort tid etter trakk vi alle tilbake fra stedet p\u00e5 grunn av mulig bevegelse i skredet, sa brannsjef William Park.<\/p>\n<p class=\"_paragraph_o9xde_4 _paragraph_xtcu6_10 layout-component text-serif-m layout-normal text-serif-m layout-padded\">Pike forteller at det ikke har blitt oppdaget tegn til liv siden den f\u00f8rste kontakten.<\/p>\n<p class=\"_paragraph_o9xde_4 _paragraph_xtcu6_10 layout-component text-serif-m layout-normal text-serif-m layout-padded\">Et annet jordskred rammet et hus i n\u00e6rheten i natt. To personer kom seg ut, men to andre er savnet. Ogs\u00e5 der p\u00e5g\u00e5r redningsarbeid.<\/p>\n<p class=\"_paragraph_o9xde_4 _paragraph_xtcu6_10 layout-component text-serif-m layout-normal text-serif-m layout-padded\">Statsminister Christopher Luxon oppfordrer innbyggere i de rammede omr\u00e5dene til \u00e5 f\u00f8lge lokale myndigheters sikkerhetsr\u00e5d under de ekstreme v\u00e6rforholdene, skriver AP.<\/p>\n<p class=\"_paragraph_o9xde_4 _paragraph_xtcu6_10 layout-component text-serif-m layout-normal text-serif-m layout-padded\">\u2013 Ekstremv\u00e6r fortsetter \u00e5 skape farlige forhold p\u00e5 nord\u00f8ya. Akkurat n\u00e5 gj\u00f8r regjeringen alt vi kan for \u00e5 st\u00f8tte de som er rammet, skriver Luxon p\u00e5 sosiale medier.<\/p>\n","protected":false},"excerpt":{"rendered":"Flere personer savnet etter at jord og stein traff feriested.Redningsarbeidere har h\u00f8rt stemmer i ruinene. Foto: Amy Till&hellip;\n","protected":false},"author":2,"featured_media":143878,"comment_status":"","ping_status":"","sticky":false,"template":"","format":"standard","meta":{"footnotes":"","_share_on_mastodon":"0"},"categories":[12],"tags":[20,21,24,25,15,2075,22,23,3446,13,30,28,29,14,16,26,27,42,46,43,44,45],"class_list":["post-143877","post","type-post","status-publish","format-standard","has-post-thumbnail","category-verden","tag-breaking-news","tag-breakingnews","tag-featured-news","tag-featurednews","tag-headlines","tag-jordskred","tag-latest-news","tag-latestnews","tag-new-zealand","tag-news","tag-no","tag-norge","tag-norway","tag-nyheter","tag-overskrifter","tag-top-stories","tag-topstories","tag-verden","tag-vgai","tag-world","tag-world-news","tag-worldnews"],"share_on_mastodon":{"url":"https:\/\/pubeurope.com\/@no\/115936733661278196","error":""},"_links":{"self":[{"href":"https:\/\/www.europesays.com\/no\/wp-json\/wp\/v2\/posts\/143877","targetHints":{"allow":["GET"]}}],"collection":[{"href":"https:\/\/www.europesays.com\/no\/wp-json\/wp\/v2\/posts"}],"about":[{"href":"https:\/\/www.europesays.com\/no\/wp-json\/wp\/v2\/types\/post"}],"author":[{"embeddable":true,"href":"https:\/\/www.europesays.com\/no\/wp-json\/wp\/v2\/users\/2"}],"replies":[{"embeddable":true,"href":"https:\/\/www.europesays.com\/no\/wp-json\/wp\/v2\/comments?post=143877"}],"version-history":[{"count":0,"href":"https:\/\/www.europesays.com\/no\/wp-json\/wp\/v2\/posts\/143877\/revisions"}],"wp:featuredmedia":[{"embeddable":true,"href":"https:\/\/www.europesays.com\/no\/wp-json\/wp\/v2\/media\/143878"}],"wp:attachment":[{"href":"https:\/\/www.europesays.com\/no\/wp-json\/wp\/v2\/media?parent=143877"}],"wp:term":[{"taxonomy":"category","embeddable":true,"href":"https:\/\/www.europesays.com\/no\/wp-json\/wp\/v2\/categories?post=143877"},{"taxonomy":"post_tag","embeddable":true,"href":"https:\/\/www.europesays.com\/no\/wp-json\/wp\/v2\/tags?post=143877"}],"curies":[{"name":"wp","href":"https:\/\/api.w.org\/{rel}","templated":true}]}}