{"id":14405,"date":"2025-08-21T16:24:09","date_gmt":"2025-08-21T16:24:09","guid":{"rendered":"https:\/\/www.europesays.com\/no\/14405\/"},"modified":"2025-08-21T16:24:09","modified_gmt":"2025-08-21T16:24:09","slug":"will-smith-til-vg-det-er-sprott","status":"publish","type":"post","link":"https:\/\/www.europesays.com\/no\/14405\/","title":{"rendered":"Will Smith til VG: \u2013 Det er spr\u00f8tt"},"content":{"rendered":"\n<p class=\"_paragraph_1bvmi_4 _paragraph_xtcu6_10 layout-component text-serif-m layout-normal text-serif-m layout-padded\">\u2013 Jeg har spist noe av den beste sj\u00f8maten i verden! Ingenting er som \u00e5 spise norsk laks i Norge, sier <a href=\"https:\/\/www.vg.no\/tag\/will-smith?utm_source=vg-article&amp;utm_medium=auto-tagger&amp;utm_campaign=Gykldl\" class=\"_link_1bvmi_39\" rel=\"nofollow noopener\" target=\"_blank\">Will Smith<\/a> til VG over telefonen og ler godt. <\/p>\n<p class=\"_paragraph_1bvmi_4 _paragraph_xtcu6_10 layout-component text-serif-m layout-normal text-serif-m layout-padded\">Fredag kveld st\u00e5r Smith, en av 1990- og 2000-tallets st\u00f8rste popkulturikoner, p\u00e5 scenen under festivalen Ypsilon i Drammen. Hans f\u00f8rste konsert i Norge siden Valle Hovin i 1992.<\/p>\n<p class=\"_paragraph_1bvmi_4 _paragraph_xtcu6_10 layout-component text-serif-m layout-normal text-serif-m layout-padded\">\u2013 Det er jo helt spr\u00f8tt, erkjenner 56-\u00e5ringen. <\/p>\n<p><img alt=\"DE GAMLE ER FORTSATT ELDST: Will Smith holder koken under en opptreden i Nyon i Sveits i juli 2025.   Foto: CYRIL ZINGARO \/ EPA \/ NTB\" class=\"_image_qp4xg_65 layout-component layout-normal\" data-fullscreen- data-track-element-type=\"Article image fullscreen\" data-track-name=\"ImageFullscreen\" decoding=\"async\" loading=\"lazy\" height=\"3139\" itemprop=\"image\"  src=\"https:\/\/www.europesays.com\/no\/wp-content\/uploads\/2025\/08\/20ae8fdc-ed89-4f1c-b889-ac4405d72322\"  style=\"object-position:0% 0%\" width=\"4708\"\/>DE GAMLE ER FORTSATT ELDST: Will Smith holder koken under en opptreden i Nyon i Sveits i juli 2025.   Foto: CYRIL ZINGARO \/ EPA \/ NTB<\/p>\n<p class=\"_paragraph_1bvmi_4 _paragraph_xtcu6_10 layout-component text-serif-m layout-normal text-serif-m layout-padded\">Hollywood-stjernen gj\u00f8r egentlig ingen intervjuer p\u00e5 turneen, men har gjort et unntak for VG og Drammens Tidende. <\/p>\n<p class=\"_paragraph_1bvmi_4 _paragraph_xtcu6_10 layout-component text-serif-m layout-normal text-serif-m layout-padded\">Han har bodd p\u00e5 hotell i Oslo hele uken. Smith bestemte tidlig at Norge skulle v\u00e6re et stopp p\u00e5 touren hvor han fikk restituere seg. <\/p>\n<p class=\"_paragraph_1bvmi_4 _paragraph_xtcu6_10 layout-component text-serif-m layout-normal text-serif-m layout-padded\">\u2013 Jeg har hatt flere fridager, og det er virkelig deilig \u00e5 kunne slappe av. Det har v\u00e6rt lite tid til avkobling uten jobb. Og slik jeg har forst\u00e5tt det har det v\u00e6rt uvanlig godt v\u00e6r. Det er utrolig vakkert her, skryter superstjernen. <\/p>\n<p>Will Smith i \u00abMen in Black\u00bb.<\/p>\n<p class=\"_paragraph_1bvmi_4 _paragraph_xtcu6_10 layout-component text-serif-m layout-normal text-serif-m layout-padded\">Med gigantiske kommersielle film- og seriesuksesser som \u00abFresh Prince i Bel-Air\u00bb, \u00abBad Boys\u00bb, \u00abMen in Black\u00bb, \u00abIndependence Day\u00bb og \u00abAladdin\u00bb, er det fort gjort \u00e5 glemme at Smith ogs\u00e5 var en enorm hit som rapper. <\/p>\n<p class=\"_paragraph_1bvmi_4 _paragraph_xtcu6_10 layout-component text-serif-m layout-normal text-serif-m layout-padded\">Med slagere som \u00abMiami\u00bb, \u00abGettin\u2019 Jiggy wit It\u00bb og \u00abSummertime\u00bb har 56-\u00e5ringen en artistkarriere de fleste bare kan dr\u00f8mme om. <\/p>\n<p class=\"_paragraph_1bvmi_4 _paragraph_xtcu6_10 layout-component text-serif-m layout-normal text-serif-m layout-padded\">\u2013 De siste \u00e5tte ukene har jeg gjort noe jeg ikke har gjort p\u00e5 30 \u00e5r \u2013 dedikert hele livet mitt til \u00e5 bli en scenekunstner igjen. Det er ingenting som \u00e5 st\u00e5 foran publikum og fremf\u00f8re musikk. Filmpremierer er vel og bra, men ingenting sl\u00e5r scenen. Jeg f\u00f8ler meg som en helt ny artist i dag. <\/p>\n<p><img alt=\"DJ Jazzy Jeff (Jeff Townes) og the Fresh Prince (Will Smith) backstage i Los Angeles etter \u00e5 ha vunnet en historisk Grammy i 1989.   Foto: LENNOX MCLENDON \/ AP \/ NTB\" class=\"_image_qp4xg_65 layout-component layout-normal\" data-fullscreen- data-track-element-type=\"Article image fullscreen\" data-track-name=\"ImageFullscreen\" decoding=\"async\" loading=\"lazy\" height=\"1354\" itemprop=\"image\"  src=\"https:\/\/www.europesays.com\/no\/wp-content\/uploads\/2025\/08\/2e3629c8-e0a1-4e5d-bd00-712443f3c5ca\"  style=\"object-position:0% 0%\" width=\"1956\"\/>DJ Jazzy Jeff (Jeff Townes) og the Fresh Prince (Will Smith) backstage i Los Angeles etter \u00e5 ha vunnet en historisk Grammy i 1989.   Foto: LENNOX MCLENDON \/ AP \/ NTB<\/p>\n<p class=\"_paragraph_1bvmi_4 _paragraph_xtcu6_10 layout-component text-serif-m layout-normal text-serif-m layout-padded\">I 1989 ble han, under artistnavnet the Fresh Prince, og DJ Jazzy Jeff de f\u00f8rste noensinne til \u00e5 vinne Grammy-prisen i kategorien \u00abBest Rap Performance\u00bb for l\u00e5ten \u00abParents Just Don\u2019t Understand\u00bb. <\/p>\n<p class=\"_paragraph_1bvmi_4 _paragraph_xtcu6_10 layout-component text-serif-m layout-normal text-serif-m layout-padded\">Siden da har han gjort comeback som hiphop-artist med albumet \u00abBased on a True Story\u00bb, 20 \u00e5r etter hans forrige album \u00abLost and Found\u00bb.<\/p>\n<p class=\"_paragraph_1bvmi_4 _paragraph_xtcu6_10 layout-component text-serif-m layout-normal text-serif-m layout-padded\">\u2013 P\u00e5 hvilken m\u00e5te er du en ny artist?<\/p>\n<p class=\"_paragraph_1bvmi_4 _paragraph_xtcu6_10 layout-component text-serif-m layout-normal text-serif-m layout-padded\">\u2013 Jeg er bare en bedre entertainer n\u00e5. Jeg f\u00f8ler at Will Smith stjal musikkarrieren fra The Fresh Prince. Jeg ble filmstjerne, og musikken ble satt til side. N\u00e5 f\u00e5r the Fresh Prince sin hevn.<\/p>\n<p><img alt=\"FAVORITT-K\u00c6LL: WIll Smith tar bilder med fansen i Fredrikstad. S\u00f8nnen Jaden Smith spilte i Harald Zwarts film \u00abThe Karate Kid\u00bb  Foto: Stian Lysberg Solum \/ NTB\" class=\"_image_qp4xg_65 layout-component layout-normal\" data-fullscreen- data-track-element-type=\"Article image fullscreen\" data-track-name=\"ImageFullscreen\" decoding=\"async\" loading=\"lazy\" height=\"3744\" itemprop=\"image\"  src=\"https:\/\/www.europesays.com\/no\/wp-content\/uploads\/2025\/08\/a94f7804-e915-433e-bfae-f1146dc23920\"  style=\"object-position:0% 0%\" width=\"5616\"\/>FAVORITT-K\u00c6LL: WIll Smith tar bilder med fansen i Fredrikstad. S\u00f8nnen Jaden Smith spilte i Harald Zwarts film \u00abThe Karate Kid\u00bb  Foto: Stian Lysberg Solum \/ NTB<\/p>\n<p class=\"_paragraph_1bvmi_4 _paragraph_xtcu6_10 layout-component text-serif-m layout-normal text-serif-m layout-padded\">Konserten i Drammen blir langt mer intim enn stadionkonsertene Smith har opplevd tidligere i karrieren. Det setter han stor pris p\u00e5<\/p>\n<p class=\"_paragraph_1bvmi_4 _paragraph_xtcu6_10 layout-component text-serif-m layout-normal text-serif-m layout-padded\">\u2013 Jeg foretrekker faktisk intime scener. Jeg elsker \u00e5 kunne f\u00e5 \u00f8yekontakt med publikum. Konserten har store spektakul\u00e6re elementer, som fyrverkeri og eksplosjoner \u2013 men det viktigste er den menneskelige forbindelsen, sier han. <\/p>\n<p class=\"_paragraph_1bvmi_4 _paragraph_xtcu6_10 layout-component text-serif-m layout-normal text-serif-m layout-padded\">Smith beskriver konsertene som unike fordi fansen spenner over flere ti\u00e5r.<\/p>\n<p class=\"_paragraph_1bvmi_4 _paragraph_xtcu6_10 layout-component text-serif-m layout-normal text-serif-m layout-padded\"> \u2013\u2060\u00a0Det som overrasker meg mest, er at det er tre generasjoner i salen. Du har 65-\u00e5ringer, 35-\u00e5ringer og \u00e5tte\u00e5ringer. For noen er jeg the Fresh Prince, for andre er jeg Genie fra Aladdin, forklarer han tilfreds. <\/p>\n<p><img alt=\"FULL FRES: Slik s\u00e5 det ut da Will Smith holdt konsert i Spania i juni 2025.   Foto: Carlos Barba \/ EPA \/ NTB\" class=\"_image_qp4xg_65 layout-component layout-normal\" data-fullscreen- data-track-element-type=\"Article image fullscreen\" data-track-name=\"ImageFullscreen\" decoding=\"async\" loading=\"lazy\" height=\"1366\" itemprop=\"image\"  src=\"https:\/\/www.europesays.com\/no\/wp-content\/uploads\/2025\/08\/aa4c1b35-feff-4409-b92b-2d128275075e\"  style=\"object-position:0% 0%\" width=\"2048\"\/>FULL FRES: Slik s\u00e5 det ut da Will Smith holdt konsert i Spania i juni 2025.   Foto: Carlos Barba \/ EPA \/ NTB<\/p>\n<p class=\"_paragraph_1bvmi_4 _paragraph_xtcu6_10 layout-component text-serif-m layout-normal text-serif-m layout-padded\">\u2013 Hvis du kunne satt deg ned med ditt 20-\u00e5rige selv \u2013 rett etter \u00abParents Just Don\u2019t Understand\u00bb \u2013 hva ville du fortalt ham om livet som l\u00e5 foran ham?<\/p>\n<p class=\"_paragraph_1bvmi_4 _paragraph_xtcu6_10 layout-component text-serif-m layout-normal text-serif-m layout-padded\">For f\u00f8rste gang i samtalen blir det stille i r\u00f8ret noen sekunder. <\/p>\n<p class=\"_paragraph_1bvmi_4 _paragraph_xtcu6_10 layout-component text-serif-m layout-normal text-serif-m layout-padded\">Etter over 30 \u00e5r p\u00e5 de st\u00f8rste kulturscenene har Smith opplevd det meste. Senest i 2022 ble han bel\u00f8nnet med en Oscar for innsatsen i filmen \u00abKing Richard\u00bb, som ble overskygget av det mye omtalte <a href=\"https:\/\/www.vg.no\/rampelys\/i\/Orw5GE\/will-smith-bryter-tausheten-etter-oscar-slaget-jeg-angrer-dypt\" data-track-element-type=\"Link\" data-track-id=\"link:Orw5GE\" class=\"_link_1bvmi_39\" rel=\"nofollow noopener\" target=\"_blank\">Oscar-slaget<\/a>. <\/p>\n<p class=\"_paragraph_1bvmi_4 _paragraph_xtcu6_10 layout-component text-serif-m layout-normal text-serif-m layout-padded\">\u2013 Den 20-\u00e5ringen hadde en veldig klar \u00edde om hva han \u00f8nsket \u00e5 gj\u00f8re, s\u00e5 jeg ville nok latt ham v\u00e6re i fred. Han visste ting jeg har glemt, svarer Smith omsider.<\/p>\n<p class=\"_paragraph_1bvmi_4 _paragraph_xtcu6_10 layout-component text-serif-m layout-normal text-serif-m layout-padded\">Men noen r\u00e5d ville han gitt p\u00e5 veien. <\/p>\n<p class=\"_paragraph_1bvmi_4 _paragraph_xtcu6_10 layout-component text-serif-m layout-normal text-serif-m layout-padded\">\u2013 Jeg tror jeg ville sagt til ham at det ikke finnes noe opptur uten nedtur. Det finnes ikke h\u00f8yt uten lavt. Ikke lys uten m\u00f8rke. Du gj\u00f8r ikke noe galt bare fordi ting svinger i livet. Det er naturlige b\u00f8lger. Ikke ta det personlig.  <\/p>\n<p class=\"_paragraph_1bvmi_4 _paragraph_xtcu6_10 layout-component text-serif-m layout-normal text-serif-m layout-padded\">Den norgesaktuelle artisten g\u00e5r dypere i materien. <\/p>\n<p class=\"_paragraph_1bvmi_4 _paragraph_xtcu6_10 layout-component text-serif-m layout-normal text-serif-m layout-padded\">\u2013 Der er v\u00e5r, og du h\u00f8ster. Alt g\u00e5r din vei, og du kan ikke bomme. Alt g\u00e5r str\u00e5lende. Men s\u00e5 kommer vinteren, og du f\u00e5r ikke til en dritt! Det har ingenting med deg som person \u00e5 gj\u00f8re, men er slik livet bare er. Tidevannet kommer inn, tidevannet g\u00e5r ut. <\/p>\n<p><img alt=\"Will Smith vier all sin tid til musikken igjen. Her i kontakt med publikum under en konsert i Bern i Sveits i juli 2025.   Foto: Anthony Anex \/ AP \/ NTB\" class=\"_image_qp4xg_65 layout-component layout-normal\" data-fullscreen- data-track-element-type=\"Article image fullscreen\" data-track-name=\"ImageFullscreen\" decoding=\"async\" loading=\"lazy\" height=\"5163\" itemprop=\"image\"  src=\"https:\/\/www.europesays.com\/no\/wp-content\/uploads\/2025\/08\/52dd2504-3db9-4547-9fc2-d066db0fa7d5\"  style=\"object-position:0% 0%\" width=\"7744\"\/>Will Smith vier all sin tid til musikken igjen. Her i kontakt med publikum under en konsert i Bern i Sveits i juli 2025.   Foto: Anthony Anex \/ AP \/ NTB<\/p>\n<p class=\"_paragraph_1bvmi_4 _paragraph_xtcu6_10 layout-component text-serif-m layout-normal text-serif-m layout-padded\">P\u00e5 andre siden av refleksjonene er vi tilbake i Drammen. Smith avsl\u00f8rer noen detaljer om hva publikum kan vente seg under Ypsilon.<\/p>\n<p class=\"_paragraph_1bvmi_4 _paragraph_xtcu6_10 layout-component text-serif-m layout-normal text-serif-m layout-padded\">\u2013 Vi har en utrolig g\u00f8y del med kjenningsl\u00e5ten til \u00abFresh Prince i Bel-Air\u00bb \u2013 full av energi og glede. Det er helt vanvittig \u00e5 h\u00f8re publikum n\u00e5r de f\u00f8rste tonene av den sangen spilles.<\/p>\n<p class=\"_paragraph_1bvmi_4 _paragraph_xtcu6_10 layout-component text-serif-m layout-normal text-serif-m layout-padded\">Rapperen lover ogs\u00e5 at det blir roligere \u00f8yeblikk. De tar seg eksempelvis tid til \u00e5 hedre James Avery, som spilte onkel Phil i \u00abFresh Prince i Bel-Air\u00bb, som gikk bort i 2013. <\/p>\n<p class=\"_paragraph_1bvmi_4 _paragraph_xtcu6_10 layout-component text-serif-m layout-normal text-serif-m layout-padded\">\u2013 Han var som en far for en hel generasjon. Du kommer til \u00e5 g\u00e5 derfra med et smil om munnen og en varm f\u00f8lelse i hjertet, lover Smith.<\/p>\n<p><img alt=\"NORGESVENN: Will Smith og Jada Pinkett Smith og barna Willow Smith og Jaden Smith ledet Nobels fredspriskonsert 2009 i Oslo Spektrum.  Foto: Lise \u00c5serud \/ NTB\" class=\"_image_qp4xg_65 layout-component layout-normal\" data-fullscreen- data-track-element-type=\"Article image fullscreen\" data-track-name=\"ImageFullscreen\" decoding=\"async\" loading=\"lazy\" height=\"2397\" itemprop=\"image\"  src=\"https:\/\/www.europesays.com\/no\/wp-content\/uploads\/2025\/08\/2e344efb-d266-499a-842e-943e48e1f385\"  style=\"object-position:0% 0%\" width=\"3246\"\/>NORGESVENN: Will Smith og Jada Pinkett Smith og barna Willow Smith og Jaden Smith ledet Nobels fredspriskonsert 2009 i Oslo Spektrum.  Foto: Lise \u00c5serud \/ NTB    <\/p>\n","protected":false},"excerpt":{"rendered":"\u2013 Jeg har spist noe av den beste sj\u00f8maten i verden! Ingenting er som \u00e5 spise norsk laks&hellip;\n","protected":false},"author":2,"featured_media":14406,"comment_status":"","ping_status":"","sticky":false,"template":"","format":"standard","meta":{"footnotes":""},"categories":[58],"tags":[427,71,155,221,30,28,29,72,1051],"class_list":{"0":"post-14405","1":"post","2":"type-post","3":"status-publish","4":"format-standard","5":"has-post-thumbnail","7":"category-underholdning","8":"tag-drammen","9":"tag-entertainment","10":"tag-konsert","11":"tag-musikk","12":"tag-no","13":"tag-norge","14":"tag-norway","15":"tag-underholdning","16":"tag-will-smith"},"share_on_mastodon":{"url":"","error":""},"_links":{"self":[{"href":"https:\/\/www.europesays.com\/no\/wp-json\/wp\/v2\/posts\/14405","targetHints":{"allow":["GET"]}}],"collection":[{"href":"https:\/\/www.europesays.com\/no\/wp-json\/wp\/v2\/posts"}],"about":[{"href":"https:\/\/www.europesays.com\/no\/wp-json\/wp\/v2\/types\/post"}],"author":[{"embeddable":true,"href":"https:\/\/www.europesays.com\/no\/wp-json\/wp\/v2\/users\/2"}],"replies":[{"embeddable":true,"href":"https:\/\/www.europesays.com\/no\/wp-json\/wp\/v2\/comments?post=14405"}],"version-history":[{"count":0,"href":"https:\/\/www.europesays.com\/no\/wp-json\/wp\/v2\/posts\/14405\/revisions"}],"wp:featuredmedia":[{"embeddable":true,"href":"https:\/\/www.europesays.com\/no\/wp-json\/wp\/v2\/media\/14406"}],"wp:attachment":[{"href":"https:\/\/www.europesays.com\/no\/wp-json\/wp\/v2\/media?parent=14405"}],"wp:term":[{"taxonomy":"category","embeddable":true,"href":"https:\/\/www.europesays.com\/no\/wp-json\/wp\/v2\/categories?post=14405"},{"taxonomy":"post_tag","embeddable":true,"href":"https:\/\/www.europesays.com\/no\/wp-json\/wp\/v2\/tags?post=14405"}],"curies":[{"name":"wp","href":"https:\/\/api.w.org\/{rel}","templated":true}]}}