{"id":14450,"date":"2025-08-21T17:28:09","date_gmt":"2025-08-21T17:28:09","guid":{"rendered":"https:\/\/www.europesays.com\/no\/14450\/"},"modified":"2025-08-21T17:28:09","modified_gmt":"2025-08-21T17:28:09","slug":"millie-bobby-brown-har-blitt-mamma","status":"publish","type":"post","link":"https:\/\/www.europesays.com\/no\/14450\/","title":{"rendered":"Millie Bobby Brown har blitt mamma"},"content":{"rendered":"\n<p class=\"_lead_1bvmi_2 _lead_xtcu6_50 layout-component text-serif-m layout-normal text-serif-l layout-component layout-wide layout-padded _wide_17hqh_1 layout-padded\">\u00abStranger Things\u00bb-stjernen har blitt mor til en liten jente via adopsjon for f\u00f8rste gang.<\/p>\n<p><img alt=\"GIFT: Paret giftet seg i en hemmelig seremoni i Italia i 2024. Foto: LISA O'CONNOR \/ AFP \/ NTB\" class=\"_image_qp4xg_65 layout-component layout-wide\" data-fullscreen- data-track-element-type=\"Article image fullscreen\" data-track-name=\"ImageFullscreen\" fetchpriority=\"high\" decoding=\"sync\" loading=\"eager\" height=\"4200\" itemprop=\"image\"  src=\"https:\/\/www.europesays.com\/no\/wp-content\/uploads\/2025\/08\/911fd8c0-96ab-4f93-944d-360bee1a6e65\"  style=\"object-position:0% 0%\" width=\"2800\"\/>GIFT: Paret giftet seg i en hemmelig seremoni i Italia i 2024. Foto: LISA O&#8217;CONNOR \/ AFP \/ NTB<\/p>\n<ul aria-hidden=\"true\" class=\"_images_1y6fe_106\">\n<li><a class=\"_link_1y6fe_111\" href=\"https:\/\/www.vg.no\/forfatter\/elise-kvien\" style=\"z-index:1\" title=\"Elise Kvien\" rel=\"nofollow noopener\" target=\"_blank\"><img alt=\"Bilde av Elise Kvien\" class=\"_image_1y6fe_88\" fetchpriority=\"low\" loading=\"lazy\" decoding=\"async\" itemprop=\"image\"  src=\"https:\/\/www.europesays.com\/no\/wp-content\/uploads\/2025\/08\/1755797288_710_e9d71b6f-2a15-4dd1-85be-ea8fb873046c\"  width=\"480\"\/><\/a><\/li>\n<\/ul>\n<p> Oppdatert torsdag 21. august kl. 18:58     <\/p>\n<p class=\"_paragraph_1bvmi_4 _paragraph_xtcu6_10 layout-component text-serif-m layout-normal text-serif-m layout-padded\">Hun og ektemannen hennes Jake Bongiovi har adoptert et barn, skriver de p\u00e5 Instagram.<\/p>\n<p class=\"_paragraph_1bvmi_4 _paragraph_xtcu6_10 layout-component text-serif-m layout-normal text-serif-m layout-padded\">\u2013 Vi er utrolig spente p\u00e5 \u00e5 ta fatt p\u00e5 dette vakre neste kapittelet av foreldrerollen i b\u00e5de fred og ro, skriver hun.<\/p>\n<p class=\"_paragraph_1bvmi_4 _paragraph_xtcu6_10 layout-component text-serif-m layout-normal text-serif-m layout-padded\">Paret har v\u00e6rt sammen siden 2021 og giftet seg i 2024.<\/p>\n<p class=\"_paragraph_1bvmi_4 _paragraph_xtcu6_10 layout-component text-serif-m layout-normal text-serif-m layout-padded\">Da de giftet seg, <a href=\"https:\/\/www.vg.no\/rampelys\/i\/lwkaQ7\/derfor-giftet-hollywood-stjernen-millie-bobby-brown-seg-ung-alt-falt-paa-plass\" data-track-element-type=\"Link\" data-track-id=\"link:lwkaQ7\" class=\"_link_1bvmi_39\" rel=\"nofollow noopener\" target=\"_blank\">uttalte hun<\/a> at \u00abhun aldri var i tvil om at Bongiovi var rett for henne\u00bb. <\/p>\n<p class=\"_paragraph_1bvmi_4 _paragraph_xtcu6_10 layout-component text-serif-m layout-normal text-serif-m layout-padded\">Bongiovi er s\u00f8nn av rockestjernen Jon Bon Jovi. <\/p>\n<p>\u00c5pen om familieplaner<\/p>\n<p class=\"_paragraph_1bvmi_4 _paragraph_xtcu6_10 layout-component text-serif-m layout-normal text-serif-m layout-padded\">I mars \u00e5pnet skuespilleren opp om familieplanene sine i podkasten \u00abSmartless\u00bb, skriver <a href=\"https:\/\/people.com\/millie-bobby-brown-and-husband-jake-bongiovi-welcome-first-baby-together-8731794\" class=\"_link_1bvmi_39\" rel=\"nofollow noopener\" target=\"_blank\">People<\/a>. Hun sa at hun alltid har \u00f8nsket \u00e5 bli mor, akkurat som sin egen mor som fikk sitt f\u00f8rste barn som 21-\u00e5ring.<\/p>\n<p class=\"_paragraph_1bvmi_4 _paragraph_xtcu6_10 layout-component text-serif-m layout-normal text-serif-m layout-padded\">\u2013 Siden jeg var liten har jeg fortalt mamma mi at jeg ville v\u00e6re mor, akkurat som hun var for meg, sa Brown.<\/p>\n<p class=\"_paragraph_1bvmi_4 _paragraph_xtcu6_10 layout-component text-serif-m layout-normal text-serif-m layout-padded\">Hun fortalte ogs\u00e5 at hun ikke ser noen forskjell p\u00e5 \u00e5 f\u00e5 egne barn eller \u00e5 adoptere.<\/p>\n<p class=\"_paragraph_1bvmi_4 _paragraph_xtcu6_10 layout-component text-serif-m layout-normal text-serif-m layout-padded\">\u2013 For meg ser jeg ikke p\u00e5 det \u00e5 f\u00e5 ditt eget barn som noe annerledes enn \u00e5 adoptere, sa hun.<\/p>\n<p>Ble verdenskjent <\/p>\n<p class=\"_paragraph_1bvmi_4 _paragraph_xtcu6_10 layout-component text-serif-m layout-normal text-serif-m layout-padded\">Brown ble verdenskjent da hun hadde hovedrollen som \u00abEleven\u00bb i Netflix-serien \u00abStranger Things\u00bb.<\/p>\n<p class=\"_paragraph_1bvmi_4 _paragraph_xtcu6_10 layout-component text-serif-m layout-normal text-serif-m layout-padded\">Serien startet p\u00e5 Netflix i 2016 og har fem sesonger. Sesong fem er den siste i serien, og har premiere i november i \u00e5r.<\/p>\n<p><img alt=\"Foto: Evan Agostini \/ AP \/ NTB\" class=\"_image_qp4xg_65 layout-component layout-normal\" data-fullscreen- data-track-element-type=\"Article image fullscreen\" data-track-name=\"ImageFullscreen\" decoding=\"async\" loading=\"lazy\" height=\"2037\" itemprop=\"image\"  src=\"https:\/\/www.europesays.com\/no\/wp-content\/uploads\/2025\/08\/83f5dd72-8f33-4103-95d8-0ef3a3e14ed0\"  style=\"object-position:0% 0%\" width=\"3000\"\/>Foto: Evan Agostini \/ AP \/ NTB    <\/p>\n","protected":false},"excerpt":{"rendered":"\u00abStranger Things\u00bb-stjernen har blitt mor til en liten jente via adopsjon for f\u00f8rste gang. GIFT: Paret giftet seg&hellip;\n","protected":false},"author":2,"featured_media":14451,"comment_status":"","ping_status":"","sticky":false,"template":"","format":"standard","meta":{"footnotes":""},"categories":[58],"tags":[31,71,2794,30,28,29,2795,72],"class_list":{"0":"post-14450","1":"post","2":"type-post","3":"status-publish","4":"format-standard","5":"has-post-thumbnail","7":"category-underholdning","8":"tag-breaking","9":"tag-entertainment","10":"tag-millie-bobby-brown","11":"tag-no","12":"tag-norge","13":"tag-norway","14":"tag-stranger-things","15":"tag-underholdning"},"share_on_mastodon":{"url":"","error":""},"_links":{"self":[{"href":"https:\/\/www.europesays.com\/no\/wp-json\/wp\/v2\/posts\/14450","targetHints":{"allow":["GET"]}}],"collection":[{"href":"https:\/\/www.europesays.com\/no\/wp-json\/wp\/v2\/posts"}],"about":[{"href":"https:\/\/www.europesays.com\/no\/wp-json\/wp\/v2\/types\/post"}],"author":[{"embeddable":true,"href":"https:\/\/www.europesays.com\/no\/wp-json\/wp\/v2\/users\/2"}],"replies":[{"embeddable":true,"href":"https:\/\/www.europesays.com\/no\/wp-json\/wp\/v2\/comments?post=14450"}],"version-history":[{"count":0,"href":"https:\/\/www.europesays.com\/no\/wp-json\/wp\/v2\/posts\/14450\/revisions"}],"wp:featuredmedia":[{"embeddable":true,"href":"https:\/\/www.europesays.com\/no\/wp-json\/wp\/v2\/media\/14451"}],"wp:attachment":[{"href":"https:\/\/www.europesays.com\/no\/wp-json\/wp\/v2\/media?parent=14450"}],"wp:term":[{"taxonomy":"category","embeddable":true,"href":"https:\/\/www.europesays.com\/no\/wp-json\/wp\/v2\/categories?post=14450"},{"taxonomy":"post_tag","embeddable":true,"href":"https:\/\/www.europesays.com\/no\/wp-json\/wp\/v2\/tags?post=14450"}],"curies":[{"name":"wp","href":"https:\/\/api.w.org\/{rel}","templated":true}]}}